{"id":13611,"date":"2021-03-30T13:03:48","date_gmt":"2021-03-30T16:03:48","guid":{"rendered":"https:\/\/abrelivros.org.br\/site\/?p=13611"},"modified":"2021-03-30T13:03:48","modified_gmt":"2021-03-30T16:03:48","slug":"pesquisadora-diz-que-brasil-esta-longe-de-volta-segura-as-aulas","status":"publish","type":"post","link":"https:\/\/abrelivros.org.br\/site\/pesquisadora-diz-que-brasil-esta-longe-de-volta-segura-as-aulas\/","title":{"rendered":"Pesquisadora diz que Brasil est\u00e1 longe de volta segura \u00e0s aulas"},"content":{"rendered":"<p>Estudos cient\u00edficos recentes apontam que as crian\u00e7as t\u00eam uma carga viral de coronav\u00edrus semelhante \u00e0 dos adultos e que lockdown com escolas fechadas \u00e9 o meio mais eficiente de conter o avan\u00e7o da pandemia.<!--more--> Os dados foram apresentados aos parlamentares da Comiss\u00e3o de Educa\u00e7\u00e3o da C\u00e2mara nesta segunda-feira (29) pela coordenadora do Laborat\u00f3rio de Epidemiologia da Universidade Federal do Esp\u00edrito Santo, Ethel Maciel.<\/p>\n<p>Ethel disse que a revista Science publicou estudo que analisou a resposta de 41 pa\u00edses \u00e0 pandemia. O estudo afirma que o lockdown com escolas fechadas ou salas com menos de 10 pessoas foram as medidas mais eficientes para deter a Covid-19.<\/p>\n<p>Inqu\u00e9rito sorol\u00f3gico feito no Esp\u00edrito Santo com 1.693 crian\u00e7as e jovens de at\u00e9 22 anos mostrou que a incid\u00eancia do v\u00edrus nesta amostra aleat\u00f3ria foi de 6%, pouco menor que a verificada em adultos, de 9%. Ainda de acordo com o levantamento, 35,3% dos estudantes estavam assintom\u00e1ticos. E os sintomas de maior relev\u00e2ncia foram a tosse e a perda de olfato. Ou seja, a medi\u00e7\u00e3o da temperatura n\u00e3o se mostra uma barreira eficaz porque apenas 26% tinham este sintoma.<\/p>\n<p>Para Ethel Maciel, os estudos mostram que a medida mais eficaz \u00e9 o distanciamento f\u00edsico seguido de barreiras t\u00e9cnicas como filtros de ar.<\/p>\n<p>`A gente precisa mensurar o CO2 desta sala. Porque pode ser que numa sala eu possa colocar 30 e em outra eu n\u00e3o posso colocar nem 10. Isso varia dependendo da ventila\u00e7\u00e3o e do tamanho da sala`, afirmou.<\/p>\n<p><strong>Alto \u00edndice de transmiss\u00e3o<\/strong><\/p>\n<p>A especialista reconhece, por\u00e9m, que o pa\u00eds n\u00e3o investiu nessa tecnologia, apostando mais em medidas que viriam depois na escala de preven\u00e7\u00e3o, como os protocolos de seguran\u00e7a e os equipamentos de prote\u00e7\u00e3o individuais. Ethel apontou que o pa\u00eds est\u00e1 longe de uma volta segura \u00e0s aulas de acordo com crit\u00e9rios divulgados pela pr\u00f3pria Fiocruz. Um deles \u00e9 o \u00edndice de transmiss\u00e3o de at\u00e9 0,5 &#8212; ou seja, cada 100 infectados transmitindo para menos de 50 outras pessoas. Hoje esse \u00edndice \u00e9 maior que 1. V\u00e1rios pa\u00edses europeus tamb\u00e9m estariam fazendo testes peri\u00f3dicos em trabalhadores e estudantes de ensino m\u00e9dio.<\/p>\n<p><strong>Protocolos de seguran\u00e7a<\/strong><\/p>\n<p>Paulino Pereira, diretor da Confedera\u00e7\u00e3o Nacional dos Estabelecimentos de Ensino, disse que, no Maranh\u00e3o, onde trabalha, as aulas presenciais foram retomadas em agosto de 2020 e interrompidas em mar\u00e7o por duas semanas. Segundo ele, est\u00e3o sendo seguidos r\u00edgidos protocolos de seguran\u00e7a. O deputado General Peternelli (PSL-SP) acredita que este \u00e9 um caminho vi\u00e1vel.<\/p>\n<p>`Eu vejo que algumas escolas particulares est\u00e3o voltando \u00e0s aulas e as p\u00fablicas, n\u00e3o. E v\u00e3o fazer o mesmo Enem. N\u00f3s n\u00e3o estamos dando para a escola p\u00fablica a prioridade que essas crian\u00e7as merecem nessas nossas atividades`, lamentou Peternelli.<\/p>\n<p><strong>Cr\u00edticas ao governo<\/strong><\/p>\n<p>Mas o presidente da Confedera\u00e7\u00e3o Nacional dos Trabalhadores em Educa\u00e7\u00e3o, Heleno Ara\u00fajo, culpa o governo pelo descontrole da situa\u00e7\u00e3o e n\u00e3o acredita que \u00e9 seguro voltar agora.<\/p>\n<p>`O momento est\u00e1 dif\u00edcil e complicado para cada um de n\u00f3s. Estamos perdendo colegas professores, funcion\u00e1rios da Educa\u00e7\u00e3o, dirigentes sindicais, por conta dessa imposi\u00e7\u00e3o de retorno \u00e0s atividades presenciais sem a seguran\u00e7a necess\u00e1ria.`<\/p>\n<p>Ara\u00fajo criticou o veto do presidente Jair Bolsonaro ao projeto de lei que garantia acesso \u00e0 internet aos alunos e professores das escolas p\u00fablicas (PL 3.477\/20).<\/p>\n<p><strong>Falta priorizar educa\u00e7\u00e3o<\/strong><\/p>\n<p>Para o deputado Danilo Cabral (PSB-PE), o governo n\u00e3o prioriza a Educa\u00e7\u00e3o. `Quando a gente v\u00ea um Or\u00e7amento aprovado com recursos para investimentos em For\u00e7as Armadas duas vezes mais que para a Sa\u00fade e Educa\u00e7\u00e3o neste momento da pandemia, esse dado mostra que temos governo que n\u00e3o prioriza a pauta`, apontou.<\/p>\n","protected":false},"excerpt":{"rendered":"<p>Estudos cient\u00edficos recentes apontam que as crian\u00e7as t\u00eam uma carga viral de coronav\u00edrus semelhante \u00e0 dos adultos e que lockdown com escolas fechadas \u00e9 o meio mais eficiente de conter o avan\u00e7o da pandemia.<\/p>\n","protected":false},"author":4,"featured_media":0,"comment_status":"closed","ping_status":"closed","sticky":false,"template":"","format":"standard","meta":{"footnotes":"","_links_to":"","_links_to_target":""},"categories":[9],"tags":[],"class_list":["post-13611","post","type-post","status-publish","format-standard","hentry","category-noticias-da-imprensa"],"yoast_head":"<!-- This site is optimized with the Yoast SEO plugin v15.1 - https:\/\/yoast.com\/wordpress\/plugins\/seo\/ -->\n<title>Pesquisadora diz que Brasil est\u00e1 longe de volta segura \u00e0s aulas &raquo; Abrelivros<\/title>\n<meta name=\"robots\" content=\"index, follow, max-snippet:-1, max-image-preview:large, max-video-preview:-1\" \/>\n<link rel=\"canonical\" href=\"https:\/\/abrelivros.org.br\/site\/pesquisadora-diz-que-brasil-esta-longe-de-volta-segura-as-aulas\/\" \/>\n<meta property=\"og:locale\" content=\"pt_BR\" \/>\n<meta property=\"og:type\" content=\"article\" \/>\n<meta property=\"og:title\" content=\"Pesquisadora diz que Brasil est\u00e1 longe de volta segura \u00e0s aulas &raquo; Abrelivros\" \/>\n<meta property=\"og:description\" content=\"Estudos cient\u00edficos recentes apontam que as crian\u00e7as t\u00eam uma carga viral de coronav\u00edrus semelhante \u00e0 dos adultos e que lockdown com escolas fechadas \u00e9 o meio mais eficiente de conter o avan\u00e7o da pandemia.\" \/>\n<meta property=\"og:url\" content=\"https:\/\/abrelivros.org.br\/site\/pesquisadora-diz-que-brasil-esta-longe-de-volta-segura-as-aulas\/\" \/>\n<meta property=\"og:site_name\" content=\"Abrelivros\" \/>\n<meta property=\"article:published_time\" content=\"2021-03-30T16:03:48+00:00\" \/>\n<meta name=\"twitter:card\" content=\"summary_large_image\" \/>\n<script type=\"application\/ld+json\" class=\"yoast-schema-graph\">{\"@context\":\"https:\/\/schema.org\",\"@graph\":[{\"@type\":\"WebSite\",\"@id\":\"https:\/\/abrelivros.org.br\/site\/#website\",\"url\":\"https:\/\/abrelivros.org.br\/site\/\",\"name\":\"Abrelivros\",\"description\":\"\",\"potentialAction\":[{\"@type\":\"SearchAction\",\"target\":\"https:\/\/abrelivros.org.br\/site\/?s={search_term_string}\",\"query-input\":\"required name=search_term_string\"}],\"inLanguage\":\"pt-BR\"},{\"@type\":\"WebPage\",\"@id\":\"https:\/\/abrelivros.org.br\/site\/pesquisadora-diz-que-brasil-esta-longe-de-volta-segura-as-aulas\/#webpage\",\"url\":\"https:\/\/abrelivros.org.br\/site\/pesquisadora-diz-que-brasil-esta-longe-de-volta-segura-as-aulas\/\",\"name\":\"Pesquisadora diz que Brasil est\\u00e1 longe de volta segura \\u00e0s aulas &raquo; Abrelivros\",\"isPartOf\":{\"@id\":\"https:\/\/abrelivros.org.br\/site\/#website\"},\"datePublished\":\"2021-03-30T16:03:48+00:00\",\"dateModified\":\"2021-03-30T16:03:48+00:00\",\"author\":{\"@id\":\"https:\/\/abrelivros.org.br\/site\/#\/schema\/person\/65db80e26409802ce15ac5feec6a15fd\"},\"breadcrumb\":{\"@id\":\"https:\/\/abrelivros.org.br\/site\/pesquisadora-diz-que-brasil-esta-longe-de-volta-segura-as-aulas\/#breadcrumb\"},\"inLanguage\":\"pt-BR\",\"potentialAction\":[{\"@type\":\"ReadAction\",\"target\":[\"https:\/\/abrelivros.org.br\/site\/pesquisadora-diz-que-brasil-esta-longe-de-volta-segura-as-aulas\/\"]}]},{\"@type\":\"BreadcrumbList\",\"@id\":\"https:\/\/abrelivros.org.br\/site\/pesquisadora-diz-que-brasil-esta-longe-de-volta-segura-as-aulas\/#breadcrumb\",\"itemListElement\":[{\"@type\":\"ListItem\",\"position\":1,\"item\":{\"@type\":\"WebPage\",\"@id\":\"https:\/\/abrelivros.org.br\/site\/\",\"url\":\"https:\/\/abrelivros.org.br\/site\/\",\"name\":\"In\\u00edcio\"}},{\"@type\":\"ListItem\",\"position\":2,\"item\":{\"@type\":\"WebPage\",\"@id\":\"https:\/\/abrelivros.org.br\/site\/category\/noticias\/\",\"url\":\"https:\/\/abrelivros.org.br\/site\/category\/noticias\/\",\"name\":\"Not\\u00edcias\"}},{\"@type\":\"ListItem\",\"position\":3,\"item\":{\"@type\":\"WebPage\",\"@id\":\"https:\/\/abrelivros.org.br\/site\/category\/noticias\/noticias-da-imprensa\/\",\"url\":\"https:\/\/abrelivros.org.br\/site\/category\/noticias\/noticias-da-imprensa\/\",\"name\":\"Not\\u00edcias da imprensa\"}},{\"@type\":\"ListItem\",\"position\":4,\"item\":{\"@type\":\"WebPage\",\"@id\":\"https:\/\/abrelivros.org.br\/site\/pesquisadora-diz-que-brasil-esta-longe-de-volta-segura-as-aulas\/\",\"url\":\"https:\/\/abrelivros.org.br\/site\/pesquisadora-diz-que-brasil-esta-longe-de-volta-segura-as-aulas\/\",\"name\":\"Pesquisadora diz que Brasil est\\u00e1 longe de volta segura \\u00e0s aulas\"}}]},{\"@type\":\"Person\",\"@id\":\"https:\/\/abrelivros.org.br\/site\/#\/schema\/person\/65db80e26409802ce15ac5feec6a15fd\",\"name\":\"Reda\\u00e7\\u00e3o Abrelivros\",\"image\":{\"@type\":\"ImageObject\",\"@id\":\"https:\/\/abrelivros.org.br\/site\/#personlogo\",\"inLanguage\":\"pt-BR\",\"url\":\"https:\/\/secure.gravatar.com\/avatar\/c4e57f9c7e3482965bd428192061218520756c39080b1d1820b679fa5e9af192?s=96&d=mm&r=g\",\"caption\":\"Reda\\u00e7\\u00e3o Abrelivros\"}}]}<\/script>\n<!-- \/ Yoast SEO plugin. -->","_links":{"self":[{"href":"https:\/\/abrelivros.org.br\/site\/wp-json\/wp\/v2\/posts\/13611","targetHints":{"allow":["GET"]}}],"collection":[{"href":"https:\/\/abrelivros.org.br\/site\/wp-json\/wp\/v2\/posts"}],"about":[{"href":"https:\/\/abrelivros.org.br\/site\/wp-json\/wp\/v2\/types\/post"}],"author":[{"embeddable":true,"href":"https:\/\/abrelivros.org.br\/site\/wp-json\/wp\/v2\/users\/4"}],"replies":[{"embeddable":true,"href":"https:\/\/abrelivros.org.br\/site\/wp-json\/wp\/v2\/comments?post=13611"}],"version-history":[{"count":1,"href":"https:\/\/abrelivros.org.br\/site\/wp-json\/wp\/v2\/posts\/13611\/revisions"}],"predecessor-version":[{"id":13612,"href":"https:\/\/abrelivros.org.br\/site\/wp-json\/wp\/v2\/posts\/13611\/revisions\/13612"}],"wp:attachment":[{"href":"https:\/\/abrelivros.org.br\/site\/wp-json\/wp\/v2\/media?parent=13611"}],"wp:term":[{"taxonomy":"category","embeddable":true,"href":"https:\/\/abrelivros.org.br\/site\/wp-json\/wp\/v2\/categories?post=13611"},{"taxonomy":"post_tag","embeddable":true,"href":"https:\/\/abrelivros.org.br\/site\/wp-json\/wp\/v2\/tags?post=13611"}],"curies":[{"name":"wp","href":"https:\/\/api.w.org\/{rel}","templated":true}]}}