{"id":13609,"date":"2021-03-30T13:01:11","date_gmt":"2021-03-30T16:01:11","guid":{"rendered":"https:\/\/abrelivros.org.br\/site\/?p=13609"},"modified":"2021-03-30T13:01:11","modified_gmt":"2021-03-30T16:01:11","slug":"mec-celebra-5-anos-do-marco-legal-da-primeira-infancia-e-promove-lancamento-de-4-livros-ineditos-do-programa-conta-pra-mim","status":"publish","type":"post","link":"https:\/\/abrelivros.org.br\/site\/mec-celebra-5-anos-do-marco-legal-da-primeira-infancia-e-promove-lancamento-de-4-livros-ineditos-do-programa-conta-pra-mim\/","title":{"rendered":"MEC celebra 5 anos do Marco Legal da Primeira Inf\u00e2ncia e promove lan\u00e7amento de 4 livros in\u00e9ditos do Programa Conta pra Mim"},"content":{"rendered":"<p>O Minist\u00e9rio da Educa\u00e7\u00e3o (MEC), por meio da Secretaria de Alfabetiza\u00e7\u00e3o (Sealf), comemorou, nesta segunda-feira (29), os 5 anos do Marco Legal da Primeira Inf\u00e2ncia (<a href=\"http:\/\/www.planalto.gov.br\/ccivil_03\/_Ato2015-2018\/2016\/Lei\/L13257.htm\" target=\"_blank\" rel=\"noopener noreferrer\">Lei n\u00ba 13.257<\/a>). Durante o evento, que foi online, houve o lan\u00e7amento de mais 4 obras in\u00e9ditas do Programa <a href=\"http:\/\/alfabetizacao.mec.gov.br\/contapramim#literacia_familiar\" target=\"_blank\" rel=\"noopener noreferrer\">Conta pra Mim<\/a>, que tem como objetivo a ampla promo\u00e7\u00e3o da Literacia Familiar.<!--more--> Afinal, a aprendizagem da linguagem oral, da leitura e da escrita come\u00e7a em casa, na conviv\u00eancia entre pais e filhos.<\/p>\n<p>Os livros foram lan\u00e7ados em tr\u00eas vers\u00f5es: uma para ler digitalmente, outra para impress\u00e3o e a terceira em preto e branco, para colorir. As obras fazem parte da S\u00e9rie Biografias e contam hist\u00f3rias das vidas de Anna Nery, Irm\u00e3os Rebou\u00e7as, Padre Landell e Carlos Chagas.<\/p>\n<p>Seguindo os rumos apontados pela Pol\u00edtica Nacional de Alfabetiza\u00e7\u00e3o (PNA), e em tempos de pandemia, o programa Conta pra Mim teve de ser adaptado e foram desenvolvidos materiais online gratuitos voltados \u00e0 incentivar e orientar pais, familiares e demais interessados a aplicarem, com as crian\u00e7as, pr\u00e1ticas e experi\u00eancias relacionadas \u00e0 linguagem, \u00e0 leitura e \u00e0 escrita.<\/p>\n<p><strong>Sobre a Cole\u00e7\u00e3o e a S\u00e9rie Biografias:<\/strong><\/p>\n<p>Os quatro volumes da s\u00e9rie Biografias se soma aos outros quarenta t\u00edtulos da Cole\u00e7\u00e3o Conta pra Mim, e todos j\u00e1 est\u00e3o dispon\u00edveis no site do programa: <a href=\"http:\/\/alfabetizacao.mec.gov.br\/contapramim#literacia_familiar\">alfabetiza\u00e7\u00e3o.mec.gov.br\/contapramim<\/a>. Segundo a apresenta\u00e7\u00e3o da s\u00e9rie, \u201ca influ\u00eancia mais nobre e duradoura sobre as crian\u00e7as e\u0301 o exemplo dos feitos heroicos, dos sacrif\u00edcios altru\u00edsticos, das vit\u00f3rias e ren\u00fancias em benef\u00edcio da p\u00e1tria e da humanidade. A Serie Biografias rememora esses belos exemplos, al\u00e9m de ser um convite para que os leitores imitem e se inspirem novas a\u00e7\u00f5es. Em cinco s\u00e9culos, o Brasil tem grandes hist\u00f3rias. O leitor encontrara\u0301 nas p\u00e1ginas pioneiros na sa\u00fade, na tecnologia, na engenharia.\u201d<\/p>\n<p><strong>Marco Legal da Primeira Inf\u00e2ncia<\/strong><\/p>\n<p>O futuro de uma crian\u00e7a come\u00e7a a ser desenhado no ambiente familiar, principalmente ao longo da primeira inf\u00e2ncia. O direito ao brincar, ao cuidado de profissionais qualificados em primeira inf\u00e2ncia, a ter m\u00e3e, pai ou cuidador em casa nos primeiros meses de vida e a ser prioridade nas pol\u00edticas p\u00fablicas, s\u00e3o apenas algumas das garantias asseguradas pelo Marco Legal da Primeira Inf\u00e2ncia.<\/p>\n<p>A legisla\u00e7\u00e3o, que completou cinco anos no dia 8 de mar\u00e7o, \u00e9 resultado de um amplo processo participativo que reuniu sociedade civil, governo, especialistas, universidades e diversos outros atores. Dentre as propostas do Marco Legal, destacam-se:<\/p>\n<p>&#8211; Garantir \u00e0s crian\u00e7as o direito de brincar;<\/p>\n<p>&#8211; Priorizar a qualifica\u00e7\u00e3o dos profissionais sobre as especificidades da primeira inf\u00e2ncia;<\/p>\n<p>&#8211; Refor\u00e7ar a import\u00e2ncia do atendimento domiciliar, especialmente em condi\u00e7\u00f5es de vulnerabilidade;<\/p>\n<p>&#8211; Ampliar a licen\u00e7a-paternidade para 20 dias nas empresas que aderirem ao programa Empresa Cidad\u00e3;<\/p>\n<p>&#8211; Envolver as crian\u00e7as de at\u00e9 seis anos na formata\u00e7\u00e3o de pol\u00edticas p\u00fablicas;<\/p>\n<p>&#8211; Instituir direitos e responsabilidades iguais entre m\u00e3es, pais e respons\u00e1veis; e<\/p>\n<p>&#8211; Prever aten\u00e7\u00e3o especial e prote\u00e7\u00e3o a m\u00e3es que optam por entregar seus filhos \u00e0 ado\u00e7\u00e3o e gestantes em priva\u00e7\u00e3o de liberdade.<\/p>\n","protected":false},"excerpt":{"rendered":"<p>O Minist\u00e9rio da Educa\u00e7\u00e3o (MEC), por meio da Secretaria de Alfabetiza\u00e7\u00e3o (Sealf), comemorou, nesta segunda-feira (29), os 5 anos do Marco Legal da Primeira Inf\u00e2ncia (Lei n\u00ba 13.257). Durante o evento, que foi online, houve o lan\u00e7amento de mais 4 obras in\u00e9ditas do Programa Conta pra Mim, que tem como objetivo a ampla promo\u00e7\u00e3o da [&hellip;]<\/p>\n","protected":false},"author":4,"featured_media":0,"comment_status":"closed","ping_status":"closed","sticky":false,"template":"","format":"standard","meta":{"footnotes":"","_links_to":"","_links_to_target":""},"categories":[9],"tags":[],"class_list":["post-13609","post","type-post","status-publish","format-standard","hentry","category-noticias-da-imprensa"],"yoast_head":"<!-- This site is optimized with the Yoast SEO plugin v15.1 - https:\/\/yoast.com\/wordpress\/plugins\/seo\/ -->\n<title>MEC celebra 5 anos do Marco Legal da Primeira Inf\u00e2ncia e promove lan\u00e7amento de 4 livros in\u00e9ditos do Programa Conta pra Mim &raquo; Abrelivros<\/title>\n<meta name=\"robots\" content=\"index, follow, max-snippet:-1, max-image-preview:large, max-video-preview:-1\" \/>\n<link rel=\"canonical\" href=\"https:\/\/abrelivros.org.br\/site\/mec-celebra-5-anos-do-marco-legal-da-primeira-infancia-e-promove-lancamento-de-4-livros-ineditos-do-programa-conta-pra-mim\/\" \/>\n<meta property=\"og:locale\" content=\"pt_BR\" \/>\n<meta property=\"og:type\" content=\"article\" \/>\n<meta property=\"og:title\" content=\"MEC celebra 5 anos do Marco Legal da Primeira Inf\u00e2ncia e promove lan\u00e7amento de 4 livros in\u00e9ditos do Programa Conta pra Mim &raquo; Abrelivros\" \/>\n<meta property=\"og:description\" content=\"O Minist\u00e9rio da Educa\u00e7\u00e3o (MEC), por meio da Secretaria de Alfabetiza\u00e7\u00e3o (Sealf), comemorou, nesta segunda-feira (29), os 5 anos do Marco Legal da Primeira Inf\u00e2ncia (Lei n\u00ba 13.257). Durante o evento, que foi online, houve o lan\u00e7amento de mais 4 obras in\u00e9ditas do Programa Conta pra Mim, que tem como objetivo a ampla promo\u00e7\u00e3o da [&hellip;]\" \/>\n<meta property=\"og:url\" content=\"https:\/\/abrelivros.org.br\/site\/mec-celebra-5-anos-do-marco-legal-da-primeira-infancia-e-promove-lancamento-de-4-livros-ineditos-do-programa-conta-pra-mim\/\" \/>\n<meta property=\"og:site_name\" content=\"Abrelivros\" \/>\n<meta property=\"article:published_time\" content=\"2021-03-30T16:01:11+00:00\" \/>\n<meta name=\"twitter:card\" content=\"summary_large_image\" \/>\n<script type=\"application\/ld+json\" class=\"yoast-schema-graph\">{\"@context\":\"https:\/\/schema.org\",\"@graph\":[{\"@type\":\"WebSite\",\"@id\":\"https:\/\/abrelivros.org.br\/site\/#website\",\"url\":\"https:\/\/abrelivros.org.br\/site\/\",\"name\":\"Abrelivros\",\"description\":\"\",\"potentialAction\":[{\"@type\":\"SearchAction\",\"target\":\"https:\/\/abrelivros.org.br\/site\/?s={search_term_string}\",\"query-input\":\"required name=search_term_string\"}],\"inLanguage\":\"pt-BR\"},{\"@type\":\"WebPage\",\"@id\":\"https:\/\/abrelivros.org.br\/site\/mec-celebra-5-anos-do-marco-legal-da-primeira-infancia-e-promove-lancamento-de-4-livros-ineditos-do-programa-conta-pra-mim\/#webpage\",\"url\":\"https:\/\/abrelivros.org.br\/site\/mec-celebra-5-anos-do-marco-legal-da-primeira-infancia-e-promove-lancamento-de-4-livros-ineditos-do-programa-conta-pra-mim\/\",\"name\":\"MEC celebra 5 anos do Marco Legal da Primeira Inf\\u00e2ncia e promove lan\\u00e7amento de 4 livros in\\u00e9ditos do Programa Conta pra Mim &raquo; Abrelivros\",\"isPartOf\":{\"@id\":\"https:\/\/abrelivros.org.br\/site\/#website\"},\"datePublished\":\"2021-03-30T16:01:11+00:00\",\"dateModified\":\"2021-03-30T16:01:11+00:00\",\"author\":{\"@id\":\"https:\/\/abrelivros.org.br\/site\/#\/schema\/person\/65db80e26409802ce15ac5feec6a15fd\"},\"breadcrumb\":{\"@id\":\"https:\/\/abrelivros.org.br\/site\/mec-celebra-5-anos-do-marco-legal-da-primeira-infancia-e-promove-lancamento-de-4-livros-ineditos-do-programa-conta-pra-mim\/#breadcrumb\"},\"inLanguage\":\"pt-BR\",\"potentialAction\":[{\"@type\":\"ReadAction\",\"target\":[\"https:\/\/abrelivros.org.br\/site\/mec-celebra-5-anos-do-marco-legal-da-primeira-infancia-e-promove-lancamento-de-4-livros-ineditos-do-programa-conta-pra-mim\/\"]}]},{\"@type\":\"BreadcrumbList\",\"@id\":\"https:\/\/abrelivros.org.br\/site\/mec-celebra-5-anos-do-marco-legal-da-primeira-infancia-e-promove-lancamento-de-4-livros-ineditos-do-programa-conta-pra-mim\/#breadcrumb\",\"itemListElement\":[{\"@type\":\"ListItem\",\"position\":1,\"item\":{\"@type\":\"WebPage\",\"@id\":\"https:\/\/abrelivros.org.br\/site\/\",\"url\":\"https:\/\/abrelivros.org.br\/site\/\",\"name\":\"In\\u00edcio\"}},{\"@type\":\"ListItem\",\"position\":2,\"item\":{\"@type\":\"WebPage\",\"@id\":\"https:\/\/abrelivros.org.br\/site\/category\/noticias\/\",\"url\":\"https:\/\/abrelivros.org.br\/site\/category\/noticias\/\",\"name\":\"Not\\u00edcias\"}},{\"@type\":\"ListItem\",\"position\":3,\"item\":{\"@type\":\"WebPage\",\"@id\":\"https:\/\/abrelivros.org.br\/site\/category\/noticias\/noticias-da-imprensa\/\",\"url\":\"https:\/\/abrelivros.org.br\/site\/category\/noticias\/noticias-da-imprensa\/\",\"name\":\"Not\\u00edcias da imprensa\"}},{\"@type\":\"ListItem\",\"position\":4,\"item\":{\"@type\":\"WebPage\",\"@id\":\"https:\/\/abrelivros.org.br\/site\/mec-celebra-5-anos-do-marco-legal-da-primeira-infancia-e-promove-lancamento-de-4-livros-ineditos-do-programa-conta-pra-mim\/\",\"url\":\"https:\/\/abrelivros.org.br\/site\/mec-celebra-5-anos-do-marco-legal-da-primeira-infancia-e-promove-lancamento-de-4-livros-ineditos-do-programa-conta-pra-mim\/\",\"name\":\"MEC celebra 5 anos do Marco Legal da Primeira Inf\\u00e2ncia e promove lan\\u00e7amento de 4 livros in\\u00e9ditos do Programa Conta pra Mim\"}}]},{\"@type\":\"Person\",\"@id\":\"https:\/\/abrelivros.org.br\/site\/#\/schema\/person\/65db80e26409802ce15ac5feec6a15fd\",\"name\":\"Reda\\u00e7\\u00e3o Abrelivros\",\"image\":{\"@type\":\"ImageObject\",\"@id\":\"https:\/\/abrelivros.org.br\/site\/#personlogo\",\"inLanguage\":\"pt-BR\",\"url\":\"https:\/\/secure.gravatar.com\/avatar\/c4e57f9c7e3482965bd428192061218520756c39080b1d1820b679fa5e9af192?s=96&d=mm&r=g\",\"caption\":\"Reda\\u00e7\\u00e3o Abrelivros\"}}]}<\/script>\n<!-- \/ Yoast SEO plugin. -->","_links":{"self":[{"href":"https:\/\/abrelivros.org.br\/site\/wp-json\/wp\/v2\/posts\/13609","targetHints":{"allow":["GET"]}}],"collection":[{"href":"https:\/\/abrelivros.org.br\/site\/wp-json\/wp\/v2\/posts"}],"about":[{"href":"https:\/\/abrelivros.org.br\/site\/wp-json\/wp\/v2\/types\/post"}],"author":[{"embeddable":true,"href":"https:\/\/abrelivros.org.br\/site\/wp-json\/wp\/v2\/users\/4"}],"replies":[{"embeddable":true,"href":"https:\/\/abrelivros.org.br\/site\/wp-json\/wp\/v2\/comments?post=13609"}],"version-history":[{"count":1,"href":"https:\/\/abrelivros.org.br\/site\/wp-json\/wp\/v2\/posts\/13609\/revisions"}],"predecessor-version":[{"id":13610,"href":"https:\/\/abrelivros.org.br\/site\/wp-json\/wp\/v2\/posts\/13609\/revisions\/13610"}],"wp:attachment":[{"href":"https:\/\/abrelivros.org.br\/site\/wp-json\/wp\/v2\/media?parent=13609"}],"wp:term":[{"taxonomy":"category","embeddable":true,"href":"https:\/\/abrelivros.org.br\/site\/wp-json\/wp\/v2\/categories?post=13609"},{"taxonomy":"post_tag","embeddable":true,"href":"https:\/\/abrelivros.org.br\/site\/wp-json\/wp\/v2\/tags?post=13609"}],"curies":[{"name":"wp","href":"https:\/\/api.w.org\/{rel}","templated":true}]}}