{"id":13602,"date":"2021-03-29T13:17:59","date_gmt":"2021-03-29T16:17:59","guid":{"rendered":"https:\/\/abrelivros.org.br\/site\/?p=13602"},"modified":"2021-03-29T13:17:59","modified_gmt":"2021-03-29T16:17:59","slug":"o-desmonte-do-sistema-educacional","status":"publish","type":"post","link":"https:\/\/abrelivros.org.br\/site\/o-desmonte-do-sistema-educacional\/","title":{"rendered":"O desmonte do sistema educacional"},"content":{"rendered":"<p>Posto em pr\u00e1tica desde o come\u00e7o do governo Bolsonaro, h\u00e1 dois anos e tr\u00eas meses, o processo de desmontagem da \u00e1rea t\u00e9cnica de setores essenciais da administra\u00e7\u00e3o p\u00fablica federal continua em marcha acelerada.<\/p>\n<p>As tr\u00eas \u00faltimas iniciativas nesse sentido ocorreram no setor educacional.<!--more--> No come\u00e7o do m\u00eas, o ministro da Educa\u00e7\u00e3o, Milton Ribeiro, nomeou como coordenadora de materiais did\u00e1ticos da pasta uma professora que prometeu valorizar mais uma \u201cperspectiva conservadora crist\u00e3\u201d do que as diretrizes da Base Nacional Comum Curricular (BNCC), que determinam o que as escolas devem ensinar. Em seguida, o MEC lan\u00e7ou o edital para a compra dos livros did\u00e1ticos que ser\u00e3o usados nas escolas p\u00fablicas a partir de 2023, excluindo itens que exigiam respeito \u00e0 diversidade. E agora, no fim do m\u00eas, Ribeiro tomou a decis\u00e3o de realizar a pr\u00f3xima prova de alfabetiza\u00e7\u00e3o sem a participa\u00e7\u00e3o dos t\u00e9cnicos do Instituto Nacional de Estudos e Pesquisas Educacionais (Inep).<\/p>\n<p>Para implementar essa medida, a pasta lan\u00e7ou 11 editais para a contrata\u00e7\u00e3o de 20 consultores externos para trabalhar na reformula\u00e7\u00e3o do exame para alunos do 2.\u00ba ano do ensino fundamental. Essa \u00e9 uma tarefa do Inep. Com quest\u00f5es de portugu\u00eas e matem\u00e1tica, a prova faz parte do Sistema de Avalia\u00e7\u00e3o da Educa\u00e7\u00e3o B\u00e1sica (Saeb). Segundo os editais, os consultores externos preparar\u00e3o as perguntas com o objetivo de avaliar a aptid\u00e3o dos estudantes para \u201crelacionar fonema como uma representa\u00e7\u00e3o escrita\u201d ou a \u201chabilidade de leitura de frases simples na ordem direta e na voz ativa\u201d. Os editais tamb\u00e9m afirmam que a metodologia a ser utilizada ser\u00e1 \u201cvoltada para a literacia e a numeracia\u201d, ou seja, est\u00e1 relacionada ao m\u00e9todo f\u00f4nico de alfabetiza\u00e7\u00e3o.<\/p>\n<p>Apesar de ser considerado ultrapassado pelos pedagogos e de ignorar as diretrizes da BNCC, esse m\u00e9todo tem sido defendido pelos grupos conservadores incrustados no MEC desde o in\u00edcio do governo. Segundo eles, ele \u00e9 o mais adequado para combater o m\u00e9todo de Paulo Freire de alfabetiza\u00e7\u00e3o, que est\u00e1 dividido em tr\u00eas fases. Na primeira fase, professor e aluno procuram, no universo vocabular da sociedade onde vivem, as palavras e os temas centrais de suas vidas. Na segunda, codificam e descodificam esses temas, com o objetivo de identificar seu significado social. Na terceira, desenvolvem uma vis\u00e3o cr\u00edtica.<\/p>\n<p>Na indigente mentalidade dos bolsonaristas, essa \u201cvis\u00e3o cr\u00edtica\u201d \u00e9 doutrina\u00e7\u00e3o comunista. O motivo que levou Ribeiro a afastar o Inep da elabora\u00e7\u00e3o da pr\u00f3xima prova de alfabetiza\u00e7\u00e3o \u00e9 o fato de que os t\u00e9cnicos do \u00f3rg\u00e3o sempre classificaram como \u201casneira\u201d as cr\u00edticas de Bolsonaro a Paulo Freire. Entre outras atribui\u00e7\u00f5es, o Inep define os crit\u00e9rios de avalia\u00e7\u00e3o da educa\u00e7\u00e3o e prepara as provas. Al\u00e9m de alegar que j\u00e1 vinham formulando quest\u00f5es para essa prova, os t\u00e9cnicos do \u00f3rg\u00e3o afirmam que os editais do MEC s\u00e3o vagos, o que levanta a suspeita de que a pasta j\u00e1 sabe quem vai contratar, com base em crit\u00e9rios ideol\u00f3gicos.<\/p>\n<p>Em seu embate com o Inep, Ribeiro indicou um coronel da Aeron\u00e1utica para chefiar a diretoria do \u00f3rg\u00e3o respons\u00e1vel pelo Enem e tirou a responsabilidade do Inep pela reformula\u00e7\u00e3o do \u00cdndice de Desenvolvimento da Educa\u00e7\u00e3o B\u00e1sica (Ideb). Em resposta, os t\u00e9cnicos do \u00f3rg\u00e3o disseram que a mudan\u00e7a do perfil da prova de alfabetiza\u00e7\u00e3o esvaziar\u00e1 a credibilidade do Saeb. E como essa avalia\u00e7\u00e3o ajuda a compor o Ideb, que d\u00e1 uma esp\u00e9cie de nota para cada escola e rede de ensino, o sistema de avalia\u00e7\u00e3o ser\u00e1 desmontado. Tamb\u00e9m acusaram o governo de esvaziar o Inep. E lembraram que os novos dirigentes indicados por Ribeiro para o \u00f3rg\u00e3o e para o MEC n\u00e3o t\u00eam preparo para lidar com \u201cuma mir\u00edade de controv\u00e9rsias t\u00e9cnicas, desafios or\u00e7ament\u00e1rios, dificuldades log\u00edsticas e escassez de pessoal\u201d.<\/p>\n<p>Com a ideologiza\u00e7\u00e3o do ensino, o esvaziamento do Inep e o desmonte do sistema de avalia\u00e7\u00e3o, o governo n\u00e3o s\u00f3 est\u00e1 condenando as novas gera\u00e7\u00f5es ao obscurantismo, como tamb\u00e9m nega ao Pa\u00eds a forma\u00e7\u00e3o de capital humano de que precisa para crescer e reduzir as desigualdades socioecon\u00f4micas.<\/p>\n","protected":false},"excerpt":{"rendered":"<p>Posto em pr\u00e1tica desde o come\u00e7o do governo Bolsonaro, h\u00e1 dois anos e tr\u00eas meses, o processo de desmontagem da \u00e1rea t\u00e9cnica de setores essenciais da administra\u00e7\u00e3o p\u00fablica federal continua em marcha acelerada. As tr\u00eas \u00faltimas iniciativas nesse sentido ocorreram no setor educacional.<\/p>\n","protected":false},"author":4,"featured_media":0,"comment_status":"closed","ping_status":"closed","sticky":false,"template":"","format":"standard","meta":{"footnotes":"","_links_to":"","_links_to_target":""},"categories":[9],"tags":[],"class_list":["post-13602","post","type-post","status-publish","format-standard","hentry","category-noticias-da-imprensa"],"yoast_head":"<!-- This site is optimized with the Yoast SEO plugin v15.1 - https:\/\/yoast.com\/wordpress\/plugins\/seo\/ -->\n<title>O desmonte do sistema educacional &raquo; Abrelivros<\/title>\n<meta name=\"robots\" content=\"index, follow, max-snippet:-1, max-image-preview:large, max-video-preview:-1\" \/>\n<link rel=\"canonical\" href=\"https:\/\/abrelivros.org.br\/site\/o-desmonte-do-sistema-educacional\/\" \/>\n<meta property=\"og:locale\" content=\"pt_BR\" \/>\n<meta property=\"og:type\" content=\"article\" \/>\n<meta property=\"og:title\" content=\"O desmonte do sistema educacional &raquo; Abrelivros\" \/>\n<meta property=\"og:description\" content=\"Posto em pr\u00e1tica desde o come\u00e7o do governo Bolsonaro, h\u00e1 dois anos e tr\u00eas meses, o processo de desmontagem da \u00e1rea t\u00e9cnica de setores essenciais da administra\u00e7\u00e3o p\u00fablica federal continua em marcha acelerada. As tr\u00eas \u00faltimas iniciativas nesse sentido ocorreram no setor educacional.\" \/>\n<meta property=\"og:url\" content=\"https:\/\/abrelivros.org.br\/site\/o-desmonte-do-sistema-educacional\/\" \/>\n<meta property=\"og:site_name\" content=\"Abrelivros\" \/>\n<meta property=\"article:published_time\" content=\"2021-03-29T16:17:59+00:00\" \/>\n<meta name=\"twitter:card\" content=\"summary_large_image\" \/>\n<script type=\"application\/ld+json\" class=\"yoast-schema-graph\">{\"@context\":\"https:\/\/schema.org\",\"@graph\":[{\"@type\":\"WebSite\",\"@id\":\"https:\/\/abrelivros.org.br\/site\/#website\",\"url\":\"https:\/\/abrelivros.org.br\/site\/\",\"name\":\"Abrelivros\",\"description\":\"\",\"potentialAction\":[{\"@type\":\"SearchAction\",\"target\":\"https:\/\/abrelivros.org.br\/site\/?s={search_term_string}\",\"query-input\":\"required name=search_term_string\"}],\"inLanguage\":\"pt-BR\"},{\"@type\":\"WebPage\",\"@id\":\"https:\/\/abrelivros.org.br\/site\/o-desmonte-do-sistema-educacional\/#webpage\",\"url\":\"https:\/\/abrelivros.org.br\/site\/o-desmonte-do-sistema-educacional\/\",\"name\":\"O desmonte do sistema educacional &raquo; Abrelivros\",\"isPartOf\":{\"@id\":\"https:\/\/abrelivros.org.br\/site\/#website\"},\"datePublished\":\"2021-03-29T16:17:59+00:00\",\"dateModified\":\"2021-03-29T16:17:59+00:00\",\"author\":{\"@id\":\"https:\/\/abrelivros.org.br\/site\/#\/schema\/person\/65db80e26409802ce15ac5feec6a15fd\"},\"breadcrumb\":{\"@id\":\"https:\/\/abrelivros.org.br\/site\/o-desmonte-do-sistema-educacional\/#breadcrumb\"},\"inLanguage\":\"pt-BR\",\"potentialAction\":[{\"@type\":\"ReadAction\",\"target\":[\"https:\/\/abrelivros.org.br\/site\/o-desmonte-do-sistema-educacional\/\"]}]},{\"@type\":\"BreadcrumbList\",\"@id\":\"https:\/\/abrelivros.org.br\/site\/o-desmonte-do-sistema-educacional\/#breadcrumb\",\"itemListElement\":[{\"@type\":\"ListItem\",\"position\":1,\"item\":{\"@type\":\"WebPage\",\"@id\":\"https:\/\/abrelivros.org.br\/site\/\",\"url\":\"https:\/\/abrelivros.org.br\/site\/\",\"name\":\"In\\u00edcio\"}},{\"@type\":\"ListItem\",\"position\":2,\"item\":{\"@type\":\"WebPage\",\"@id\":\"https:\/\/abrelivros.org.br\/site\/category\/noticias\/\",\"url\":\"https:\/\/abrelivros.org.br\/site\/category\/noticias\/\",\"name\":\"Not\\u00edcias\"}},{\"@type\":\"ListItem\",\"position\":3,\"item\":{\"@type\":\"WebPage\",\"@id\":\"https:\/\/abrelivros.org.br\/site\/category\/noticias\/noticias-da-imprensa\/\",\"url\":\"https:\/\/abrelivros.org.br\/site\/category\/noticias\/noticias-da-imprensa\/\",\"name\":\"Not\\u00edcias da imprensa\"}},{\"@type\":\"ListItem\",\"position\":4,\"item\":{\"@type\":\"WebPage\",\"@id\":\"https:\/\/abrelivros.org.br\/site\/o-desmonte-do-sistema-educacional\/\",\"url\":\"https:\/\/abrelivros.org.br\/site\/o-desmonte-do-sistema-educacional\/\",\"name\":\"O desmonte do sistema educacional\"}}]},{\"@type\":\"Person\",\"@id\":\"https:\/\/abrelivros.org.br\/site\/#\/schema\/person\/65db80e26409802ce15ac5feec6a15fd\",\"name\":\"Reda\\u00e7\\u00e3o Abrelivros\",\"image\":{\"@type\":\"ImageObject\",\"@id\":\"https:\/\/abrelivros.org.br\/site\/#personlogo\",\"inLanguage\":\"pt-BR\",\"url\":\"https:\/\/secure.gravatar.com\/avatar\/c4e57f9c7e3482965bd428192061218520756c39080b1d1820b679fa5e9af192?s=96&d=mm&r=g\",\"caption\":\"Reda\\u00e7\\u00e3o Abrelivros\"}}]}<\/script>\n<!-- \/ Yoast SEO plugin. -->","_links":{"self":[{"href":"https:\/\/abrelivros.org.br\/site\/wp-json\/wp\/v2\/posts\/13602","targetHints":{"allow":["GET"]}}],"collection":[{"href":"https:\/\/abrelivros.org.br\/site\/wp-json\/wp\/v2\/posts"}],"about":[{"href":"https:\/\/abrelivros.org.br\/site\/wp-json\/wp\/v2\/types\/post"}],"author":[{"embeddable":true,"href":"https:\/\/abrelivros.org.br\/site\/wp-json\/wp\/v2\/users\/4"}],"replies":[{"embeddable":true,"href":"https:\/\/abrelivros.org.br\/site\/wp-json\/wp\/v2\/comments?post=13602"}],"version-history":[{"count":1,"href":"https:\/\/abrelivros.org.br\/site\/wp-json\/wp\/v2\/posts\/13602\/revisions"}],"predecessor-version":[{"id":13603,"href":"https:\/\/abrelivros.org.br\/site\/wp-json\/wp\/v2\/posts\/13602\/revisions\/13603"}],"wp:attachment":[{"href":"https:\/\/abrelivros.org.br\/site\/wp-json\/wp\/v2\/media?parent=13602"}],"wp:term":[{"taxonomy":"category","embeddable":true,"href":"https:\/\/abrelivros.org.br\/site\/wp-json\/wp\/v2\/categories?post=13602"},{"taxonomy":"post_tag","embeddable":true,"href":"https:\/\/abrelivros.org.br\/site\/wp-json\/wp\/v2\/tags?post=13602"}],"curies":[{"name":"wp","href":"https:\/\/api.w.org\/{rel}","templated":true}]}}