{"id":13600,"date":"2021-03-29T13:14:45","date_gmt":"2021-03-29T16:14:45","guid":{"rendered":"https:\/\/abrelivros.org.br\/site\/?p=13600"},"modified":"2021-03-29T13:14:45","modified_gmt":"2021-03-29T16:14:45","slug":"bolsonaro-marcha-firme-para-impor-agenda-ideologica-no-ensino","status":"publish","type":"post","link":"https:\/\/abrelivros.org.br\/site\/bolsonaro-marcha-firme-para-impor-agenda-ideologica-no-ensino\/","title":{"rendered":"Bolsonaro marcha firme para impor agenda ideol\u00f3gica no ensino"},"content":{"rendered":"<p>NOVA CARTILHA &#8211; Escola no Brasil: termos como \u201crespeito \u00e0 diversidade\u201d sumiram &#8211; Alex Ferro\/VEJA<br \/>\nPa\u00edses de educa\u00e7\u00e3o avan\u00e7ada vivem empenhados em despertar a curiosidade na garotada que est\u00e1 sendo preparada para virar a p\u00e1gina da hist\u00f3ria. E fazem isso em salas de aula arejadas de ideias, onde o embate intelectual e o livre pensar os p\u00f5em na trilha da excel\u00eancia.<!--more--> Pois, o Brasil teima em se enredar em debates ideol\u00f3gicos que n\u00e3o elevam o n\u00edvel do ensino e mant\u00eam o pa\u00eds no pelot\u00e3o de tr\u00e1s na corrida global por qualidade. Mesmo antes de assumir o leme no Planalto, a grande preocupa\u00e7\u00e3o de Jair Bolsonaro era mudar o curr\u00edculo \u201cpara que as crian\u00e7as aprendam matem\u00e1tica e portugu\u00eas, e n\u00e3o sexo\u201d e banir \u201cos esquerdismos da cartilha\u201d. Escancarou, assim, as portas do Minist\u00e9rio da Educa\u00e7\u00e3o \u00e0 ala conservadora \u2014 primeiro sob o comando de Ricardo V\u00e9lez, depois capitaneada pela metralhadora raivosa de Abraham Weintraub e, agora, pelo evang\u00e9lico Milton Ribeiro, para quem \u201cao adolescente que opta por andar no caminho do homossexualismo falta a aten\u00e7\u00e3o do pai, da m\u00e3e\u201d. O MEC tem se mexido para p\u00f4r adiante o ide\u00e1rio antiprogressista que o presidente nunca escondeu \u2014 e nesse sentido acaba de cravar um ponto a favor de quem defende essa agenda.<\/p>\n<p>Para alegria da banda ideol\u00f3gica do Planalto, a professora Sandra Ramos, da Universidade Federal do Piau\u00ed, passou a chefiar a Coordena\u00e7\u00e3o Geral de Materiais Did\u00e1ticos, divis\u00e3o central para delinear os rumos dos livros e apostilas que chegam aos col\u00e9gios. Ela \u00e9 muito chegada \u00e0 ministra dos Direitos Humanos, Damares Alves, que a emplacou na cadeira e vem cruzando a Esplanada para dar seus pitacos no MEC. Sandra e Damares coassinam um documento defendendo o ensino do criacionismo, ideia pela qual se tem o mundo criado tal qual est\u00e1 no livro do G\u00eanesis, em contraposi\u00e7\u00e3o \u00e0 teoria da evolu\u00e7\u00e3o das esp\u00e9cies, de Darwin. Atiram, ainda, contra a chamada \u201cideologia de g\u00eanero\u201d, termo n\u00e3o aceito no universo acad\u00eamico para se referir \u00e0 educa\u00e7\u00e3o sexual. Evang\u00e9lica e egressa do movimento Escola sem Partido, que j\u00e1 agitou (sem sucesso) a bandeira de filmar mestres em a\u00e7\u00e3o na sala de aula, ela ter\u00e1 papel fundamental em uma guerra que mira o Programa Nacional do Livro Did\u00e1tico (PNLD), a maior pol\u00edtica de compra de material escolar do planeta, justamente onde s\u00e3o fincadas estacas definidoras do que a crian\u00e7ada aprende.<\/p>\n<p>A doutrina\u00e7\u00e3o em sala de aula n\u00e3o \u00e9 justific\u00e1vel sob nenhum \u00e2ngulo pedag\u00f3gico razo\u00e1vel, qualquer que seja sua ess\u00eancia \u2014 de esquerda ou de direita, religiosa ou ateia. \u201cOs professores n\u00e3o devem se preocupar em dizer no que o aluno deve ou n\u00e3o acreditar, mas lhes dar a chance de aprender com as diverg\u00eancias\u201d, diz a americana Meira Levinson, autora do livro Discord\u00e2ncia Democr\u00e1tica nas Escolas e Ph.D. da Universidade Harvard. \u201cEles precisam desenvolver sua pr\u00f3pria vis\u00e3o de mundo, baseados em evid\u00eancias cient\u00edficas e informa\u00e7\u00f5es s\u00f3lidas.\u201d O Escola sem Partido, ao qual Sandra \u00e9 ligada, nasceu em 2004 por iniciativa do advogado Miguel Nagib, que se revoltou ao saber que, no col\u00e9gio do filho, a professora comparara Che Guevara a S\u00e3o Francisco de Assis, santificando o guerrilheiro. Acabou atraindo outros pais que identificavam um vi\u00e9s \u00e0 esquerda na li\u00e7\u00e3o da prole, e o que virou um movimento trouxe duas distor\u00e7\u00f5es: 1) a falsa percep\u00e7\u00e3o de que todas as escolas estavam tomadas de catequizadores revolucion\u00e1rios e; 2) que esse era o maior mal da educa\u00e7\u00e3o brasileira. N\u00e3o \u00e9.<\/p>\n<p><strong>Conselho Nacional da Educa\u00e7\u00e3o<\/strong><br \/>\nNas costuras de bastidores, o Planalto tem se empenhado exatamente em dire\u00e7\u00e3o \u00e0quilo que dizia querer combater, com sinal trocado. H\u00e1 algumas semanas, o secret\u00e1rio do MEC Carlos Nadalim \u2014 pr\u00f3ximo do ide\u00f3logo do bolsonarismo, o ensa\u00edsta e astr\u00f3logo Olavo de Carvalho \u2014 se articulou para alterar certos aspectos do edital de compra de livros do 1\u00ba ao 5\u00ba ano do ensino fundamental \u2014 e conseguiu. Primeiro, o documento deixou de excluir obras que exp\u00f5em as mulheres sob uma \u00f3tica negativa e as que ignoram a agenda de n\u00e3o viol\u00eancia contra elas. Voc\u00e1bulos como \u201crespeito \u00e0 diversidade\u201d e \u201cdemocr\u00e1tico\u201d foram suprimidos, cedendo lugar \u00e0 valoriza\u00e7\u00e3o de ideias mais vagas, como o \u201cconv\u00edvio social republicano\u201d. O impacto da dan\u00e7a de palavras e prioridades foi imediato. \u201cO governo entendeu que um jeito r\u00e1pido para impor sua posi\u00e7\u00e3o \u00e9 modificar o material did\u00e1tico\u201d, afirma Priscila Cruz, presidente-executiva da ONG Todos pela Educa\u00e7\u00e3o. \u201cO papel do MEC, na verdade, n\u00e3o \u00e9 esse, mas sim pensar pol\u00edticas p\u00fablicas amplas para a sala de aula.\u201d Os autores dos livros did\u00e1ticos temem que as novas regras funcionem como censura e se sentem caminhando em solo movedi\u00e7o na \u00e1rea liderada por Sandra Ramos. \u201cSe eu usar o termo ditadura em vez de regime militar, ser\u00e1 que meu livro ser\u00e1 reprovado?\u201d, indaga uma veterana na disciplina de hist\u00f3ria, que pediu anonimato.<\/p>\n<p>A marcha do governo segue na arena do Conselho Nacional de Educa\u00e7\u00e3o, que chancela a Base Comum Curricular \u2014 um roteiro do que a garotada deve aprender ano a ano. S\u00e3o ao todo 24 conselheiros, sete deles nomeados no apagar das luzes por um j\u00e1 demission\u00e1rio Weintraub. Formam um bloco unido e motivado por um objetivo: antecipar a revis\u00e3o da base, prevista para 2026, e amold\u00e1-la a fei\u00e7\u00f5es mais conservadoras. At\u00e9 este momento, t\u00eam sido freados pelo grupo que professa outra cartilha, mas o embate \u00e9 permanente. \u201cComo \u00e9 poss\u00edvel mudar um documento que nem sequer foi implementado totalmente?\u201d, questiona um experiente conselheiro. Passados dois anos de governo, os n\u00fameros mostram que o Brasil continua patinando em notas vermelhas \u2014 em onze dos 27 estados o desempenho em portugu\u00eas piorou \u2014, e a agenda do MEC segue em passo de tartaruga. Com escolas e universidades fechadas por for\u00e7a da pandemia e alta demanda por medidas para suavizar o estrago, o governo federal iniciou o ano apresentando ao Congresso 34 medidas priorit\u00e1rias \u2014 apenas uma olhava com aten\u00e7\u00e3o para a educa\u00e7\u00e3o. Trata-se do homeschooling, projeto que quer garantir o direito de as crian\u00e7as serem formalmente educadas em casa. Atingiria n\u00e3o mais que 1% da popula\u00e7\u00e3o estudantil, mas mesmo assim \u00e9 abra\u00e7ado com fervor pela turma cat\u00f3lica e evang\u00e9lica que, segundo VEJA apurou, quer emplacar material did\u00e1tico de suas editoras nessa modalidade. Triste.<\/p>\n<p>Classificadas por Bolsonaro como \u201cantros marxistas\u201d, as universidades tamb\u00e9m est\u00e3o na mira. Em fevereiro, o minist\u00e9rio enviou um of\u00edcio a todas elas vetando manifesta\u00e7\u00f5es pol\u00edticas no campus. Questionado pela comunidade acad\u00eamica e pelo Minist\u00e9rio P\u00fablico Federal, o MEC voltou atr\u00e1s. Em outra frente, a Controladoria-Geral da Uni\u00e3o abriu inqu\u00e9rito administrativo para apurar a conduta do ex-reitor da Universidade Federal de Pelotas, Pedro Hallal, e do pr\u00f3-reitor Eraldo Pinheiro, que haviam feito cr\u00edticas abertas ao presidente. Foram enquadrados em uma lei que pro\u00edbe servidores federais de \u201cpromover manifesta\u00e7\u00e3o de apre\u00e7o ou desapre\u00e7o no recinto da reparti\u00e7\u00e3o\u201d \u2014 uma interpreta\u00e7\u00e3o in\u00e9dita e absurda do texto original. O processo foi encerrado com a assinatura de um Termo de Ajustamento de Conduta, em que os professores se comprometeram a se matricular em um curso de \u00e9tica e n\u00e3o tecer \u201ccoment\u00e1rios ofensivos\u201d de tal natureza nos pr\u00f3ximos dois anos. O caso provocou uma s\u00e9rie de notas de rep\u00fadio de gente gra\u00fada. \u201cA liberdade acad\u00eamica \u00e9 assegurada pela Constitui\u00e7\u00e3o. Atac\u00e1-la significa atentar contra o estado democr\u00e1tico de direito\u201d, diz Enrico Rodrigues de Freitas, procurador do MPF do Rio Grande do Sul.<\/p>\n<p>Fiel ao seu estilo faca na caveira, Bolsonaro fere tamb\u00e9m os brios acad\u00eamicos ao n\u00e3o pin\u00e7ar o primeiro nome das listas tr\u00edplices para nomea\u00e7\u00e3o de reitores, uma antiga tradi\u00e7\u00e3o. Em 21 ocasi\u00f5es ele optou pelo segundo ou o terceiro mais votado pelas pr\u00f3prias institui\u00e7\u00f5es. Um caso ruidoso foi o da Universidade Federal de Itajub\u00e1, em Minas Gerais. Mesmo tendo recebido apenas 3 votos no Conselho Universit\u00e1rio, o professor Edson Bertoni foi consagrado reitor pelo presidente. Constam em seu curr\u00edculo postagens com opini\u00f5es a favor do governo e fotos em que aparece atirando com um fuzil. Ganha nota 10 quem acertar por que os primeiros da lista foram preteridos.<\/p>\n<p>Publicado em VEJA de 31 de mar\u00e7o de 2021, edi\u00e7\u00e3o n\u00ba 2731<\/p>\n","protected":false},"excerpt":{"rendered":"<p>NOVA CARTILHA &#8211; Escola no Brasil: termos como \u201crespeito \u00e0 diversidade\u201d sumiram &#8211; Alex Ferro\/VEJA Pa\u00edses de educa\u00e7\u00e3o avan\u00e7ada vivem empenhados em despertar a curiosidade na garotada que est\u00e1 sendo preparada para virar a p\u00e1gina da hist\u00f3ria. E fazem isso em salas de aula arejadas de ideias, onde o embate intelectual e o livre pensar [&hellip;]<\/p>\n","protected":false},"author":4,"featured_media":0,"comment_status":"closed","ping_status":"closed","sticky":false,"template":"","format":"standard","meta":{"footnotes":"","_links_to":"","_links_to_target":""},"categories":[9],"tags":[],"class_list":["post-13600","post","type-post","status-publish","format-standard","hentry","category-noticias-da-imprensa"],"yoast_head":"<!-- This site is optimized with the Yoast SEO plugin v15.1 - https:\/\/yoast.com\/wordpress\/plugins\/seo\/ -->\n<title>Bolsonaro marcha firme para impor agenda ideol\u00f3gica no ensino &raquo; Abrelivros<\/title>\n<meta name=\"robots\" content=\"index, follow, max-snippet:-1, max-image-preview:large, max-video-preview:-1\" \/>\n<link rel=\"canonical\" href=\"https:\/\/abrelivros.org.br\/site\/bolsonaro-marcha-firme-para-impor-agenda-ideologica-no-ensino\/\" \/>\n<meta property=\"og:locale\" content=\"pt_BR\" \/>\n<meta property=\"og:type\" content=\"article\" \/>\n<meta property=\"og:title\" content=\"Bolsonaro marcha firme para impor agenda ideol\u00f3gica no ensino &raquo; Abrelivros\" \/>\n<meta property=\"og:description\" content=\"NOVA CARTILHA &#8211; Escola no Brasil: termos como \u201crespeito \u00e0 diversidade\u201d sumiram &#8211; Alex Ferro\/VEJA Pa\u00edses de educa\u00e7\u00e3o avan\u00e7ada vivem empenhados em despertar a curiosidade na garotada que est\u00e1 sendo preparada para virar a p\u00e1gina da hist\u00f3ria. E fazem isso em salas de aula arejadas de ideias, onde o embate intelectual e o livre pensar [&hellip;]\" \/>\n<meta property=\"og:url\" content=\"https:\/\/abrelivros.org.br\/site\/bolsonaro-marcha-firme-para-impor-agenda-ideologica-no-ensino\/\" \/>\n<meta property=\"og:site_name\" content=\"Abrelivros\" \/>\n<meta property=\"article:published_time\" content=\"2021-03-29T16:14:45+00:00\" \/>\n<meta name=\"twitter:card\" content=\"summary_large_image\" \/>\n<script type=\"application\/ld+json\" class=\"yoast-schema-graph\">{\"@context\":\"https:\/\/schema.org\",\"@graph\":[{\"@type\":\"WebSite\",\"@id\":\"https:\/\/abrelivros.org.br\/site\/#website\",\"url\":\"https:\/\/abrelivros.org.br\/site\/\",\"name\":\"Abrelivros\",\"description\":\"\",\"potentialAction\":[{\"@type\":\"SearchAction\",\"target\":\"https:\/\/abrelivros.org.br\/site\/?s={search_term_string}\",\"query-input\":\"required name=search_term_string\"}],\"inLanguage\":\"pt-BR\"},{\"@type\":\"WebPage\",\"@id\":\"https:\/\/abrelivros.org.br\/site\/bolsonaro-marcha-firme-para-impor-agenda-ideologica-no-ensino\/#webpage\",\"url\":\"https:\/\/abrelivros.org.br\/site\/bolsonaro-marcha-firme-para-impor-agenda-ideologica-no-ensino\/\",\"name\":\"Bolsonaro marcha firme para impor agenda ideol\\u00f3gica no ensino &raquo; Abrelivros\",\"isPartOf\":{\"@id\":\"https:\/\/abrelivros.org.br\/site\/#website\"},\"datePublished\":\"2021-03-29T16:14:45+00:00\",\"dateModified\":\"2021-03-29T16:14:45+00:00\",\"author\":{\"@id\":\"https:\/\/abrelivros.org.br\/site\/#\/schema\/person\/65db80e26409802ce15ac5feec6a15fd\"},\"breadcrumb\":{\"@id\":\"https:\/\/abrelivros.org.br\/site\/bolsonaro-marcha-firme-para-impor-agenda-ideologica-no-ensino\/#breadcrumb\"},\"inLanguage\":\"pt-BR\",\"potentialAction\":[{\"@type\":\"ReadAction\",\"target\":[\"https:\/\/abrelivros.org.br\/site\/bolsonaro-marcha-firme-para-impor-agenda-ideologica-no-ensino\/\"]}]},{\"@type\":\"BreadcrumbList\",\"@id\":\"https:\/\/abrelivros.org.br\/site\/bolsonaro-marcha-firme-para-impor-agenda-ideologica-no-ensino\/#breadcrumb\",\"itemListElement\":[{\"@type\":\"ListItem\",\"position\":1,\"item\":{\"@type\":\"WebPage\",\"@id\":\"https:\/\/abrelivros.org.br\/site\/\",\"url\":\"https:\/\/abrelivros.org.br\/site\/\",\"name\":\"In\\u00edcio\"}},{\"@type\":\"ListItem\",\"position\":2,\"item\":{\"@type\":\"WebPage\",\"@id\":\"https:\/\/abrelivros.org.br\/site\/category\/noticias\/\",\"url\":\"https:\/\/abrelivros.org.br\/site\/category\/noticias\/\",\"name\":\"Not\\u00edcias\"}},{\"@type\":\"ListItem\",\"position\":3,\"item\":{\"@type\":\"WebPage\",\"@id\":\"https:\/\/abrelivros.org.br\/site\/category\/noticias\/noticias-da-imprensa\/\",\"url\":\"https:\/\/abrelivros.org.br\/site\/category\/noticias\/noticias-da-imprensa\/\",\"name\":\"Not\\u00edcias da imprensa\"}},{\"@type\":\"ListItem\",\"position\":4,\"item\":{\"@type\":\"WebPage\",\"@id\":\"https:\/\/abrelivros.org.br\/site\/bolsonaro-marcha-firme-para-impor-agenda-ideologica-no-ensino\/\",\"url\":\"https:\/\/abrelivros.org.br\/site\/bolsonaro-marcha-firme-para-impor-agenda-ideologica-no-ensino\/\",\"name\":\"Bolsonaro marcha firme para impor agenda ideol\\u00f3gica no ensino\"}}]},{\"@type\":\"Person\",\"@id\":\"https:\/\/abrelivros.org.br\/site\/#\/schema\/person\/65db80e26409802ce15ac5feec6a15fd\",\"name\":\"Reda\\u00e7\\u00e3o Abrelivros\",\"image\":{\"@type\":\"ImageObject\",\"@id\":\"https:\/\/abrelivros.org.br\/site\/#personlogo\",\"inLanguage\":\"pt-BR\",\"url\":\"https:\/\/secure.gravatar.com\/avatar\/c4e57f9c7e3482965bd428192061218520756c39080b1d1820b679fa5e9af192?s=96&d=mm&r=g\",\"caption\":\"Reda\\u00e7\\u00e3o Abrelivros\"}}]}<\/script>\n<!-- \/ Yoast SEO plugin. -->","_links":{"self":[{"href":"https:\/\/abrelivros.org.br\/site\/wp-json\/wp\/v2\/posts\/13600","targetHints":{"allow":["GET"]}}],"collection":[{"href":"https:\/\/abrelivros.org.br\/site\/wp-json\/wp\/v2\/posts"}],"about":[{"href":"https:\/\/abrelivros.org.br\/site\/wp-json\/wp\/v2\/types\/post"}],"author":[{"embeddable":true,"href":"https:\/\/abrelivros.org.br\/site\/wp-json\/wp\/v2\/users\/4"}],"replies":[{"embeddable":true,"href":"https:\/\/abrelivros.org.br\/site\/wp-json\/wp\/v2\/comments?post=13600"}],"version-history":[{"count":1,"href":"https:\/\/abrelivros.org.br\/site\/wp-json\/wp\/v2\/posts\/13600\/revisions"}],"predecessor-version":[{"id":13601,"href":"https:\/\/abrelivros.org.br\/site\/wp-json\/wp\/v2\/posts\/13600\/revisions\/13601"}],"wp:attachment":[{"href":"https:\/\/abrelivros.org.br\/site\/wp-json\/wp\/v2\/media?parent=13600"}],"wp:term":[{"taxonomy":"category","embeddable":true,"href":"https:\/\/abrelivros.org.br\/site\/wp-json\/wp\/v2\/categories?post=13600"},{"taxonomy":"post_tag","embeddable":true,"href":"https:\/\/abrelivros.org.br\/site\/wp-json\/wp\/v2\/tags?post=13600"}],"curies":[{"name":"wp","href":"https:\/\/api.w.org\/{rel}","templated":true}]}}