{"id":13596,"date":"2021-03-29T13:07:01","date_gmt":"2021-03-29T16:07:01","guid":{"rendered":"https:\/\/abrelivros.org.br\/site\/?p=13596"},"modified":"2021-03-29T13:07:01","modified_gmt":"2021-03-29T16:07:01","slug":"decreto-torna-educacao-servico-essencial-e-eleva-pressao-para-abrir-escolas-em-sp","status":"publish","type":"post","link":"https:\/\/abrelivros.org.br\/site\/decreto-torna-educacao-servico-essencial-e-eleva-pressao-para-abrir-escolas-em-sp\/","title":{"rendered":"Decreto torna educa\u00e7\u00e3o servi\u00e7o essencial e eleva press\u00e3o para abrir escolas em SP"},"content":{"rendered":"<p>O governo Jo\u00e3o Doria (PSDB) publicou neste s\u00e1bado (27) decreto que declara a educa\u00e7\u00e3o atividade essencial, elevando a press\u00e3o para a <a href=\"https:\/\/www1.folha.uol.com.br\/educacao\/2021\/02\/em-sp-escolas-publicas-tem-menor-adesao-a-volta-presencial-do-que-as-particulares.shtml\" target=\"_blank\" rel=\"noopener noreferrer\">reabertura das escolas<\/a> mesmo \u00e0 revelia das prefeituras.<\/p>\n<p>A norma adiciona ao decreto que disciplina a volta \u00e0s aulas um artigo com a seguinte reda\u00e7\u00e3o: \u201cficam reconhecidas como essenciais as atividades desenvolvidas no \u00e2mbito da rede p\u00fablica e das institui\u00e7\u00f5es privadas de ensino\u201d.<!--more--><\/p>\n<p>Em nota, o <a href=\"https:\/\/www1.folha.uol.com.br\/educacao\/2021\/01\/educacao-e-atividade-essencial.shtml\" target=\"_blank\" rel=\"noopener noreferrer\">Movimento Escolas Abertas<\/a>, que re\u00fane pais com essa bandeira, principalmente da rede particular, afirmou que a norma agora impede prefeitos de fechar os col\u00e9gios.<\/p>\n<p>\u201cDa mesma forma que um prefeito n\u00e3o pode fechar posto policial ou hospital, sob o argumento de combate \u00e0 pandemia, tamb\u00e9m n\u00e3o pode fechar uma escola\u201d, diz o texto do grupo.<\/p>\n<p>Esse, no entanto, n\u00e3o \u00e9 o \u00fanico entendimento poss\u00edvel do texto, j\u00e1 que o par\u00e1grafo 1\u00ba do artigo do decreto estadual em quest\u00e3o condiciona a retomada das aulas na rede estadual e privada \u00e0 inexist\u00eancia de ato fundamentado pela prefeitura em sentido contr\u00e1rio. Ou seja, o munic\u00edpio pode vetar a reabertura, desde que embase a decis\u00e3o.<\/p>\n<p>A interpreta\u00e7\u00e3o, de qualquer forma, deve ser alvo de disputa judicial.<\/p>\n<p>Como mostrou a Folha, escolas particulares de educa\u00e7\u00e3o infantil <a href=\"https:\/\/www1.folha.uol.com.br\/educacao\/2021\/03\/escolas-preparam-ofensiva-judicial-contra-possivel-prorrogacao-de-fechamento.shtml\" target=\"_blank\" rel=\"noopener noreferrer\">preparam uma ofensiva judicial<\/a> caso o prefeito Bruno Covas (PSDB) decida prorrogar o fechamento das unidades de ensino na capital paulista.<\/p>\n<p>Covas decidiu por medida mais restritiva do que a prevista pelo governo estadual para as escolas durante a fase emergencial. O prefeito proibiu qualquer atividade presencial nas unidades p\u00fablicas e privadas do munic\u00edpio at\u00e9 4 de abril.<\/p>\n<p>Pelo plano estadual, as unidades de ensino podem continuar abertas, desde que atendam at\u00e9 35% dos alunos matriculados, com a recomenda\u00e7\u00e3o de restringir ao m\u00e1ximo as a\u00e7\u00f5es presenciais e atender s\u00f3 os alunos mais vulner\u00e1veis.<\/p>\n<p>A diverg\u00eancia entre o estado e a prefeitura da capital paulista vem desde o ano passado. Em setembro, o governo paulista liberou a volta \u00e0s aulas presenciais, mas o munic\u00edpio barrou, <a href=\"https:\/\/www1.folha.uol.com.br\/educacao\/2020\/09\/covas-autoriza-atividades-extracurriculares-nas-escolas-e-aulas-regulares-nas-universidades.shtml\" target=\"_blank\" rel=\"noopener noreferrer\">permitindo apenas atividades extracurriculares<\/a> a partir de outubro.<\/p>\n<p>Representando pais de alunos da rede p\u00fablica, o movimento Fam\u00edlias Pela Vida criticou o decreto editado pela gest\u00e3o D\u00f3ria e reclamou que as fam\u00edlias n\u00e3o foram consultadas para a edi\u00e7\u00e3o da norma.<\/p>\n<p>\u201cEssa decis\u00e3o foi tomada depois de intenso lobby do Movimento Escolas Abertas, que representa fam\u00edlias de escolas particulares e tem contatos privilegiados no meio pol\u00edtico\u201d, diz texto divulgado pelo grupo.<\/p>\n<p>Os integrantes do coletivo afirmam ser um esc\u00e1rnio priorizar a abertura de qualquer atividade em meio ao aumento de casos de Covid. Eles pedem educa\u00e7\u00e3o remota de qualidade, com equipamentos para todos; aux\u00edlio emergencial; aumento da testagem; aquisi\u00e7\u00e3o de vacinas e lockdown para frear o avan\u00e7o da doen\u00e7a.<\/p>\n<p>O fechamento das escolas est\u00e1 associado a problemas de sa\u00fade mental para crian\u00e7as e adolescentes, a lacunas de aprendizagem e <a href=\"https:\/\/www1.folha.uol.com.br\/educacao\/2020\/03\/fechamento-generalizado-de-escolas-impoe-desafio-inedito-a-educacao.shtml\" target=\"_blank\" rel=\"noopener noreferrer\">a desigualdade educacional<\/a>.<\/p>\n<p>Por outro lado, <a href=\"https:\/\/www1.folha.uol.com.br\/educacao\/2021\/03\/gestao-doria-inclui-alunos-que-nao-foram-a-escola-em-calculo-sobre-incidencia-de-covid.shtml\" target=\"_blank\" rel=\"noopener noreferrer\">boletim epidemiol\u00f3gico recente da Secretaria estadual da Educa\u00e7\u00e3o<\/a> afirma que \u201ca manuten\u00e7\u00e3o de baixas taxas de infec\u00e7\u00e3o na comunidade \u00e9 fator cr\u00edtico para manter as escolas abertas durante a pandemia\u201d.<\/p>\n","protected":false},"excerpt":{"rendered":"<p>O governo Jo\u00e3o Doria (PSDB) publicou neste s\u00e1bado (27) decreto que declara a educa\u00e7\u00e3o atividade essencial, elevando a press\u00e3o para a reabertura das escolas mesmo \u00e0 revelia das prefeituras. A norma adiciona ao decreto que disciplina a volta \u00e0s aulas um artigo com a seguinte reda\u00e7\u00e3o: \u201cficam reconhecidas como essenciais as atividades desenvolvidas no \u00e2mbito [&hellip;]<\/p>\n","protected":false},"author":4,"featured_media":0,"comment_status":"closed","ping_status":"closed","sticky":false,"template":"","format":"standard","meta":{"footnotes":"","_links_to":"","_links_to_target":""},"categories":[9],"tags":[],"class_list":["post-13596","post","type-post","status-publish","format-standard","hentry","category-noticias-da-imprensa"],"yoast_head":"<!-- This site is optimized with the Yoast SEO plugin v15.1 - https:\/\/yoast.com\/wordpress\/plugins\/seo\/ -->\n<title>Decreto torna educa\u00e7\u00e3o servi\u00e7o essencial e eleva press\u00e3o para abrir escolas em SP &raquo; Abrelivros<\/title>\n<meta name=\"robots\" content=\"index, follow, max-snippet:-1, max-image-preview:large, max-video-preview:-1\" \/>\n<link rel=\"canonical\" href=\"https:\/\/abrelivros.org.br\/site\/decreto-torna-educacao-servico-essencial-e-eleva-pressao-para-abrir-escolas-em-sp\/\" \/>\n<meta property=\"og:locale\" content=\"pt_BR\" \/>\n<meta property=\"og:type\" content=\"article\" \/>\n<meta property=\"og:title\" content=\"Decreto torna educa\u00e7\u00e3o servi\u00e7o essencial e eleva press\u00e3o para abrir escolas em SP &raquo; Abrelivros\" \/>\n<meta property=\"og:description\" content=\"O governo Jo\u00e3o Doria (PSDB) publicou neste s\u00e1bado (27) decreto que declara a educa\u00e7\u00e3o atividade essencial, elevando a press\u00e3o para a reabertura das escolas mesmo \u00e0 revelia das prefeituras. A norma adiciona ao decreto que disciplina a volta \u00e0s aulas um artigo com a seguinte reda\u00e7\u00e3o: \u201cficam reconhecidas como essenciais as atividades desenvolvidas no \u00e2mbito [&hellip;]\" \/>\n<meta property=\"og:url\" content=\"https:\/\/abrelivros.org.br\/site\/decreto-torna-educacao-servico-essencial-e-eleva-pressao-para-abrir-escolas-em-sp\/\" \/>\n<meta property=\"og:site_name\" content=\"Abrelivros\" \/>\n<meta property=\"article:published_time\" content=\"2021-03-29T16:07:01+00:00\" \/>\n<meta name=\"twitter:card\" content=\"summary_large_image\" \/>\n<script type=\"application\/ld+json\" class=\"yoast-schema-graph\">{\"@context\":\"https:\/\/schema.org\",\"@graph\":[{\"@type\":\"WebSite\",\"@id\":\"https:\/\/abrelivros.org.br\/site\/#website\",\"url\":\"https:\/\/abrelivros.org.br\/site\/\",\"name\":\"Abrelivros\",\"description\":\"\",\"potentialAction\":[{\"@type\":\"SearchAction\",\"target\":\"https:\/\/abrelivros.org.br\/site\/?s={search_term_string}\",\"query-input\":\"required name=search_term_string\"}],\"inLanguage\":\"pt-BR\"},{\"@type\":\"WebPage\",\"@id\":\"https:\/\/abrelivros.org.br\/site\/decreto-torna-educacao-servico-essencial-e-eleva-pressao-para-abrir-escolas-em-sp\/#webpage\",\"url\":\"https:\/\/abrelivros.org.br\/site\/decreto-torna-educacao-servico-essencial-e-eleva-pressao-para-abrir-escolas-em-sp\/\",\"name\":\"Decreto torna educa\\u00e7\\u00e3o servi\\u00e7o essencial e eleva press\\u00e3o para abrir escolas em SP &raquo; Abrelivros\",\"isPartOf\":{\"@id\":\"https:\/\/abrelivros.org.br\/site\/#website\"},\"datePublished\":\"2021-03-29T16:07:01+00:00\",\"dateModified\":\"2021-03-29T16:07:01+00:00\",\"author\":{\"@id\":\"https:\/\/abrelivros.org.br\/site\/#\/schema\/person\/65db80e26409802ce15ac5feec6a15fd\"},\"breadcrumb\":{\"@id\":\"https:\/\/abrelivros.org.br\/site\/decreto-torna-educacao-servico-essencial-e-eleva-pressao-para-abrir-escolas-em-sp\/#breadcrumb\"},\"inLanguage\":\"pt-BR\",\"potentialAction\":[{\"@type\":\"ReadAction\",\"target\":[\"https:\/\/abrelivros.org.br\/site\/decreto-torna-educacao-servico-essencial-e-eleva-pressao-para-abrir-escolas-em-sp\/\"]}]},{\"@type\":\"BreadcrumbList\",\"@id\":\"https:\/\/abrelivros.org.br\/site\/decreto-torna-educacao-servico-essencial-e-eleva-pressao-para-abrir-escolas-em-sp\/#breadcrumb\",\"itemListElement\":[{\"@type\":\"ListItem\",\"position\":1,\"item\":{\"@type\":\"WebPage\",\"@id\":\"https:\/\/abrelivros.org.br\/site\/\",\"url\":\"https:\/\/abrelivros.org.br\/site\/\",\"name\":\"In\\u00edcio\"}},{\"@type\":\"ListItem\",\"position\":2,\"item\":{\"@type\":\"WebPage\",\"@id\":\"https:\/\/abrelivros.org.br\/site\/category\/noticias\/\",\"url\":\"https:\/\/abrelivros.org.br\/site\/category\/noticias\/\",\"name\":\"Not\\u00edcias\"}},{\"@type\":\"ListItem\",\"position\":3,\"item\":{\"@type\":\"WebPage\",\"@id\":\"https:\/\/abrelivros.org.br\/site\/category\/noticias\/noticias-da-imprensa\/\",\"url\":\"https:\/\/abrelivros.org.br\/site\/category\/noticias\/noticias-da-imprensa\/\",\"name\":\"Not\\u00edcias da imprensa\"}},{\"@type\":\"ListItem\",\"position\":4,\"item\":{\"@type\":\"WebPage\",\"@id\":\"https:\/\/abrelivros.org.br\/site\/decreto-torna-educacao-servico-essencial-e-eleva-pressao-para-abrir-escolas-em-sp\/\",\"url\":\"https:\/\/abrelivros.org.br\/site\/decreto-torna-educacao-servico-essencial-e-eleva-pressao-para-abrir-escolas-em-sp\/\",\"name\":\"Decreto torna educa\\u00e7\\u00e3o servi\\u00e7o essencial e eleva press\\u00e3o para abrir escolas em SP\"}}]},{\"@type\":\"Person\",\"@id\":\"https:\/\/abrelivros.org.br\/site\/#\/schema\/person\/65db80e26409802ce15ac5feec6a15fd\",\"name\":\"Reda\\u00e7\\u00e3o Abrelivros\",\"image\":{\"@type\":\"ImageObject\",\"@id\":\"https:\/\/abrelivros.org.br\/site\/#personlogo\",\"inLanguage\":\"pt-BR\",\"url\":\"https:\/\/secure.gravatar.com\/avatar\/c4e57f9c7e3482965bd428192061218520756c39080b1d1820b679fa5e9af192?s=96&d=mm&r=g\",\"caption\":\"Reda\\u00e7\\u00e3o Abrelivros\"}}]}<\/script>\n<!-- \/ Yoast SEO plugin. -->","_links":{"self":[{"href":"https:\/\/abrelivros.org.br\/site\/wp-json\/wp\/v2\/posts\/13596","targetHints":{"allow":["GET"]}}],"collection":[{"href":"https:\/\/abrelivros.org.br\/site\/wp-json\/wp\/v2\/posts"}],"about":[{"href":"https:\/\/abrelivros.org.br\/site\/wp-json\/wp\/v2\/types\/post"}],"author":[{"embeddable":true,"href":"https:\/\/abrelivros.org.br\/site\/wp-json\/wp\/v2\/users\/4"}],"replies":[{"embeddable":true,"href":"https:\/\/abrelivros.org.br\/site\/wp-json\/wp\/v2\/comments?post=13596"}],"version-history":[{"count":1,"href":"https:\/\/abrelivros.org.br\/site\/wp-json\/wp\/v2\/posts\/13596\/revisions"}],"predecessor-version":[{"id":13597,"href":"https:\/\/abrelivros.org.br\/site\/wp-json\/wp\/v2\/posts\/13596\/revisions\/13597"}],"wp:attachment":[{"href":"https:\/\/abrelivros.org.br\/site\/wp-json\/wp\/v2\/media?parent=13596"}],"wp:term":[{"taxonomy":"category","embeddable":true,"href":"https:\/\/abrelivros.org.br\/site\/wp-json\/wp\/v2\/categories?post=13596"},{"taxonomy":"post_tag","embeddable":true,"href":"https:\/\/abrelivros.org.br\/site\/wp-json\/wp\/v2\/tags?post=13596"}],"curies":[{"name":"wp","href":"https:\/\/api.w.org\/{rel}","templated":true}]}}