{"id":13592,"date":"2021-03-26T14:25:31","date_gmt":"2021-03-26T17:25:31","guid":{"rendered":"https:\/\/abrelivros.org.br\/site\/?p=13592"},"modified":"2021-03-26T14:25:31","modified_gmt":"2021-03-26T17:25:31","slug":"pnld-promove-encontro-virtual-para-agentes-educacionais-do-estado-do-rio-grande-do-sul","status":"publish","type":"post","link":"https:\/\/abrelivros.org.br\/site\/pnld-promove-encontro-virtual-para-agentes-educacionais-do-estado-do-rio-grande-do-sul\/","title":{"rendered":"PNLD promove encontro virtual para agentes educacionais do Estado do Rio Grande do Sul"},"content":{"rendered":"<p>O Fundo Nacional de Desenvolvimento da Educa\u00e7\u00e3o (FNDE) promover\u00e1 o 10\u00ba Encontro T\u00e9cnico Estadual do Programa Nacional do Livro e do Material Did\u00e1tico (PNLD) na pr\u00f3xima ter\u00e7a-feira, dia 30, para agentes educacionais do Rio Grande do Sul.<!--more--> O evento virtual j\u00e1 capacitou t\u00e9cnicos de outros nove estados: Maranh\u00e3o, Rio de Janeiro, Minas Gerais, Cear\u00e1, Bahia, Piau\u00ed, Para\u00edba, Alagoas e Sergipe.<\/p>\n<p>Com palestras, troca de informa\u00e7\u00f5es e debates para melhorias na gest\u00e3o do PNLD, o encontro virtual busca fortalecer parcerias e a integra\u00e7\u00e3o entre os gestores das redes de ensino e os t\u00e9cnicos envolvidos na implementa\u00e7\u00e3o do programa. O evento conta, ainda, com a presen\u00e7a de profissionais dos Correios, para abordar quest\u00f5es relacionadas ao recebimento dos materiais did\u00e1ticos de acordo com o protocolo de seguran\u00e7a exigido neste momento de pandemia.<\/p>\n<p>&#8220;O encontro \u00e9 muito importante para que possamos tratar das a\u00e7\u00f5es desenvolvidas pelo PNLD, com discuss\u00f5es e planejamento, de forma conjunta. Com esses debates conseguimos buscar melhorias na execu\u00e7\u00e3o do programa em todos os recantos do Brasil\u201d, ressaltou N\u00e1dja C\u00e9zar, coordenadora-geral dos Programas do Livro do FNDE.<\/p>\n<p>O evento virtual ocorrer\u00e1 por meio da plataforma RNP, para t\u00e9cnicos indicados e inscritos pelas secretarias municipais e estadual do Rio Grande do Sul.<\/p>\n","protected":false},"excerpt":{"rendered":"<p>O Fundo Nacional de Desenvolvimento da Educa\u00e7\u00e3o (FNDE) promover\u00e1 o 10\u00ba Encontro T\u00e9cnico Estadual do Programa Nacional do Livro e do Material Did\u00e1tico (PNLD) na pr\u00f3xima ter\u00e7a-feira, dia 30, para agentes educacionais do Rio Grande do Sul.<\/p>\n","protected":false},"author":4,"featured_media":0,"comment_status":"closed","ping_status":"closed","sticky":false,"template":"","format":"standard","meta":{"footnotes":"","_links_to":"","_links_to_target":""},"categories":[9,10],"tags":[],"class_list":["post-13592","post","type-post","status-publish","format-standard","hentry","category-noticias-da-imprensa","category-pnld-programa-nacional-do-livro-e-do-material-didatico"],"yoast_head":"<!-- This site is optimized with the Yoast SEO plugin v15.1 - https:\/\/yoast.com\/wordpress\/plugins\/seo\/ -->\n<title>PNLD promove encontro virtual para agentes educacionais do Estado do Rio Grande do Sul &raquo; Abrelivros<\/title>\n<meta name=\"robots\" content=\"index, follow, max-snippet:-1, max-image-preview:large, max-video-preview:-1\" \/>\n<link rel=\"canonical\" href=\"https:\/\/abrelivros.org.br\/site\/pnld-promove-encontro-virtual-para-agentes-educacionais-do-estado-do-rio-grande-do-sul\/\" \/>\n<meta property=\"og:locale\" content=\"pt_BR\" \/>\n<meta property=\"og:type\" content=\"article\" \/>\n<meta property=\"og:title\" content=\"PNLD promove encontro virtual para agentes educacionais do Estado do Rio Grande do Sul &raquo; Abrelivros\" \/>\n<meta property=\"og:description\" content=\"O Fundo Nacional de Desenvolvimento da Educa\u00e7\u00e3o (FNDE) promover\u00e1 o 10\u00ba Encontro T\u00e9cnico Estadual do Programa Nacional do Livro e do Material Did\u00e1tico (PNLD) na pr\u00f3xima ter\u00e7a-feira, dia 30, para agentes educacionais do Rio Grande do Sul.\" \/>\n<meta property=\"og:url\" content=\"https:\/\/abrelivros.org.br\/site\/pnld-promove-encontro-virtual-para-agentes-educacionais-do-estado-do-rio-grande-do-sul\/\" \/>\n<meta property=\"og:site_name\" content=\"Abrelivros\" \/>\n<meta property=\"article:published_time\" content=\"2021-03-26T17:25:31+00:00\" \/>\n<meta name=\"twitter:card\" content=\"summary_large_image\" \/>\n<script type=\"application\/ld+json\" class=\"yoast-schema-graph\">{\"@context\":\"https:\/\/schema.org\",\"@graph\":[{\"@type\":\"WebSite\",\"@id\":\"https:\/\/abrelivros.org.br\/site\/#website\",\"url\":\"https:\/\/abrelivros.org.br\/site\/\",\"name\":\"Abrelivros\",\"description\":\"\",\"potentialAction\":[{\"@type\":\"SearchAction\",\"target\":\"https:\/\/abrelivros.org.br\/site\/?s={search_term_string}\",\"query-input\":\"required name=search_term_string\"}],\"inLanguage\":\"pt-BR\"},{\"@type\":\"WebPage\",\"@id\":\"https:\/\/abrelivros.org.br\/site\/pnld-promove-encontro-virtual-para-agentes-educacionais-do-estado-do-rio-grande-do-sul\/#webpage\",\"url\":\"https:\/\/abrelivros.org.br\/site\/pnld-promove-encontro-virtual-para-agentes-educacionais-do-estado-do-rio-grande-do-sul\/\",\"name\":\"PNLD promove encontro virtual para agentes educacionais do Estado do Rio Grande do Sul &raquo; Abrelivros\",\"isPartOf\":{\"@id\":\"https:\/\/abrelivros.org.br\/site\/#website\"},\"datePublished\":\"2021-03-26T17:25:31+00:00\",\"dateModified\":\"2021-03-26T17:25:31+00:00\",\"author\":{\"@id\":\"https:\/\/abrelivros.org.br\/site\/#\/schema\/person\/65db80e26409802ce15ac5feec6a15fd\"},\"breadcrumb\":{\"@id\":\"https:\/\/abrelivros.org.br\/site\/pnld-promove-encontro-virtual-para-agentes-educacionais-do-estado-do-rio-grande-do-sul\/#breadcrumb\"},\"inLanguage\":\"pt-BR\",\"potentialAction\":[{\"@type\":\"ReadAction\",\"target\":[\"https:\/\/abrelivros.org.br\/site\/pnld-promove-encontro-virtual-para-agentes-educacionais-do-estado-do-rio-grande-do-sul\/\"]}]},{\"@type\":\"BreadcrumbList\",\"@id\":\"https:\/\/abrelivros.org.br\/site\/pnld-promove-encontro-virtual-para-agentes-educacionais-do-estado-do-rio-grande-do-sul\/#breadcrumb\",\"itemListElement\":[{\"@type\":\"ListItem\",\"position\":1,\"item\":{\"@type\":\"WebPage\",\"@id\":\"https:\/\/abrelivros.org.br\/site\/\",\"url\":\"https:\/\/abrelivros.org.br\/site\/\",\"name\":\"In\\u00edcio\"}},{\"@type\":\"ListItem\",\"position\":2,\"item\":{\"@type\":\"WebPage\",\"@id\":\"https:\/\/abrelivros.org.br\/site\/category\/noticias\/\",\"url\":\"https:\/\/abrelivros.org.br\/site\/category\/noticias\/\",\"name\":\"Not\\u00edcias\"}},{\"@type\":\"ListItem\",\"position\":3,\"item\":{\"@type\":\"WebPage\",\"@id\":\"https:\/\/abrelivros.org.br\/site\/category\/noticias\/noticias-da-imprensa\/\",\"url\":\"https:\/\/abrelivros.org.br\/site\/category\/noticias\/noticias-da-imprensa\/\",\"name\":\"Not\\u00edcias da imprensa\"}},{\"@type\":\"ListItem\",\"position\":4,\"item\":{\"@type\":\"WebPage\",\"@id\":\"https:\/\/abrelivros.org.br\/site\/pnld-promove-encontro-virtual-para-agentes-educacionais-do-estado-do-rio-grande-do-sul\/\",\"url\":\"https:\/\/abrelivros.org.br\/site\/pnld-promove-encontro-virtual-para-agentes-educacionais-do-estado-do-rio-grande-do-sul\/\",\"name\":\"PNLD promove encontro virtual para agentes educacionais do Estado do Rio Grande do Sul\"}}]},{\"@type\":\"Person\",\"@id\":\"https:\/\/abrelivros.org.br\/site\/#\/schema\/person\/65db80e26409802ce15ac5feec6a15fd\",\"name\":\"Reda\\u00e7\\u00e3o Abrelivros\",\"image\":{\"@type\":\"ImageObject\",\"@id\":\"https:\/\/abrelivros.org.br\/site\/#personlogo\",\"inLanguage\":\"pt-BR\",\"url\":\"https:\/\/secure.gravatar.com\/avatar\/c4e57f9c7e3482965bd428192061218520756c39080b1d1820b679fa5e9af192?s=96&d=mm&r=g\",\"caption\":\"Reda\\u00e7\\u00e3o Abrelivros\"}}]}<\/script>\n<!-- \/ Yoast SEO plugin. -->","_links":{"self":[{"href":"https:\/\/abrelivros.org.br\/site\/wp-json\/wp\/v2\/posts\/13592","targetHints":{"allow":["GET"]}}],"collection":[{"href":"https:\/\/abrelivros.org.br\/site\/wp-json\/wp\/v2\/posts"}],"about":[{"href":"https:\/\/abrelivros.org.br\/site\/wp-json\/wp\/v2\/types\/post"}],"author":[{"embeddable":true,"href":"https:\/\/abrelivros.org.br\/site\/wp-json\/wp\/v2\/users\/4"}],"replies":[{"embeddable":true,"href":"https:\/\/abrelivros.org.br\/site\/wp-json\/wp\/v2\/comments?post=13592"}],"version-history":[{"count":1,"href":"https:\/\/abrelivros.org.br\/site\/wp-json\/wp\/v2\/posts\/13592\/revisions"}],"predecessor-version":[{"id":13593,"href":"https:\/\/abrelivros.org.br\/site\/wp-json\/wp\/v2\/posts\/13592\/revisions\/13593"}],"wp:attachment":[{"href":"https:\/\/abrelivros.org.br\/site\/wp-json\/wp\/v2\/media?parent=13592"}],"wp:term":[{"taxonomy":"category","embeddable":true,"href":"https:\/\/abrelivros.org.br\/site\/wp-json\/wp\/v2\/categories?post=13592"},{"taxonomy":"post_tag","embeddable":true,"href":"https:\/\/abrelivros.org.br\/site\/wp-json\/wp\/v2\/tags?post=13592"}],"curies":[{"name":"wp","href":"https:\/\/api.w.org\/{rel}","templated":true}]}}