{"id":13590,"date":"2021-03-26T14:23:47","date_gmt":"2021-03-26T17:23:47","guid":{"rendered":"https:\/\/abrelivros.org.br\/site\/?p=13590"},"modified":"2021-03-26T14:23:47","modified_gmt":"2021-03-26T17:23:47","slug":"em-resposta-ao-pedido-por-mais-descontos-pela-amazon-snel-pede-um-ambiente-saudavel-nos-negocios","status":"publish","type":"post","link":"https:\/\/abrelivros.org.br\/site\/em-resposta-ao-pedido-por-mais-descontos-pela-amazon-snel-pede-um-ambiente-saudavel-nos-negocios\/","title":{"rendered":"Em resposta ao pedido por mais descontos pela Amazon, SNEL pede \u2018um ambiente saud\u00e1vel nos neg\u00f3cios\u2019"},"content":{"rendered":"<p>O Sindicato Nacional dos Editores de Livros (SNEL) enviou aos seus associados uma carta em que se posiciona, mesmo sem citar o nome da varejista, a respeito da press\u00e3o da Amazon por mais descontos na rela\u00e7\u00e3o comercial com seus fornecedores de livros.<!--more--><br \/>\nNo documento, intitulado Por um ambiente saud\u00e1vel nos neg\u00f3cios, a entidade diz acompanhar atentamente os \u201crecentes debates sobre a situa\u00e7\u00e3o do mercado livreiro face ao agravamento da pandemia de covid-19 no Brasil e \u00e0s pr\u00e1ticas comerciais criadas ou intensificadas em decorr\u00eancia dessa nova realidade\u201d.<\/p>\n<p>O sindicato destaca que um desses debates \u00e9 em torno de \u201cuma pol\u00edtica de descontos excessivos aplicada ao pre\u00e7o de capa dos livros (lan\u00e7amentos ou n\u00e3o) e concentrada no e-commerce, canal que ganhou protagonismo neste per\u00edodo.\u201d E lembram que o <a href=\"https:\/\/www.publishnews.com.br\/materias\/2021\/03\/23\/carnaval-da-ficcao\" target=\"_blank\" rel=\"noopener noreferrer\">segundo Painel do Varejo de Livros no Brasil<\/a> detectou aumento de 8 pontos percentuais no valor do desconto m\u00e9dio concedido nas vendas e completa: \u201c\u00c9 fundamental esclarecer que \u2013 ao contr\u00e1rio do que o senso comum leva a crer \u2013 os crescentes descontos n\u00e3o deflagram um cen\u00e1rio positivo para o mercado livreiro.\u201d<\/p>\n<p>\u201cTal movimento afeta drasticamente as margens de lucro das editoras e livrarias, que acompanham a deprecia\u00e7\u00e3o de valor comercial e cultural de seus produtos, o que, em \u00faltima an\u00e1lise, enfraquece a bibliodiversidade brasileira\u201d, segue o documento.<\/p>\n<p>\u201cNosso desejo \u00e9 que as rela\u00e7\u00f5es comerciais sejam pautadas pela transpar\u00eancia e equil\u00edbrio entre todos os entes da cadeia livreira, que, no longo prazo, trar\u00e1 ganhos enormes para a ind\u00fastria e consequentemente para a na\u00e7\u00e3o leitora que lutamos para fomentar\u201d, conclui o documento que pode ser lido na \u00edntegra no fim desta mat\u00e9ria.<\/p>\n<p><strong>Relembre o caso<\/strong><\/p>\n<p>Na segunda semana de mar\u00e7o, a Amazon disparou, para alguns dos seus fornecedores, um e-mail em que <a href=\"https:\/\/www.publishnews.com.br\/materias\/2021\/03\/16\/amazon-arrocha-editoras-e-pede-mais-descontos-na-compra-de-livros\" target=\"_blank\" rel=\"noopener noreferrer\">prop\u00f5e um novo acordo para descontos<\/a> sobre o pre\u00e7o de capa de livros. Para as editoras que vinham praticando descontos inferiores a 55%, a varejista prop\u00f4s desconto que variam de 55% a 58% mais 5% de \u201cplano de marketing\u201d.<\/p>\n<p>De imediato, houve um posicionamento do <a href=\"https:\/\/www.publishnews.com.br\/materias\/2021\/03\/17\/bibliodiversidade-x-distribuicao\" target=\"_blank\" rel=\"noopener noreferrer\">presidente da Liga Brasileira de Editoras<\/a> (Libre), Tomaz Adour, que foi taxativo: \u201cN\u00e3o h\u00e1 espa\u00e7o para mais descontos\u201d.<\/p>\n<p>O grupo<a href=\"https:\/\/www.publishnews.com.br\/materias\/2021\/03\/18\/editores-se-unem-contra-pressao-da-amazon-por-mais-descontos\" target=\"_blank\" rel=\"noopener noreferrer\"> Juntos pelo Livro tamb\u00e9m se posicionou<\/a>. O grupo re\u00fane cerca de 120 editoras e cerca de 90 assinaram o documento que defende: \u201ccondi\u00e7\u00f5es solicitadas est\u00e3o muito al\u00e9m das possibilidades\u201d.<\/p>\n<p>A Amazon, por sua vez, fez um <a href=\"https:\/\/www.publishnews.com.br\/materias\/2021\/03\/19\/amazon-se-pronuncia-sobre-pedido-por-mais-descontos\" target=\"_blank\" rel=\"noopener noreferrer\">pronunciamento<\/a> que pouco (ou nada) diz. A varejista se limitou a dizer: &#8220;Na Amazon, acreditamos que autores, editores e livreiros trabalham juntos para conectar os leitores aos livros. N\u00f3s n\u00e3o comentamos acordos espec\u00edficos com nossos parceiros comerciais&#8221;.<\/p>\n<p><strong>Por um ambiente saud\u00e1vel nos neg\u00f3cios<\/strong><\/p>\n<p>\u201cAutor, editor e livreiro formam uma trinca insepar\u00e1vel, pela identidade de interesses culturais e econ\u00f4micos. Aquele que pense em se afastar dos outros vai se dar mal.\u201d \u2013 Carlos Drummond de Andrade<\/p>\n<p>Cunhada em uma placa afixada na sede do Sindicato Nacional dos Editores de Livros (SNEL), a frase acima \u00e9 uma s\u00edntese dos princ\u00edpios sustentados pela entidade de classe ao longo de seus quase 80 anos: a representa\u00e7\u00e3o dos editores, indissoci\u00e1vel da defesa do livro e da leitura no pa\u00eds e do equil\u00edbrio de sua cadeia produtiva.<\/p>\n<p>O SNEL acompanha atentamente os recentes debates sobre a situa\u00e7\u00e3o do mercado livreiro face ao agravamento da pandemia de covid-19 no Brasil e \u00e0s pr\u00e1ticas comerciais criadas ou intensificadas em decorr\u00eancia dessa nova realidade \u2013 que nem sempre est\u00e3o em conson\u00e2ncia com o conceito de uni\u00e3o celebrado por Drummond e por n\u00f3s.<\/p>\n<p>Uma delas \u00e9 uma pol\u00edtica de descontos excessivos aplicada ao pre\u00e7o de capa dos livros (lan\u00e7amentos ou n\u00e3o) e concentrada no e-commerce, canal que ganhou protagonismo neste per\u00edodo. Dados do 2\u00ba. Painel do Varejo de Livros deste ano, estudo da Nielsen em parceria com o SNEL, revelam que, no comparativo entre 2020 e 2021, houve um aumento de 8 p.p. (pontos percentuais) no valor do desconto m\u00e9dio concedido nas vendas. \u00c9 fundamental esclarecer que \u2013 ao contr\u00e1rio do que o senso comum leva a crer \u2013 os crescentes descontos n\u00e3o deflagram um cen\u00e1rio positivo para o mercado livreiro.<\/p>\n<p>Tal movimento afeta drasticamente as margens de lucro das editoras e livrarias, que acompanham a deprecia\u00e7\u00e3o de valor comercial e cultural de seus produtos, o que, em \u00faltima an\u00e1lise, enfraquece a bibliodiversidade brasileira. O aumento da variedade de t\u00edtulos circulando na sociedade e a amplia\u00e7\u00e3o dos \u00edndices de leitura no pa\u00eds s\u00e3o bandeiras perenes e priorit\u00e1rias em nossos posicionamentos nos \u00e2mbitos pol\u00edtico, social e econ\u00f4mico.<\/p>\n<p>Por isso, diante das discuss\u00f5es em voga atualmente no setor do livro no pa\u00eds, torna-se ainda mais importante a manifesta\u00e7\u00e3o p\u00fablica do SNEL em defesa de um ambiente saud\u00e1vel de neg\u00f3cios. Nosso desejo \u00e9 que as rela\u00e7\u00f5es comerciais sejam pautadas pela transpar\u00eancia e equil\u00edbrio entre todos os entes da cadeia livreira, que, no longo prazo, trar\u00e1 ganhos enormes para a ind\u00fastria e consequentemente para a na\u00e7\u00e3o leitora que lutamos para fomentar.<\/p>\n","protected":false},"excerpt":{"rendered":"<p>O Sindicato Nacional dos Editores de Livros (SNEL) enviou aos seus associados uma carta em que se posiciona, mesmo sem citar o nome da varejista, a respeito da press\u00e3o da Amazon por mais descontos na rela\u00e7\u00e3o comercial com seus fornecedores de livros.<\/p>\n","protected":false},"author":4,"featured_media":0,"comment_status":"closed","ping_status":"closed","sticky":false,"template":"","format":"standard","meta":{"footnotes":"","_links_to":"","_links_to_target":""},"categories":[9],"tags":[],"class_list":["post-13590","post","type-post","status-publish","format-standard","hentry","category-noticias-da-imprensa"],"yoast_head":"<!-- This site is optimized with the Yoast SEO plugin v15.1 - https:\/\/yoast.com\/wordpress\/plugins\/seo\/ -->\n<title>Em resposta ao pedido por mais descontos pela Amazon, SNEL pede \u2018um ambiente saud\u00e1vel nos neg\u00f3cios\u2019 &raquo; Abrelivros<\/title>\n<meta name=\"robots\" content=\"index, follow, max-snippet:-1, max-image-preview:large, max-video-preview:-1\" \/>\n<link rel=\"canonical\" href=\"https:\/\/abrelivros.org.br\/site\/em-resposta-ao-pedido-por-mais-descontos-pela-amazon-snel-pede-um-ambiente-saudavel-nos-negocios\/\" \/>\n<meta property=\"og:locale\" content=\"pt_BR\" \/>\n<meta property=\"og:type\" content=\"article\" \/>\n<meta property=\"og:title\" content=\"Em resposta ao pedido por mais descontos pela Amazon, SNEL pede \u2018um ambiente saud\u00e1vel nos neg\u00f3cios\u2019 &raquo; Abrelivros\" \/>\n<meta property=\"og:description\" content=\"O Sindicato Nacional dos Editores de Livros (SNEL) enviou aos seus associados uma carta em que se posiciona, mesmo sem citar o nome da varejista, a respeito da press\u00e3o da Amazon por mais descontos na rela\u00e7\u00e3o comercial com seus fornecedores de livros.\" \/>\n<meta property=\"og:url\" content=\"https:\/\/abrelivros.org.br\/site\/em-resposta-ao-pedido-por-mais-descontos-pela-amazon-snel-pede-um-ambiente-saudavel-nos-negocios\/\" \/>\n<meta property=\"og:site_name\" content=\"Abrelivros\" \/>\n<meta property=\"article:published_time\" content=\"2021-03-26T17:23:47+00:00\" \/>\n<meta name=\"twitter:card\" content=\"summary_large_image\" \/>\n<script type=\"application\/ld+json\" class=\"yoast-schema-graph\">{\"@context\":\"https:\/\/schema.org\",\"@graph\":[{\"@type\":\"WebSite\",\"@id\":\"https:\/\/abrelivros.org.br\/site\/#website\",\"url\":\"https:\/\/abrelivros.org.br\/site\/\",\"name\":\"Abrelivros\",\"description\":\"\",\"potentialAction\":[{\"@type\":\"SearchAction\",\"target\":\"https:\/\/abrelivros.org.br\/site\/?s={search_term_string}\",\"query-input\":\"required name=search_term_string\"}],\"inLanguage\":\"pt-BR\"},{\"@type\":\"WebPage\",\"@id\":\"https:\/\/abrelivros.org.br\/site\/em-resposta-ao-pedido-por-mais-descontos-pela-amazon-snel-pede-um-ambiente-saudavel-nos-negocios\/#webpage\",\"url\":\"https:\/\/abrelivros.org.br\/site\/em-resposta-ao-pedido-por-mais-descontos-pela-amazon-snel-pede-um-ambiente-saudavel-nos-negocios\/\",\"name\":\"Em resposta ao pedido por mais descontos pela Amazon, SNEL pede \\u2018um ambiente saud\\u00e1vel nos neg\\u00f3cios\\u2019 &raquo; Abrelivros\",\"isPartOf\":{\"@id\":\"https:\/\/abrelivros.org.br\/site\/#website\"},\"datePublished\":\"2021-03-26T17:23:47+00:00\",\"dateModified\":\"2021-03-26T17:23:47+00:00\",\"author\":{\"@id\":\"https:\/\/abrelivros.org.br\/site\/#\/schema\/person\/65db80e26409802ce15ac5feec6a15fd\"},\"breadcrumb\":{\"@id\":\"https:\/\/abrelivros.org.br\/site\/em-resposta-ao-pedido-por-mais-descontos-pela-amazon-snel-pede-um-ambiente-saudavel-nos-negocios\/#breadcrumb\"},\"inLanguage\":\"pt-BR\",\"potentialAction\":[{\"@type\":\"ReadAction\",\"target\":[\"https:\/\/abrelivros.org.br\/site\/em-resposta-ao-pedido-por-mais-descontos-pela-amazon-snel-pede-um-ambiente-saudavel-nos-negocios\/\"]}]},{\"@type\":\"BreadcrumbList\",\"@id\":\"https:\/\/abrelivros.org.br\/site\/em-resposta-ao-pedido-por-mais-descontos-pela-amazon-snel-pede-um-ambiente-saudavel-nos-negocios\/#breadcrumb\",\"itemListElement\":[{\"@type\":\"ListItem\",\"position\":1,\"item\":{\"@type\":\"WebPage\",\"@id\":\"https:\/\/abrelivros.org.br\/site\/\",\"url\":\"https:\/\/abrelivros.org.br\/site\/\",\"name\":\"In\\u00edcio\"}},{\"@type\":\"ListItem\",\"position\":2,\"item\":{\"@type\":\"WebPage\",\"@id\":\"https:\/\/abrelivros.org.br\/site\/category\/noticias\/\",\"url\":\"https:\/\/abrelivros.org.br\/site\/category\/noticias\/\",\"name\":\"Not\\u00edcias\"}},{\"@type\":\"ListItem\",\"position\":3,\"item\":{\"@type\":\"WebPage\",\"@id\":\"https:\/\/abrelivros.org.br\/site\/category\/noticias\/noticias-da-imprensa\/\",\"url\":\"https:\/\/abrelivros.org.br\/site\/category\/noticias\/noticias-da-imprensa\/\",\"name\":\"Not\\u00edcias da imprensa\"}},{\"@type\":\"ListItem\",\"position\":4,\"item\":{\"@type\":\"WebPage\",\"@id\":\"https:\/\/abrelivros.org.br\/site\/em-resposta-ao-pedido-por-mais-descontos-pela-amazon-snel-pede-um-ambiente-saudavel-nos-negocios\/\",\"url\":\"https:\/\/abrelivros.org.br\/site\/em-resposta-ao-pedido-por-mais-descontos-pela-amazon-snel-pede-um-ambiente-saudavel-nos-negocios\/\",\"name\":\"Em resposta ao pedido por mais descontos pela Amazon, SNEL pede \\u2018um ambiente saud\\u00e1vel nos neg\\u00f3cios\\u2019\"}}]},{\"@type\":\"Person\",\"@id\":\"https:\/\/abrelivros.org.br\/site\/#\/schema\/person\/65db80e26409802ce15ac5feec6a15fd\",\"name\":\"Reda\\u00e7\\u00e3o Abrelivros\",\"image\":{\"@type\":\"ImageObject\",\"@id\":\"https:\/\/abrelivros.org.br\/site\/#personlogo\",\"inLanguage\":\"pt-BR\",\"url\":\"https:\/\/secure.gravatar.com\/avatar\/c4e57f9c7e3482965bd428192061218520756c39080b1d1820b679fa5e9af192?s=96&d=mm&r=g\",\"caption\":\"Reda\\u00e7\\u00e3o Abrelivros\"}}]}<\/script>\n<!-- \/ Yoast SEO plugin. -->","_links":{"self":[{"href":"https:\/\/abrelivros.org.br\/site\/wp-json\/wp\/v2\/posts\/13590","targetHints":{"allow":["GET"]}}],"collection":[{"href":"https:\/\/abrelivros.org.br\/site\/wp-json\/wp\/v2\/posts"}],"about":[{"href":"https:\/\/abrelivros.org.br\/site\/wp-json\/wp\/v2\/types\/post"}],"author":[{"embeddable":true,"href":"https:\/\/abrelivros.org.br\/site\/wp-json\/wp\/v2\/users\/4"}],"replies":[{"embeddable":true,"href":"https:\/\/abrelivros.org.br\/site\/wp-json\/wp\/v2\/comments?post=13590"}],"version-history":[{"count":1,"href":"https:\/\/abrelivros.org.br\/site\/wp-json\/wp\/v2\/posts\/13590\/revisions"}],"predecessor-version":[{"id":13591,"href":"https:\/\/abrelivros.org.br\/site\/wp-json\/wp\/v2\/posts\/13590\/revisions\/13591"}],"wp:attachment":[{"href":"https:\/\/abrelivros.org.br\/site\/wp-json\/wp\/v2\/media?parent=13590"}],"wp:term":[{"taxonomy":"category","embeddable":true,"href":"https:\/\/abrelivros.org.br\/site\/wp-json\/wp\/v2\/categories?post=13590"},{"taxonomy":"post_tag","embeddable":true,"href":"https:\/\/abrelivros.org.br\/site\/wp-json\/wp\/v2\/tags?post=13590"}],"curies":[{"name":"wp","href":"https:\/\/api.w.org\/{rel}","templated":true}]}}