{"id":13588,"date":"2021-03-26T14:16:33","date_gmt":"2021-03-26T17:16:33","guid":{"rendered":"https:\/\/abrelivros.org.br\/site\/?p=13588"},"modified":"2021-03-26T14:16:33","modified_gmt":"2021-03-26T17:16:33","slug":"ao-menos-3-estados-ja-preveem-vacinar-professores-entre-abril-e-fim-de-maio","status":"publish","type":"post","link":"https:\/\/abrelivros.org.br\/site\/ao-menos-3-estados-ja-preveem-vacinar-professores-entre-abril-e-fim-de-maio\/","title":{"rendered":"Ao menos 3 estados j\u00e1 preveem vacinar professores entre abril e fim de maio"},"content":{"rendered":"<p>Ao menos tr\u00eas estados \u2013 S\u00e3o Paulo, Esp\u00edrito Santo e Paran\u00e1 \u2013 anunciaram a previs\u00e3o de vacinar professores e profissionais da educa\u00e7\u00e3o entre abril e maio, de acordo com um levantamento feito pelo Conselho Nacional de Secret\u00e1rios de Educa\u00e7\u00e3o (Consed) a pedido do G1.<!--more--><\/p>\n<p>Em S\u00e3o Paulo, a imuniza\u00e7\u00e3o dos professores deve ocorrer <a href=\"https:\/\/g1.globo.com\/sp\/sao-paulo\/noticia\/2021\/03\/24\/sp-anuncia-vacinacao-contra-covid-19-de-professores-e-policiais.ghtml\" target=\"_blank\" rel=\"noopener noreferrer\">a partir de 12 de abril<\/a>. A expectativa \u00e9 vacinar 350 mil profissionais da educa\u00e7\u00e3o. A prioridade ser\u00e3o profissionais da educa\u00e7\u00e3o b\u00e1sica (desde a creche at\u00e9 o ensino m\u00e9dio). No Esp\u00edrito Santo, a vacina\u00e7\u00e3o deve ocorrer<a href=\"https:\/\/g1.globo.com\/es\/espirito-santo\/noticia\/2021\/03\/25\/governador-do-es-anuncia-fechamento-mais-restrito-do-comercio-e-suspende-transporte-publico.ghtml\" target=\"_blank\" rel=\"noopener noreferrer\"> a partir de 15 de abril<\/a>.<\/p>\n<p>No Paran\u00e1, a previs\u00e3o \u00e9 imunizar os docentes at\u00e9 o fim de maio. De acordo com a Secretaria Estadual de Educa\u00e7\u00e3o, &#8220;a programa\u00e7\u00e3o \u00e9 vacinar 4 milh\u00f5es de pessoas dos grupos priorit\u00e1rios at\u00e9 o dia 31 de maio, no qual est\u00e3o os professores e todos os trabalhadores da Educa\u00e7\u00e3o&#8221;.<\/p>\n<p>No in\u00edcio de mar\u00e7o, o ministro da Educa\u00e7\u00e3o, Milton Ribeiro, anunciou que havia pedido a inclus\u00e3o dos profissionais de educa\u00e7\u00e3o no Plano Nacional de Imuniza\u00e7\u00e3o. O Minist\u00e9rio da Sa\u00fade afirmou ao G1, na \u00e9poca, <a href=\"https:\/\/g1.globo.com\/bemestar\/coronavirus\/noticia\/2021\/03\/05\/vacinacao-de-professores-ainda-nao-tem-data-e-ministerio-mantem-ordem-em-lista-de-prioridades-entenda.ghtml\" target=\"_blank\" rel=\"noopener noreferrer\">que os professores j\u00e1 estavam entre os priorit\u00e1rios<\/a> e que, naquele momento, n\u00e3o havia &#8220;ampla disponibilidade da vacina no mercado mundial&#8221;. Na lista de prioridades, os profissionais da educa\u00e7\u00e3o est\u00e3o em 15\u00ba lugar.<\/p>\n<p>De acordo com o Censo Escolar 2020, h\u00e1 2,2 milh\u00f5es de professores da educa\u00e7\u00e3o b\u00e1sica e 161.183 diretores atuando nas 179,5 mil escolas no Brasil. No ensino superior, havia 339,9 mil docentes em exerc\u00edcio em 2019, dado mais recente dispon\u00edvel.<\/p>\n<p>A imuniza\u00e7\u00e3o ampla dos professores e profissionais da educa\u00e7\u00e3o poder\u00e1 garantir um retorno mais seguro \u00e0s salas de aulas, fechadas em mar\u00e7o do ano passado para conter a pandemia do coronav\u00edrus.<\/p>\n<p>Em dezembro, a Organiza\u00e7\u00e3o das Na\u00e7\u00f5es Unidas para a Educa\u00e7\u00e3o, a Ci\u00eancia e a Cultura (Unesco) pediu prioridade dos professores no acesso \u00e0s vacinas contra a Covid-19, ao considerar que estes profissionais devem ser tratados como trabalhadores da &#8220;linha de frente&#8221;.<\/p>\n<p>&#8220;Ao ver os avan\u00e7os positivos em rela\u00e7\u00e3o \u00e0 vacina\u00e7\u00e3o, acreditamos que os docentes e o pessoal de apoio \u00e0 educa\u00e7\u00e3o devem ser considerados grupo priorit\u00e1rio&#8221;, disse a chefe da Unesco, Audrey Azoulay, em mensagem conjunta em v\u00eddeo com o diretor da organiza\u00e7\u00e3o de docentes da Internacional da Educa\u00e7\u00e3o (IE), David Edwards.<\/p>\n","protected":false},"excerpt":{"rendered":"<p>Ao menos tr\u00eas estados \u2013 S\u00e3o Paulo, Esp\u00edrito Santo e Paran\u00e1 \u2013 anunciaram a previs\u00e3o de vacinar professores e profissionais da educa\u00e7\u00e3o entre abril e maio, de acordo com um levantamento feito pelo Conselho Nacional de Secret\u00e1rios de Educa\u00e7\u00e3o (Consed) a pedido do G1.<\/p>\n","protected":false},"author":4,"featured_media":0,"comment_status":"closed","ping_status":"closed","sticky":false,"template":"","format":"standard","meta":{"footnotes":"","_links_to":"","_links_to_target":""},"categories":[9],"tags":[],"class_list":["post-13588","post","type-post","status-publish","format-standard","hentry","category-noticias-da-imprensa"],"yoast_head":"<!-- This site is optimized with the Yoast SEO plugin v15.1 - https:\/\/yoast.com\/wordpress\/plugins\/seo\/ -->\n<title>Ao menos 3 estados j\u00e1 preveem vacinar professores entre abril e fim de maio &raquo; Abrelivros<\/title>\n<meta name=\"robots\" content=\"index, follow, max-snippet:-1, max-image-preview:large, max-video-preview:-1\" \/>\n<link rel=\"canonical\" href=\"https:\/\/abrelivros.org.br\/site\/ao-menos-3-estados-ja-preveem-vacinar-professores-entre-abril-e-fim-de-maio\/\" \/>\n<meta property=\"og:locale\" content=\"pt_BR\" \/>\n<meta property=\"og:type\" content=\"article\" \/>\n<meta property=\"og:title\" content=\"Ao menos 3 estados j\u00e1 preveem vacinar professores entre abril e fim de maio &raquo; Abrelivros\" \/>\n<meta property=\"og:description\" content=\"Ao menos tr\u00eas estados \u2013 S\u00e3o Paulo, Esp\u00edrito Santo e Paran\u00e1 \u2013 anunciaram a previs\u00e3o de vacinar professores e profissionais da educa\u00e7\u00e3o entre abril e maio, de acordo com um levantamento feito pelo Conselho Nacional de Secret\u00e1rios de Educa\u00e7\u00e3o (Consed) a pedido do G1.\" \/>\n<meta property=\"og:url\" content=\"https:\/\/abrelivros.org.br\/site\/ao-menos-3-estados-ja-preveem-vacinar-professores-entre-abril-e-fim-de-maio\/\" \/>\n<meta property=\"og:site_name\" content=\"Abrelivros\" \/>\n<meta property=\"article:published_time\" content=\"2021-03-26T17:16:33+00:00\" \/>\n<meta name=\"twitter:card\" content=\"summary_large_image\" \/>\n<script type=\"application\/ld+json\" class=\"yoast-schema-graph\">{\"@context\":\"https:\/\/schema.org\",\"@graph\":[{\"@type\":\"WebSite\",\"@id\":\"https:\/\/abrelivros.org.br\/site\/#website\",\"url\":\"https:\/\/abrelivros.org.br\/site\/\",\"name\":\"Abrelivros\",\"description\":\"\",\"potentialAction\":[{\"@type\":\"SearchAction\",\"target\":\"https:\/\/abrelivros.org.br\/site\/?s={search_term_string}\",\"query-input\":\"required name=search_term_string\"}],\"inLanguage\":\"pt-BR\"},{\"@type\":\"WebPage\",\"@id\":\"https:\/\/abrelivros.org.br\/site\/ao-menos-3-estados-ja-preveem-vacinar-professores-entre-abril-e-fim-de-maio\/#webpage\",\"url\":\"https:\/\/abrelivros.org.br\/site\/ao-menos-3-estados-ja-preveem-vacinar-professores-entre-abril-e-fim-de-maio\/\",\"name\":\"Ao menos 3 estados j\\u00e1 preveem vacinar professores entre abril e fim de maio &raquo; Abrelivros\",\"isPartOf\":{\"@id\":\"https:\/\/abrelivros.org.br\/site\/#website\"},\"datePublished\":\"2021-03-26T17:16:33+00:00\",\"dateModified\":\"2021-03-26T17:16:33+00:00\",\"author\":{\"@id\":\"https:\/\/abrelivros.org.br\/site\/#\/schema\/person\/65db80e26409802ce15ac5feec6a15fd\"},\"breadcrumb\":{\"@id\":\"https:\/\/abrelivros.org.br\/site\/ao-menos-3-estados-ja-preveem-vacinar-professores-entre-abril-e-fim-de-maio\/#breadcrumb\"},\"inLanguage\":\"pt-BR\",\"potentialAction\":[{\"@type\":\"ReadAction\",\"target\":[\"https:\/\/abrelivros.org.br\/site\/ao-menos-3-estados-ja-preveem-vacinar-professores-entre-abril-e-fim-de-maio\/\"]}]},{\"@type\":\"BreadcrumbList\",\"@id\":\"https:\/\/abrelivros.org.br\/site\/ao-menos-3-estados-ja-preveem-vacinar-professores-entre-abril-e-fim-de-maio\/#breadcrumb\",\"itemListElement\":[{\"@type\":\"ListItem\",\"position\":1,\"item\":{\"@type\":\"WebPage\",\"@id\":\"https:\/\/abrelivros.org.br\/site\/\",\"url\":\"https:\/\/abrelivros.org.br\/site\/\",\"name\":\"In\\u00edcio\"}},{\"@type\":\"ListItem\",\"position\":2,\"item\":{\"@type\":\"WebPage\",\"@id\":\"https:\/\/abrelivros.org.br\/site\/category\/noticias\/\",\"url\":\"https:\/\/abrelivros.org.br\/site\/category\/noticias\/\",\"name\":\"Not\\u00edcias\"}},{\"@type\":\"ListItem\",\"position\":3,\"item\":{\"@type\":\"WebPage\",\"@id\":\"https:\/\/abrelivros.org.br\/site\/category\/noticias\/noticias-da-imprensa\/\",\"url\":\"https:\/\/abrelivros.org.br\/site\/category\/noticias\/noticias-da-imprensa\/\",\"name\":\"Not\\u00edcias da imprensa\"}},{\"@type\":\"ListItem\",\"position\":4,\"item\":{\"@type\":\"WebPage\",\"@id\":\"https:\/\/abrelivros.org.br\/site\/ao-menos-3-estados-ja-preveem-vacinar-professores-entre-abril-e-fim-de-maio\/\",\"url\":\"https:\/\/abrelivros.org.br\/site\/ao-menos-3-estados-ja-preveem-vacinar-professores-entre-abril-e-fim-de-maio\/\",\"name\":\"Ao menos 3 estados j\\u00e1 preveem vacinar professores entre abril e fim de maio\"}}]},{\"@type\":\"Person\",\"@id\":\"https:\/\/abrelivros.org.br\/site\/#\/schema\/person\/65db80e26409802ce15ac5feec6a15fd\",\"name\":\"Reda\\u00e7\\u00e3o Abrelivros\",\"image\":{\"@type\":\"ImageObject\",\"@id\":\"https:\/\/abrelivros.org.br\/site\/#personlogo\",\"inLanguage\":\"pt-BR\",\"url\":\"https:\/\/secure.gravatar.com\/avatar\/c4e57f9c7e3482965bd428192061218520756c39080b1d1820b679fa5e9af192?s=96&d=mm&r=g\",\"caption\":\"Reda\\u00e7\\u00e3o Abrelivros\"}}]}<\/script>\n<!-- \/ Yoast SEO plugin. -->","_links":{"self":[{"href":"https:\/\/abrelivros.org.br\/site\/wp-json\/wp\/v2\/posts\/13588","targetHints":{"allow":["GET"]}}],"collection":[{"href":"https:\/\/abrelivros.org.br\/site\/wp-json\/wp\/v2\/posts"}],"about":[{"href":"https:\/\/abrelivros.org.br\/site\/wp-json\/wp\/v2\/types\/post"}],"author":[{"embeddable":true,"href":"https:\/\/abrelivros.org.br\/site\/wp-json\/wp\/v2\/users\/4"}],"replies":[{"embeddable":true,"href":"https:\/\/abrelivros.org.br\/site\/wp-json\/wp\/v2\/comments?post=13588"}],"version-history":[{"count":1,"href":"https:\/\/abrelivros.org.br\/site\/wp-json\/wp\/v2\/posts\/13588\/revisions"}],"predecessor-version":[{"id":13589,"href":"https:\/\/abrelivros.org.br\/site\/wp-json\/wp\/v2\/posts\/13588\/revisions\/13589"}],"wp:attachment":[{"href":"https:\/\/abrelivros.org.br\/site\/wp-json\/wp\/v2\/media?parent=13588"}],"wp:term":[{"taxonomy":"category","embeddable":true,"href":"https:\/\/abrelivros.org.br\/site\/wp-json\/wp\/v2\/categories?post=13588"},{"taxonomy":"post_tag","embeddable":true,"href":"https:\/\/abrelivros.org.br\/site\/wp-json\/wp\/v2\/tags?post=13588"}],"curies":[{"name":"wp","href":"https:\/\/api.w.org\/{rel}","templated":true}]}}