{"id":13586,"date":"2021-03-26T14:10:20","date_gmt":"2021-03-26T17:10:20","guid":{"rendered":"https:\/\/abrelivros.org.br\/site\/?p=13586"},"modified":"2021-03-26T14:10:20","modified_gmt":"2021-03-26T17:10:20","slug":"novo-fundeb-tera-maior-transparencia-e-controle-social-no-uso-dos-recursos-publicos","status":"publish","type":"post","link":"https:\/\/abrelivros.org.br\/site\/novo-fundeb-tera-maior-transparencia-e-controle-social-no-uso-dos-recursos-publicos\/","title":{"rendered":"Novo Fundeb ter\u00e1 maior transpar\u00eancia e controle social no uso dos recursos p\u00fablicos"},"content":{"rendered":"<p>Uma das maiores inova\u00e7\u00f5es apresentada no novo Fundo de Manuten\u00e7\u00e3o e Desenvolvimento da Educa\u00e7\u00e3o B\u00e1sica (Fundeb) \u00e9 o aumento da transpar\u00eancia dos gastos p\u00fablicos. Agora, a nova regulamenta\u00e7\u00e3o determina que bancos e o Fundo Nacional de Desenvolvimento da Educa\u00e7\u00e3o (FNDE) divulguem as informa\u00e7\u00f5es dos extratos das contas banc\u00e1rias que recebem o recurso.<!--more--> Essa medida visa fomentar ainda mais a participa\u00e7\u00e3o da sociedade e o controle social, facilitando o trabalho dos \u00f3rg\u00e3os de controle e o acompanhamento que \u00e9 feito das pol\u00edticas educacionais pelo Minist\u00e9rio da Educa\u00e7\u00e3o (MEC).<\/p>\n<p>Dentre as novidades do novo Fundeb, destaque para o Conselho de Acompanhamento e Controle Social (CACS), que tem o dever de ao apresentar ao Poder Legislativo local e aos \u00f3rg\u00e3os de controle interno e externo manifesta\u00e7\u00e3o formal sobre registros cont\u00e1beis e dos demonstrativos gerenciais do Fundo, dar ampla transpar\u00eancia ao documento em site da internet. Os Conselhos agora cresceram, ganhando novos representantes em todas as esferas de governo.<\/p>\n<p>Os integrantes do CACS, entre outras atribui\u00e7\u00f5es, podem encaminhar requisi\u00e7\u00f5es ao respectivo Poder Executivo, que dever\u00e3o ser respondidas em at\u00e9 20 dias, concedendo imediatamente os documentos requisitados.<\/p>\n<p>Com fins de disponibilizar informa\u00e7\u00f5es atualizadas sobre a composi\u00e7\u00e3o dos conselhos, o FNDE mant\u00e9m o sistema CACS-Fundeb, desenvolvido para que as Secretarias de Educa\u00e7\u00e3o dos Estados, do Distrito Federal e dos Munic\u00edpios, ou \u00f3rg\u00e3o equivalente possam cadastrar os dados de seus respectivos conselhos. O objetivo \u00e9 garantir atualizados os conselhos e conselheiros.<\/p>\n<p>Al\u00e9m disso, o sistema permite que a sociedade fiscalize o correto cumprimento da Lei no que se refere a cria\u00e7\u00e3o e composi\u00e7\u00e3o dos conselhos no \u00e2mbito dos Fundos, na medida em que pode ser acessado por todos os cidad\u00e3os sem a necessidade da utiliza\u00e7\u00e3o de senha, em \/ Fundeb \/ Consultas \/ Cadastro dos Conselhos \/ Consulta ao Cadastro dos Conselhos de Acompanhamento e Controle Social do Fundeb.<\/p>\n<p>J\u00e1 as informa\u00e7\u00f5es relacionadas \u00e0 utiliza\u00e7\u00e3o dos recursos s\u00e3o disponibilizadas bimestralmente no Sistema de Informa\u00e7\u00f5es sobre Or\u00e7amentos P\u00fablicos em Educa\u00e7\u00e3o \u2013 Siope, tamb\u00e9m mantido pelo FNDE. Esse sistema \u00e9 respons\u00e1vel pelo processamento, dissemina\u00e7\u00e3o e acesso p\u00fablico \u00e0s informa\u00e7\u00f5es referentes aos or\u00e7amentos os entes envolvidos, sem preju\u00edzo das atribui\u00e7\u00f5es pr\u00f3prias dos Poderes Legislativos e dos Tribunais de Contas.<\/p>\n<p>Somam-se \u00e0 essas informa\u00e7\u00f5es, agora, dados sobre as institui\u00e7\u00f5es conveniadas beneficiadas com recursos do Fundeb, como nome, n\u00famero de CNPJ, localiza\u00e7\u00e3o, n\u00famero e caracter\u00edsticas das matr\u00edculas e do corpo docente, o volume de recursos p\u00fablicos recebidos do ente federativo concedente, dentre outras.<\/p>\n<p>Dentro do Siope existe ainda o M\u00f3dulo de Acompanhamento e Valida\u00e7\u00e3o do Sistema (MAVS), que foi desenvolvido com a finalidade de possibilitar o acompanhamento da aplica\u00e7\u00e3o dos recursos do Fundeb e dar conformidade entre as informa\u00e7\u00f5es prestadas pelos entes federados ao SIOPE e aos Tribunais de Contas dos Estados, do Distrito Federal e dos Munic\u00edpios.<\/p>\n<p>Por fim, e n\u00e3o menos importante, tamb\u00e9m foi criado o \u201cFale conosco\u201d, que \u00e9 um dos canais disponibilizados pelo FNDE para intera\u00e7\u00e3o com os entes federados. \u00c9 por meio desse canal, por exemplo, que s\u00e3o concedidas senhas, \u00e9 poss\u00edvel tirar d\u00favidas e prestar orienta\u00e7\u00f5es sobre os sistemas Siope e CACs Fundeb.<\/p>\n<p>O \u201c<a href=\"https:\/\/www.fnde.gov.br\/siopefaleconosco\/index.php\/publico\" target=\"_blank\" rel=\"noopener noreferrer\">Fale conosco<\/a>\u201d \u00e9 o meio de comunica\u00e7\u00e3o mais c\u00e9lere para essa comunica\u00e7\u00e3o. Al\u00e9m de guardar o hist\u00f3rico do atendimento, gera protocolo de registro e permite o acompanhamento da demanda no \u00e2mbito do FNDE pelo interessado.<\/p>\n<p>Sobre a gest\u00e3o dos recursos, vale ressaltar que a legisla\u00e7\u00e3o federal veda expressamente a cria\u00e7\u00e3o de outra conta\/desdobramento para transfer\u00eancia ou divis\u00e3o dos recursos. Os repasses ser\u00e3o feitos para conta banc\u00e1ria \u00fanica e espec\u00edfica, vinculada a cada ente governamental benefici\u00e1rio, e destinada \u00e0 movimenta\u00e7\u00e3o apenas dos recursos do Fundo. Caso exista a necessidade de altera\u00e7\u00e3o do n\u00famero da conta deposit\u00e1ria do Fundeb, poder\u00e1 ser providenciado junto \u00e0 respectiva ag\u00eancia em que a conta \u00e9 mantida.<\/p>\n<p>Est\u00e1 garantida, ainda, a publicidade da movimenta\u00e7\u00e3o desses recursos, visando assegurar a transpar\u00eancia necess\u00e1ria, para que, al\u00e9m dos \u00f3rg\u00e3os de controle e o controle social, o cidad\u00e3o possa tamb\u00e9m acompanhar essas a\u00e7\u00f5es.<\/p>\n","protected":false},"excerpt":{"rendered":"<p>Uma das maiores inova\u00e7\u00f5es apresentada no novo Fundo de Manuten\u00e7\u00e3o e Desenvolvimento da Educa\u00e7\u00e3o B\u00e1sica (Fundeb) \u00e9 o aumento da transpar\u00eancia dos gastos p\u00fablicos. Agora, a nova regulamenta\u00e7\u00e3o determina que bancos e o Fundo Nacional de Desenvolvimento da Educa\u00e7\u00e3o (FNDE) divulguem as informa\u00e7\u00f5es dos extratos das contas banc\u00e1rias que recebem o recurso.<\/p>\n","protected":false},"author":4,"featured_media":0,"comment_status":"closed","ping_status":"closed","sticky":false,"template":"","format":"standard","meta":{"footnotes":"","_links_to":"","_links_to_target":""},"categories":[9],"tags":[],"class_list":["post-13586","post","type-post","status-publish","format-standard","hentry","category-noticias-da-imprensa"],"yoast_head":"<!-- This site is optimized with the Yoast SEO plugin v15.1 - https:\/\/yoast.com\/wordpress\/plugins\/seo\/ -->\n<title>Novo Fundeb ter\u00e1 maior transpar\u00eancia e controle social no uso dos recursos p\u00fablicos &raquo; Abrelivros<\/title>\n<meta name=\"robots\" content=\"index, follow, max-snippet:-1, max-image-preview:large, max-video-preview:-1\" \/>\n<link rel=\"canonical\" href=\"https:\/\/abrelivros.org.br\/site\/novo-fundeb-tera-maior-transparencia-e-controle-social-no-uso-dos-recursos-publicos\/\" \/>\n<meta property=\"og:locale\" content=\"pt_BR\" \/>\n<meta property=\"og:type\" content=\"article\" \/>\n<meta property=\"og:title\" content=\"Novo Fundeb ter\u00e1 maior transpar\u00eancia e controle social no uso dos recursos p\u00fablicos &raquo; Abrelivros\" \/>\n<meta property=\"og:description\" content=\"Uma das maiores inova\u00e7\u00f5es apresentada no novo Fundo de Manuten\u00e7\u00e3o e Desenvolvimento da Educa\u00e7\u00e3o B\u00e1sica (Fundeb) \u00e9 o aumento da transpar\u00eancia dos gastos p\u00fablicos. Agora, a nova regulamenta\u00e7\u00e3o determina que bancos e o Fundo Nacional de Desenvolvimento da Educa\u00e7\u00e3o (FNDE) divulguem as informa\u00e7\u00f5es dos extratos das contas banc\u00e1rias que recebem o recurso.\" \/>\n<meta property=\"og:url\" content=\"https:\/\/abrelivros.org.br\/site\/novo-fundeb-tera-maior-transparencia-e-controle-social-no-uso-dos-recursos-publicos\/\" \/>\n<meta property=\"og:site_name\" content=\"Abrelivros\" \/>\n<meta property=\"article:published_time\" content=\"2021-03-26T17:10:20+00:00\" \/>\n<meta name=\"twitter:card\" content=\"summary_large_image\" \/>\n<script type=\"application\/ld+json\" class=\"yoast-schema-graph\">{\"@context\":\"https:\/\/schema.org\",\"@graph\":[{\"@type\":\"WebSite\",\"@id\":\"https:\/\/abrelivros.org.br\/site\/#website\",\"url\":\"https:\/\/abrelivros.org.br\/site\/\",\"name\":\"Abrelivros\",\"description\":\"\",\"potentialAction\":[{\"@type\":\"SearchAction\",\"target\":\"https:\/\/abrelivros.org.br\/site\/?s={search_term_string}\",\"query-input\":\"required name=search_term_string\"}],\"inLanguage\":\"pt-BR\"},{\"@type\":\"WebPage\",\"@id\":\"https:\/\/abrelivros.org.br\/site\/novo-fundeb-tera-maior-transparencia-e-controle-social-no-uso-dos-recursos-publicos\/#webpage\",\"url\":\"https:\/\/abrelivros.org.br\/site\/novo-fundeb-tera-maior-transparencia-e-controle-social-no-uso-dos-recursos-publicos\/\",\"name\":\"Novo Fundeb ter\\u00e1 maior transpar\\u00eancia e controle social no uso dos recursos p\\u00fablicos &raquo; Abrelivros\",\"isPartOf\":{\"@id\":\"https:\/\/abrelivros.org.br\/site\/#website\"},\"datePublished\":\"2021-03-26T17:10:20+00:00\",\"dateModified\":\"2021-03-26T17:10:20+00:00\",\"author\":{\"@id\":\"https:\/\/abrelivros.org.br\/site\/#\/schema\/person\/65db80e26409802ce15ac5feec6a15fd\"},\"breadcrumb\":{\"@id\":\"https:\/\/abrelivros.org.br\/site\/novo-fundeb-tera-maior-transparencia-e-controle-social-no-uso-dos-recursos-publicos\/#breadcrumb\"},\"inLanguage\":\"pt-BR\",\"potentialAction\":[{\"@type\":\"ReadAction\",\"target\":[\"https:\/\/abrelivros.org.br\/site\/novo-fundeb-tera-maior-transparencia-e-controle-social-no-uso-dos-recursos-publicos\/\"]}]},{\"@type\":\"BreadcrumbList\",\"@id\":\"https:\/\/abrelivros.org.br\/site\/novo-fundeb-tera-maior-transparencia-e-controle-social-no-uso-dos-recursos-publicos\/#breadcrumb\",\"itemListElement\":[{\"@type\":\"ListItem\",\"position\":1,\"item\":{\"@type\":\"WebPage\",\"@id\":\"https:\/\/abrelivros.org.br\/site\/\",\"url\":\"https:\/\/abrelivros.org.br\/site\/\",\"name\":\"In\\u00edcio\"}},{\"@type\":\"ListItem\",\"position\":2,\"item\":{\"@type\":\"WebPage\",\"@id\":\"https:\/\/abrelivros.org.br\/site\/category\/noticias\/\",\"url\":\"https:\/\/abrelivros.org.br\/site\/category\/noticias\/\",\"name\":\"Not\\u00edcias\"}},{\"@type\":\"ListItem\",\"position\":3,\"item\":{\"@type\":\"WebPage\",\"@id\":\"https:\/\/abrelivros.org.br\/site\/category\/noticias\/noticias-da-imprensa\/\",\"url\":\"https:\/\/abrelivros.org.br\/site\/category\/noticias\/noticias-da-imprensa\/\",\"name\":\"Not\\u00edcias da imprensa\"}},{\"@type\":\"ListItem\",\"position\":4,\"item\":{\"@type\":\"WebPage\",\"@id\":\"https:\/\/abrelivros.org.br\/site\/novo-fundeb-tera-maior-transparencia-e-controle-social-no-uso-dos-recursos-publicos\/\",\"url\":\"https:\/\/abrelivros.org.br\/site\/novo-fundeb-tera-maior-transparencia-e-controle-social-no-uso-dos-recursos-publicos\/\",\"name\":\"Novo Fundeb ter\\u00e1 maior transpar\\u00eancia e controle social no uso dos recursos p\\u00fablicos\"}}]},{\"@type\":\"Person\",\"@id\":\"https:\/\/abrelivros.org.br\/site\/#\/schema\/person\/65db80e26409802ce15ac5feec6a15fd\",\"name\":\"Reda\\u00e7\\u00e3o Abrelivros\",\"image\":{\"@type\":\"ImageObject\",\"@id\":\"https:\/\/abrelivros.org.br\/site\/#personlogo\",\"inLanguage\":\"pt-BR\",\"url\":\"https:\/\/secure.gravatar.com\/avatar\/c4e57f9c7e3482965bd428192061218520756c39080b1d1820b679fa5e9af192?s=96&d=mm&r=g\",\"caption\":\"Reda\\u00e7\\u00e3o Abrelivros\"}}]}<\/script>\n<!-- \/ Yoast SEO plugin. -->","_links":{"self":[{"href":"https:\/\/abrelivros.org.br\/site\/wp-json\/wp\/v2\/posts\/13586","targetHints":{"allow":["GET"]}}],"collection":[{"href":"https:\/\/abrelivros.org.br\/site\/wp-json\/wp\/v2\/posts"}],"about":[{"href":"https:\/\/abrelivros.org.br\/site\/wp-json\/wp\/v2\/types\/post"}],"author":[{"embeddable":true,"href":"https:\/\/abrelivros.org.br\/site\/wp-json\/wp\/v2\/users\/4"}],"replies":[{"embeddable":true,"href":"https:\/\/abrelivros.org.br\/site\/wp-json\/wp\/v2\/comments?post=13586"}],"version-history":[{"count":1,"href":"https:\/\/abrelivros.org.br\/site\/wp-json\/wp\/v2\/posts\/13586\/revisions"}],"predecessor-version":[{"id":13587,"href":"https:\/\/abrelivros.org.br\/site\/wp-json\/wp\/v2\/posts\/13586\/revisions\/13587"}],"wp:attachment":[{"href":"https:\/\/abrelivros.org.br\/site\/wp-json\/wp\/v2\/media?parent=13586"}],"wp:term":[{"taxonomy":"category","embeddable":true,"href":"https:\/\/abrelivros.org.br\/site\/wp-json\/wp\/v2\/categories?post=13586"},{"taxonomy":"post_tag","embeddable":true,"href":"https:\/\/abrelivros.org.br\/site\/wp-json\/wp\/v2\/tags?post=13586"}],"curies":[{"name":"wp","href":"https:\/\/api.w.org\/{rel}","templated":true}]}}