{"id":13584,"date":"2021-03-25T14:04:06","date_gmt":"2021-03-25T17:04:06","guid":{"rendered":"https:\/\/abrelivros.org.br\/site\/?p=13584"},"modified":"2021-03-25T14:04:06","modified_gmt":"2021-03-25T17:04:06","slug":"especialistas-discutem-perspectivas-para-retomada-de-aulas-presenciais","status":"publish","type":"post","link":"https:\/\/abrelivros.org.br\/site\/especialistas-discutem-perspectivas-para-retomada-de-aulas-presenciais\/","title":{"rendered":"Especialistas discutem perspectivas para retomada de aulas presenciais"},"content":{"rendered":"<p>A presidente do Conselho Nacional de Educa\u00e7\u00e3o (CNE), Maria Helena Guimar\u00e3es de Castro, disse hoje (24) que \u00e9 imposs\u00edvel prever, com algum grau de seguran\u00e7a, quando as escolas e faculdades do Brasil poder\u00e3o retomar as aulas presenciais.<!--more--><\/p>\n<p>Ao participar de semin\u00e1rio virtual realizado pela Associa\u00e7\u00e3o Brasileira de Mantenedoras de Ensino Superior (Abmes), a presidente do \u00f3rg\u00e3o respons\u00e1vel por formular e avaliar a pol\u00edtica nacional setorial e assessorar o Minist\u00e9rio da Educa\u00e7\u00e3o, disse que o aumento do n\u00famero de casos da covid-19 e o consequente agravamento da crise sanit\u00e1ria em todo o pa\u00eds frustrou a expectativa inicial dos especialistas.<\/p>\n<p>\u201cAs orienta\u00e7\u00f5es e normas que o CNE aprovou durante 2020 sinalizavam para uma situa\u00e7\u00e3o muito diferente da atual. Nossa expectativa era iniciar 2021 com uma situa\u00e7\u00e3o mais tranquila, com as escolas se preparando para retomar as atividades presenciais, mas n\u00e3o \u00e9 isto o que est\u00e1 acontecendo\u201d, disse Maria Helena, lembrando que col\u00e9gios que anunciaram uma retomada gradual das atividades presenciais tiveram que voltar atr\u00e1s, enquanto institui\u00e7\u00f5es de ensino superior mant\u00eam a perspectiva de, na melhor das hip\u00f3teses, s\u00f3 voltar a ocupar os campi universit\u00e1rios no segundo semestre.<\/p>\n<p>\u201cEstamos lidando com uma agenda de planejamento imprevis\u00edvel. N\u00e3o sabemos quando as escolas poder\u00e3o retornar ao seu efetivo funcionamento\u201d, reconheceu Maria Helena ao defender que todos os profissionais que trabalham na \u00e1rea da educa\u00e7\u00e3o, do ensino infantil \u00e0 universidade, sejam vacinados o quanto antes poss\u00edvel. \u201cSem isso ser\u00e1 muito dif\u00edcil retomarmos [as atividades] com seguran\u00e7a\u201d.<\/p>\n<p>J\u00e1 a pneumologista e pesquisadora da Fiocruz Margareth Dalcolmo, refor\u00e7ou a import\u00e2ncia de se priorizar a imuniza\u00e7\u00e3o dos trabalhadores do setor.<\/p>\n<p>\u201cEstou segura de que, ap\u00f3s vacinar os idosos e os profissionais de sa\u00fade, temos que imunizar todo o pessoal da educa\u00e7\u00e3o. S\u00f3 assim poderemos reativar o sistema com alguma seguran\u00e7a\u201d, disse a pesquisadora ap\u00f3s declarar que o Brasil vive, hoje, o momento mais grave da pandemia, com o sistema de sa\u00fade exaurido e taxas de transmiss\u00e3o da covid-19 muito altas.<\/p>\n<p>Segundo a especialista, para controlar a doen\u00e7a, al\u00e9m de restringir atividades em v\u00e1rias regi\u00f5es por, no m\u00ednimo, duas semanas, o Brasil deveria vacinar ao menos 1 milh\u00e3o de pessoas por dia. Embora reconhecendo que, em outras condi\u00e7\u00f5es, a meta seria fact\u00edvel, dada a experi\u00eancia e a capilaridade do Sistema \u00danico de Sa\u00fade (SUS), Margareth disse que o ritmo atual \u00e9 condicionado pela oferta de vacinas no mercado global<\/p>\n<p>\u201cO ritmo de vacina\u00e7\u00e3o, no momento, est\u00e1 correto no sentido do planejamento, porque obedece a uma oferta, e n\u00e3o \u00e0 demanda. Ele est\u00e1 ocorrendo de acordo com o que h\u00e1 de existente. Por isso temos que ter todas as negocia\u00e7\u00f5es poss\u00edveis, para termos mais vacinas\u201d, disse a pesquisadora da Fiocruz, frisando que, no ritmo atual, o pa\u00eds demoraria cerca de um ano para imunizar cerca de 70% da popula\u00e7\u00e3o e, assim, come\u00e7ar a conter a dissemina\u00e7\u00e3o do v\u00edrus \u2013 e, isso, contando com que n\u00e3o surjam novas variantes do Sars-CoV-2. \u201cE se n\u00e3o cobrirmos ao menos 70% da popula\u00e7\u00e3o ainda neste semestre, teremos um 2021 ainda muito dif\u00edcil\u201d.<\/p>\n<p>O presidente da Abmes, Celso Niskier, fez coro aos palestrantes, enfatizando a import\u00e2ncia da imuniza\u00e7\u00e3o dos trabalhadores da educa\u00e7\u00e3o. \u201cO setor tem defendido que as escolas sejam as \u00faltimas a fechar e as primeiras a reabrir. Devido ao impacto enorme para o futuro das pr\u00f3ximas gera\u00e7\u00f5es, efeitos que ser\u00e3o sentidos por gera\u00e7\u00f5es, ser\u00e1 necess\u00e1rio n\u00e3o s\u00f3 recuperarmos a aprendizagem, mas tamb\u00e9m reprogramarmos todo o calend\u00e1rio\u201d, disse Niskier.<\/p>\n","protected":false},"excerpt":{"rendered":"<p>A presidente do Conselho Nacional de Educa\u00e7\u00e3o (CNE), Maria Helena Guimar\u00e3es de Castro, disse hoje (24) que \u00e9 imposs\u00edvel prever, com algum grau de seguran\u00e7a, quando as escolas e faculdades do Brasil poder\u00e3o retomar as aulas presenciais.<\/p>\n","protected":false},"author":4,"featured_media":0,"comment_status":"closed","ping_status":"closed","sticky":false,"template":"","format":"standard","meta":{"footnotes":"","_links_to":"","_links_to_target":""},"categories":[9],"tags":[],"class_list":["post-13584","post","type-post","status-publish","format-standard","hentry","category-noticias-da-imprensa"],"yoast_head":"<!-- This site is optimized with the Yoast SEO plugin v15.1 - https:\/\/yoast.com\/wordpress\/plugins\/seo\/ -->\n<title>Especialistas discutem perspectivas para retomada de aulas presenciais &raquo; Abrelivros<\/title>\n<meta name=\"robots\" content=\"index, follow, max-snippet:-1, max-image-preview:large, max-video-preview:-1\" \/>\n<link rel=\"canonical\" href=\"https:\/\/abrelivros.org.br\/site\/especialistas-discutem-perspectivas-para-retomada-de-aulas-presenciais\/\" \/>\n<meta property=\"og:locale\" content=\"pt_BR\" \/>\n<meta property=\"og:type\" content=\"article\" \/>\n<meta property=\"og:title\" content=\"Especialistas discutem perspectivas para retomada de aulas presenciais &raquo; Abrelivros\" \/>\n<meta property=\"og:description\" content=\"A presidente do Conselho Nacional de Educa\u00e7\u00e3o (CNE), Maria Helena Guimar\u00e3es de Castro, disse hoje (24) que \u00e9 imposs\u00edvel prever, com algum grau de seguran\u00e7a, quando as escolas e faculdades do Brasil poder\u00e3o retomar as aulas presenciais.\" \/>\n<meta property=\"og:url\" content=\"https:\/\/abrelivros.org.br\/site\/especialistas-discutem-perspectivas-para-retomada-de-aulas-presenciais\/\" \/>\n<meta property=\"og:site_name\" content=\"Abrelivros\" \/>\n<meta property=\"article:published_time\" content=\"2021-03-25T17:04:06+00:00\" \/>\n<meta name=\"twitter:card\" content=\"summary_large_image\" \/>\n<script type=\"application\/ld+json\" class=\"yoast-schema-graph\">{\"@context\":\"https:\/\/schema.org\",\"@graph\":[{\"@type\":\"WebSite\",\"@id\":\"https:\/\/abrelivros.org.br\/site\/#website\",\"url\":\"https:\/\/abrelivros.org.br\/site\/\",\"name\":\"Abrelivros\",\"description\":\"\",\"potentialAction\":[{\"@type\":\"SearchAction\",\"target\":\"https:\/\/abrelivros.org.br\/site\/?s={search_term_string}\",\"query-input\":\"required name=search_term_string\"}],\"inLanguage\":\"pt-BR\"},{\"@type\":\"WebPage\",\"@id\":\"https:\/\/abrelivros.org.br\/site\/especialistas-discutem-perspectivas-para-retomada-de-aulas-presenciais\/#webpage\",\"url\":\"https:\/\/abrelivros.org.br\/site\/especialistas-discutem-perspectivas-para-retomada-de-aulas-presenciais\/\",\"name\":\"Especialistas discutem perspectivas para retomada de aulas presenciais &raquo; Abrelivros\",\"isPartOf\":{\"@id\":\"https:\/\/abrelivros.org.br\/site\/#website\"},\"datePublished\":\"2021-03-25T17:04:06+00:00\",\"dateModified\":\"2021-03-25T17:04:06+00:00\",\"author\":{\"@id\":\"https:\/\/abrelivros.org.br\/site\/#\/schema\/person\/65db80e26409802ce15ac5feec6a15fd\"},\"breadcrumb\":{\"@id\":\"https:\/\/abrelivros.org.br\/site\/especialistas-discutem-perspectivas-para-retomada-de-aulas-presenciais\/#breadcrumb\"},\"inLanguage\":\"pt-BR\",\"potentialAction\":[{\"@type\":\"ReadAction\",\"target\":[\"https:\/\/abrelivros.org.br\/site\/especialistas-discutem-perspectivas-para-retomada-de-aulas-presenciais\/\"]}]},{\"@type\":\"BreadcrumbList\",\"@id\":\"https:\/\/abrelivros.org.br\/site\/especialistas-discutem-perspectivas-para-retomada-de-aulas-presenciais\/#breadcrumb\",\"itemListElement\":[{\"@type\":\"ListItem\",\"position\":1,\"item\":{\"@type\":\"WebPage\",\"@id\":\"https:\/\/abrelivros.org.br\/site\/\",\"url\":\"https:\/\/abrelivros.org.br\/site\/\",\"name\":\"In\\u00edcio\"}},{\"@type\":\"ListItem\",\"position\":2,\"item\":{\"@type\":\"WebPage\",\"@id\":\"https:\/\/abrelivros.org.br\/site\/category\/noticias\/\",\"url\":\"https:\/\/abrelivros.org.br\/site\/category\/noticias\/\",\"name\":\"Not\\u00edcias\"}},{\"@type\":\"ListItem\",\"position\":3,\"item\":{\"@type\":\"WebPage\",\"@id\":\"https:\/\/abrelivros.org.br\/site\/category\/noticias\/noticias-da-imprensa\/\",\"url\":\"https:\/\/abrelivros.org.br\/site\/category\/noticias\/noticias-da-imprensa\/\",\"name\":\"Not\\u00edcias da imprensa\"}},{\"@type\":\"ListItem\",\"position\":4,\"item\":{\"@type\":\"WebPage\",\"@id\":\"https:\/\/abrelivros.org.br\/site\/especialistas-discutem-perspectivas-para-retomada-de-aulas-presenciais\/\",\"url\":\"https:\/\/abrelivros.org.br\/site\/especialistas-discutem-perspectivas-para-retomada-de-aulas-presenciais\/\",\"name\":\"Especialistas discutem perspectivas para retomada de aulas presenciais\"}}]},{\"@type\":\"Person\",\"@id\":\"https:\/\/abrelivros.org.br\/site\/#\/schema\/person\/65db80e26409802ce15ac5feec6a15fd\",\"name\":\"Reda\\u00e7\\u00e3o Abrelivros\",\"image\":{\"@type\":\"ImageObject\",\"@id\":\"https:\/\/abrelivros.org.br\/site\/#personlogo\",\"inLanguage\":\"pt-BR\",\"url\":\"https:\/\/secure.gravatar.com\/avatar\/c4e57f9c7e3482965bd428192061218520756c39080b1d1820b679fa5e9af192?s=96&d=mm&r=g\",\"caption\":\"Reda\\u00e7\\u00e3o Abrelivros\"}}]}<\/script>\n<!-- \/ Yoast SEO plugin. -->","_links":{"self":[{"href":"https:\/\/abrelivros.org.br\/site\/wp-json\/wp\/v2\/posts\/13584","targetHints":{"allow":["GET"]}}],"collection":[{"href":"https:\/\/abrelivros.org.br\/site\/wp-json\/wp\/v2\/posts"}],"about":[{"href":"https:\/\/abrelivros.org.br\/site\/wp-json\/wp\/v2\/types\/post"}],"author":[{"embeddable":true,"href":"https:\/\/abrelivros.org.br\/site\/wp-json\/wp\/v2\/users\/4"}],"replies":[{"embeddable":true,"href":"https:\/\/abrelivros.org.br\/site\/wp-json\/wp\/v2\/comments?post=13584"}],"version-history":[{"count":1,"href":"https:\/\/abrelivros.org.br\/site\/wp-json\/wp\/v2\/posts\/13584\/revisions"}],"predecessor-version":[{"id":13585,"href":"https:\/\/abrelivros.org.br\/site\/wp-json\/wp\/v2\/posts\/13584\/revisions\/13585"}],"wp:attachment":[{"href":"https:\/\/abrelivros.org.br\/site\/wp-json\/wp\/v2\/media?parent=13584"}],"wp:term":[{"taxonomy":"category","embeddable":true,"href":"https:\/\/abrelivros.org.br\/site\/wp-json\/wp\/v2\/categories?post=13584"},{"taxonomy":"post_tag","embeddable":true,"href":"https:\/\/abrelivros.org.br\/site\/wp-json\/wp\/v2\/tags?post=13584"}],"curies":[{"name":"wp","href":"https:\/\/api.w.org\/{rel}","templated":true}]}}