{"id":13582,"date":"2021-03-25T14:02:00","date_gmt":"2021-03-25T17:02:00","guid":{"rendered":"https:\/\/abrelivros.org.br\/site\/?p=13582"},"modified":"2021-03-25T14:02:00","modified_gmt":"2021-03-25T17:02:00","slug":"secretaria-de-alfabetizacao-apresenta-acoes-enquanto-durar-a-pandemia","status":"publish","type":"post","link":"https:\/\/abrelivros.org.br\/site\/secretaria-de-alfabetizacao-apresenta-acoes-enquanto-durar-a-pandemia\/","title":{"rendered":"Secretaria de Alfabetiza\u00e7\u00e3o apresenta a\u00e7\u00f5es enquanto durar a pandemia"},"content":{"rendered":"<p>Com o advento da pandemia da Covid-19 e das medidas de conten\u00e7\u00e3o executadas pelos entes federados (isolamento social e aulas remotas), o Minist\u00e9rio da Educa\u00e7\u00e3o (MEC), por meio da Secretaria de Alfabetiza\u00e7\u00e3o (Sealf), elaborou e apresentou a\u00e7\u00f5es que visam reduzir os impactos negativos na educa\u00e7\u00e3o p\u00fablica brasileira.<!--more--><\/p>\n<p>A suspens\u00e3o das aulas presenciais em todo o territ\u00f3rio nacional dever\u00e1 seguir ritmos diferenciados em cada estado, munic\u00edpio e Distrito Federal, a depender da extens\u00e3o e intensidade da contamina\u00e7\u00e3o.<\/p>\n<p>Por isso, as a\u00e7\u00f5es dos programas decorrentes da Pol\u00edtica Nacional de Alfabetiza\u00e7\u00e3o (PNA), que j\u00e1 haviam sido desenhadas para combater a crise de aprendizagem, foram direcionadas \u00e0 mitiga\u00e7\u00e3o dos impactos decorrentes da suspens\u00e3o das aulas. Confira algumas a\u00e7\u00f5es Sealf\/MEC:<\/p>\n<p>Programa Conta pra Mim: Em substitui\u00e7\u00e3o \u00e0s a\u00e7\u00f5es presenciais previstas, foram desenvolvidos materiais on-line gratuitos voltados a incentivar e orientar pais, familiares e demais interessados a aplicarem, em casa, pr\u00e1ticas de literacia familiar e experi\u00eancias relacionadas com a linguagem, leitura e escrita (http:\/\/alfabetizacao.mec.gov.br\/contapramim).<\/p>\n<p>Programa Tempo de Aprender: \u00c9 um programa de alfabetiza\u00e7\u00e3o abrangente, destinado \u00e0s crian\u00e7as da pr\u00e9-escola e do 1\u00ba e 2\u00ba ano do Ensino Fundamental das escolas p\u00fablicas brasileiras. A iniciativa compreende um conjunto de dez a\u00e7\u00f5es organizadas em quatro eixos e j\u00e1 conta com a ades\u00e3o de aproximadamente 80% dos entes federados (http:\/\/alfabetizacao.mec.gov.br\/tempo-de-aprender).<\/p>\n<p>Cursos para professores: Os cursos da Sealf est\u00e3o disponibilizados gratuitamente na plataforma Avamec (https:\/\/avamec.mec.gov.br\/). S\u00e3o eles:<\/p>\n<p>1. &#8211; Pr\u00e1ticas de Alfabetiza\u00e7\u00e3o, curso mais acessado e melhor avaliado da hist\u00f3ria do Avamec, contando hoje com mais de 5 milh\u00f5es de acessos.<\/p>\n<p>2. &#8211; Alfabetiza\u00e7\u00e3o Baseada na Ci\u00eancia (ABC), em parceria com renomadas institui\u00e7\u00f5es de Portugal.<\/p>\n<p>1. &#8211; Pr\u00e1ticas de Produ\u00e7\u00e3o de Texto, baseado na obra do professor Eurico Back.<\/p>\n<p>PDDE Emergencial: Em a\u00e7\u00e3o conjunta entre a Secretaria de Educa\u00e7\u00e3o B\u00e1sica (SEB) e a Sealf, foram direcionados recursos do Programa Dinheiro Direto na Escola (PDDE) para que unidades escolares da educa\u00e7\u00e3o infantil e dos anos iniciais do ensino fundamental preparem-se para o retorno \u00e0s atividades presenciais. Apesar de sua responsabilidade regimental estar focada na educa\u00e7\u00e3o infantil e nos tr\u00eas primeiros anos do ensino fundamental, os R$ 183 milh\u00f5es aportados pela Sealf contribuir\u00e3o para propiciar que toda a educa\u00e7\u00e3o b\u00e1sica tenha recursos para tomar as medidas de seguran\u00e7a sanit\u00e1ria cab\u00edveis para viabilizar o retorno \u00e0s atividades.<\/p>\n<p>Esse dinheiro poder\u00e1 ser utilizado na aquisi\u00e7\u00e3o de itens para higieniza\u00e7\u00e3o do ambiente e das m\u00e3os, bem como na compra de Equipamentos de Prote\u00e7\u00e3o Individual (EPI), servi\u00e7os especializados de desinfec\u00e7\u00e3o, reformas de infraestrutura sanit\u00e1ria e aprimoramento do acesso \u00e0 internet para os alunos e professores que mais precisam.<\/p>\n<p>&nbsp;<\/p>\n","protected":false},"excerpt":{"rendered":"<p>Com o advento da pandemia da Covid-19 e das medidas de conten\u00e7\u00e3o executadas pelos entes federados (isolamento social e aulas remotas), o Minist\u00e9rio da Educa\u00e7\u00e3o (MEC), por meio da Secretaria de Alfabetiza\u00e7\u00e3o (Sealf), elaborou e apresentou a\u00e7\u00f5es que visam reduzir os impactos negativos na educa\u00e7\u00e3o p\u00fablica brasileira.<\/p>\n","protected":false},"author":4,"featured_media":0,"comment_status":"closed","ping_status":"closed","sticky":false,"template":"","format":"standard","meta":{"footnotes":"","_links_to":"","_links_to_target":""},"categories":[9],"tags":[],"class_list":["post-13582","post","type-post","status-publish","format-standard","hentry","category-noticias-da-imprensa"],"yoast_head":"<!-- This site is optimized with the Yoast SEO plugin v15.1 - https:\/\/yoast.com\/wordpress\/plugins\/seo\/ -->\n<title>Secretaria de Alfabetiza\u00e7\u00e3o apresenta a\u00e7\u00f5es enquanto durar a pandemia &raquo; Abrelivros<\/title>\n<meta name=\"robots\" content=\"index, follow, max-snippet:-1, max-image-preview:large, max-video-preview:-1\" \/>\n<link rel=\"canonical\" href=\"https:\/\/abrelivros.org.br\/site\/secretaria-de-alfabetizacao-apresenta-acoes-enquanto-durar-a-pandemia\/\" \/>\n<meta property=\"og:locale\" content=\"pt_BR\" \/>\n<meta property=\"og:type\" content=\"article\" \/>\n<meta property=\"og:title\" content=\"Secretaria de Alfabetiza\u00e7\u00e3o apresenta a\u00e7\u00f5es enquanto durar a pandemia &raquo; Abrelivros\" \/>\n<meta property=\"og:description\" content=\"Com o advento da pandemia da Covid-19 e das medidas de conten\u00e7\u00e3o executadas pelos entes federados (isolamento social e aulas remotas), o Minist\u00e9rio da Educa\u00e7\u00e3o (MEC), por meio da Secretaria de Alfabetiza\u00e7\u00e3o (Sealf), elaborou e apresentou a\u00e7\u00f5es que visam reduzir os impactos negativos na educa\u00e7\u00e3o p\u00fablica brasileira.\" \/>\n<meta property=\"og:url\" content=\"https:\/\/abrelivros.org.br\/site\/secretaria-de-alfabetizacao-apresenta-acoes-enquanto-durar-a-pandemia\/\" \/>\n<meta property=\"og:site_name\" content=\"Abrelivros\" \/>\n<meta property=\"article:published_time\" content=\"2021-03-25T17:02:00+00:00\" \/>\n<meta name=\"twitter:card\" content=\"summary_large_image\" \/>\n<script type=\"application\/ld+json\" class=\"yoast-schema-graph\">{\"@context\":\"https:\/\/schema.org\",\"@graph\":[{\"@type\":\"WebSite\",\"@id\":\"https:\/\/abrelivros.org.br\/site\/#website\",\"url\":\"https:\/\/abrelivros.org.br\/site\/\",\"name\":\"Abrelivros\",\"description\":\"\",\"potentialAction\":[{\"@type\":\"SearchAction\",\"target\":\"https:\/\/abrelivros.org.br\/site\/?s={search_term_string}\",\"query-input\":\"required name=search_term_string\"}],\"inLanguage\":\"pt-BR\"},{\"@type\":\"WebPage\",\"@id\":\"https:\/\/abrelivros.org.br\/site\/secretaria-de-alfabetizacao-apresenta-acoes-enquanto-durar-a-pandemia\/#webpage\",\"url\":\"https:\/\/abrelivros.org.br\/site\/secretaria-de-alfabetizacao-apresenta-acoes-enquanto-durar-a-pandemia\/\",\"name\":\"Secretaria de Alfabetiza\\u00e7\\u00e3o apresenta a\\u00e7\\u00f5es enquanto durar a pandemia &raquo; Abrelivros\",\"isPartOf\":{\"@id\":\"https:\/\/abrelivros.org.br\/site\/#website\"},\"datePublished\":\"2021-03-25T17:02:00+00:00\",\"dateModified\":\"2021-03-25T17:02:00+00:00\",\"author\":{\"@id\":\"https:\/\/abrelivros.org.br\/site\/#\/schema\/person\/65db80e26409802ce15ac5feec6a15fd\"},\"breadcrumb\":{\"@id\":\"https:\/\/abrelivros.org.br\/site\/secretaria-de-alfabetizacao-apresenta-acoes-enquanto-durar-a-pandemia\/#breadcrumb\"},\"inLanguage\":\"pt-BR\",\"potentialAction\":[{\"@type\":\"ReadAction\",\"target\":[\"https:\/\/abrelivros.org.br\/site\/secretaria-de-alfabetizacao-apresenta-acoes-enquanto-durar-a-pandemia\/\"]}]},{\"@type\":\"BreadcrumbList\",\"@id\":\"https:\/\/abrelivros.org.br\/site\/secretaria-de-alfabetizacao-apresenta-acoes-enquanto-durar-a-pandemia\/#breadcrumb\",\"itemListElement\":[{\"@type\":\"ListItem\",\"position\":1,\"item\":{\"@type\":\"WebPage\",\"@id\":\"https:\/\/abrelivros.org.br\/site\/\",\"url\":\"https:\/\/abrelivros.org.br\/site\/\",\"name\":\"In\\u00edcio\"}},{\"@type\":\"ListItem\",\"position\":2,\"item\":{\"@type\":\"WebPage\",\"@id\":\"https:\/\/abrelivros.org.br\/site\/category\/noticias\/\",\"url\":\"https:\/\/abrelivros.org.br\/site\/category\/noticias\/\",\"name\":\"Not\\u00edcias\"}},{\"@type\":\"ListItem\",\"position\":3,\"item\":{\"@type\":\"WebPage\",\"@id\":\"https:\/\/abrelivros.org.br\/site\/category\/noticias\/noticias-da-imprensa\/\",\"url\":\"https:\/\/abrelivros.org.br\/site\/category\/noticias\/noticias-da-imprensa\/\",\"name\":\"Not\\u00edcias da imprensa\"}},{\"@type\":\"ListItem\",\"position\":4,\"item\":{\"@type\":\"WebPage\",\"@id\":\"https:\/\/abrelivros.org.br\/site\/secretaria-de-alfabetizacao-apresenta-acoes-enquanto-durar-a-pandemia\/\",\"url\":\"https:\/\/abrelivros.org.br\/site\/secretaria-de-alfabetizacao-apresenta-acoes-enquanto-durar-a-pandemia\/\",\"name\":\"Secretaria de Alfabetiza\\u00e7\\u00e3o apresenta a\\u00e7\\u00f5es enquanto durar a pandemia\"}}]},{\"@type\":\"Person\",\"@id\":\"https:\/\/abrelivros.org.br\/site\/#\/schema\/person\/65db80e26409802ce15ac5feec6a15fd\",\"name\":\"Reda\\u00e7\\u00e3o Abrelivros\",\"image\":{\"@type\":\"ImageObject\",\"@id\":\"https:\/\/abrelivros.org.br\/site\/#personlogo\",\"inLanguage\":\"pt-BR\",\"url\":\"https:\/\/secure.gravatar.com\/avatar\/c4e57f9c7e3482965bd428192061218520756c39080b1d1820b679fa5e9af192?s=96&d=mm&r=g\",\"caption\":\"Reda\\u00e7\\u00e3o Abrelivros\"}}]}<\/script>\n<!-- \/ Yoast SEO plugin. -->","_links":{"self":[{"href":"https:\/\/abrelivros.org.br\/site\/wp-json\/wp\/v2\/posts\/13582","targetHints":{"allow":["GET"]}}],"collection":[{"href":"https:\/\/abrelivros.org.br\/site\/wp-json\/wp\/v2\/posts"}],"about":[{"href":"https:\/\/abrelivros.org.br\/site\/wp-json\/wp\/v2\/types\/post"}],"author":[{"embeddable":true,"href":"https:\/\/abrelivros.org.br\/site\/wp-json\/wp\/v2\/users\/4"}],"replies":[{"embeddable":true,"href":"https:\/\/abrelivros.org.br\/site\/wp-json\/wp\/v2\/comments?post=13582"}],"version-history":[{"count":1,"href":"https:\/\/abrelivros.org.br\/site\/wp-json\/wp\/v2\/posts\/13582\/revisions"}],"predecessor-version":[{"id":13583,"href":"https:\/\/abrelivros.org.br\/site\/wp-json\/wp\/v2\/posts\/13582\/revisions\/13583"}],"wp:attachment":[{"href":"https:\/\/abrelivros.org.br\/site\/wp-json\/wp\/v2\/media?parent=13582"}],"wp:term":[{"taxonomy":"category","embeddable":true,"href":"https:\/\/abrelivros.org.br\/site\/wp-json\/wp\/v2\/categories?post=13582"},{"taxonomy":"post_tag","embeddable":true,"href":"https:\/\/abrelivros.org.br\/site\/wp-json\/wp\/v2\/tags?post=13582"}],"curies":[{"name":"wp","href":"https:\/\/api.w.org\/{rel}","templated":true}]}}