{"id":13580,"date":"2021-03-25T13:58:46","date_gmt":"2021-03-25T16:58:46","guid":{"rendered":"https:\/\/abrelivros.org.br\/site\/?p=13580"},"modified":"2021-03-25T13:58:46","modified_gmt":"2021-03-25T16:58:46","slug":"doria-anuncia-vacinacao-de-professores-e-policiais-de-sao-paulo","status":"publish","type":"post","link":"https:\/\/abrelivros.org.br\/site\/doria-anuncia-vacinacao-de-professores-e-policiais-de-sao-paulo\/","title":{"rendered":"Doria anuncia vacina\u00e7\u00e3o de professores e policiais de S\u00e3o Paulo"},"content":{"rendered":"<p>O governador de S\u00e3o Paulo, Jo\u00e3o Doria (PSDB), anunciou nesta quarta-feira, 24, o in\u00edcio da vacina\u00e7\u00e3o para professores e policiais. A vacina\u00e7\u00e3o de profissionais da seguran\u00e7a p\u00fablica come\u00e7ar\u00e1 em 5 de abril e a dos profissionais de educa\u00e7\u00e3o a partir do dia 12 de abril.<!--more--> A imuniza\u00e7\u00e3o para idosos de 69, 70 e 71 anos tamb\u00e9m foi antecipada em um dia e come\u00e7a j\u00e1 na pr\u00f3xima sexta-feira, 26.<\/p>\n<p>A imuniza\u00e7\u00e3o de profissionais da educa\u00e7\u00e3o vai abranger todos os professores, da rede p\u00fablica e privada. Na primeira etapa da vacina\u00e7\u00e3o, ser\u00e3o imunizados 350 mil professores, diretores de escolas, inspetores de alunos e outros profissionais que trabalham nas escolas das redes municipais, estadual e privada do Estado de S\u00e3o Paulo.<\/p>\n<p>A vacina\u00e7\u00e3o dos profissionais da educa\u00e7\u00e3o era uma demanda da categoria para a volta \u00e0s aulas. O secret\u00e1rio estadual da Educa\u00e7\u00e3o, Rossieli Soares, defendeu a inclus\u00e3o dos professores nos grupos priorit\u00e1rios de vacina\u00e7\u00e3o e o prefeito de S\u00e3o Paulo, Bruno Covas, chegou a encaminhar of\u00edcio ao Minist\u00e9rio da Educa\u00e7\u00e3o pedindo que os profissionais da educa\u00e7\u00e3o fossem colocados na fase 1 do calend\u00e1rio nacional de vacina\u00e7\u00e3o contra a covid-19.<\/p>\n<p>O Plano Nacional de Imuniza\u00e7\u00e3o (PNI) orienta que a vacina\u00e7\u00e3o de profissionais da educa\u00e7\u00e3o deve ocorrer ap\u00f3s a imuniza\u00e7\u00e3o de idosos. Atualmente, o Estado de S\u00e3o Paulo est\u00e1 vacinando idosos na faixa dos 70 anos. S\u00e3o Paulo \u00e9 o primeiro Estado a vacinar professores, iniciativa que foi adotada por alguns pa\u00edses, como o Chile e a Argentina. Segundo <a href=\"https:\/\/www.gazetadopovo.com.br\/educacao\/estudo-com-21-paises-aulas-presenciais-nao-contribuiram-para-alta-casos-covid19\/?ref=link-interno-materia\" target=\"_blank\" rel=\"noopener noreferrer\">estudo do movimento Vozes pela Educa\u00e7\u00e3o<\/a> sobre a volta presencial no exterior, outros tr\u00eas pa\u00edses tamb\u00e9m colocaram os professores como priorit\u00e1rios na vacina: Reino Unido, Fran\u00e7a e Uruguai.<\/p>\n","protected":false},"excerpt":{"rendered":"<p>O governador de S\u00e3o Paulo, Jo\u00e3o Doria (PSDB), anunciou nesta quarta-feira, 24, o in\u00edcio da vacina\u00e7\u00e3o para professores e policiais. A vacina\u00e7\u00e3o de profissionais da seguran\u00e7a p\u00fablica come\u00e7ar\u00e1 em 5 de abril e a dos profissionais de educa\u00e7\u00e3o a partir do dia 12 de abril.<\/p>\n","protected":false},"author":4,"featured_media":0,"comment_status":"closed","ping_status":"closed","sticky":false,"template":"","format":"standard","meta":{"footnotes":"","_links_to":"","_links_to_target":""},"categories":[9],"tags":[],"class_list":["post-13580","post","type-post","status-publish","format-standard","hentry","category-noticias-da-imprensa"],"yoast_head":"<!-- This site is optimized with the Yoast SEO plugin v15.1 - https:\/\/yoast.com\/wordpress\/plugins\/seo\/ -->\n<title>Doria anuncia vacina\u00e7\u00e3o de professores e policiais de S\u00e3o Paulo &raquo; Abrelivros<\/title>\n<meta name=\"robots\" content=\"index, follow, max-snippet:-1, max-image-preview:large, max-video-preview:-1\" \/>\n<link rel=\"canonical\" href=\"https:\/\/abrelivros.org.br\/site\/doria-anuncia-vacinacao-de-professores-e-policiais-de-sao-paulo\/\" \/>\n<meta property=\"og:locale\" content=\"pt_BR\" \/>\n<meta property=\"og:type\" content=\"article\" \/>\n<meta property=\"og:title\" content=\"Doria anuncia vacina\u00e7\u00e3o de professores e policiais de S\u00e3o Paulo &raquo; Abrelivros\" \/>\n<meta property=\"og:description\" content=\"O governador de S\u00e3o Paulo, Jo\u00e3o Doria (PSDB), anunciou nesta quarta-feira, 24, o in\u00edcio da vacina\u00e7\u00e3o para professores e policiais. A vacina\u00e7\u00e3o de profissionais da seguran\u00e7a p\u00fablica come\u00e7ar\u00e1 em 5 de abril e a dos profissionais de educa\u00e7\u00e3o a partir do dia 12 de abril.\" \/>\n<meta property=\"og:url\" content=\"https:\/\/abrelivros.org.br\/site\/doria-anuncia-vacinacao-de-professores-e-policiais-de-sao-paulo\/\" \/>\n<meta property=\"og:site_name\" content=\"Abrelivros\" \/>\n<meta property=\"article:published_time\" content=\"2021-03-25T16:58:46+00:00\" \/>\n<meta name=\"twitter:card\" content=\"summary_large_image\" \/>\n<script type=\"application\/ld+json\" class=\"yoast-schema-graph\">{\"@context\":\"https:\/\/schema.org\",\"@graph\":[{\"@type\":\"WebSite\",\"@id\":\"https:\/\/abrelivros.org.br\/site\/#website\",\"url\":\"https:\/\/abrelivros.org.br\/site\/\",\"name\":\"Abrelivros\",\"description\":\"\",\"potentialAction\":[{\"@type\":\"SearchAction\",\"target\":\"https:\/\/abrelivros.org.br\/site\/?s={search_term_string}\",\"query-input\":\"required name=search_term_string\"}],\"inLanguage\":\"pt-BR\"},{\"@type\":\"WebPage\",\"@id\":\"https:\/\/abrelivros.org.br\/site\/doria-anuncia-vacinacao-de-professores-e-policiais-de-sao-paulo\/#webpage\",\"url\":\"https:\/\/abrelivros.org.br\/site\/doria-anuncia-vacinacao-de-professores-e-policiais-de-sao-paulo\/\",\"name\":\"Doria anuncia vacina\\u00e7\\u00e3o de professores e policiais de S\\u00e3o Paulo &raquo; Abrelivros\",\"isPartOf\":{\"@id\":\"https:\/\/abrelivros.org.br\/site\/#website\"},\"datePublished\":\"2021-03-25T16:58:46+00:00\",\"dateModified\":\"2021-03-25T16:58:46+00:00\",\"author\":{\"@id\":\"https:\/\/abrelivros.org.br\/site\/#\/schema\/person\/65db80e26409802ce15ac5feec6a15fd\"},\"breadcrumb\":{\"@id\":\"https:\/\/abrelivros.org.br\/site\/doria-anuncia-vacinacao-de-professores-e-policiais-de-sao-paulo\/#breadcrumb\"},\"inLanguage\":\"pt-BR\",\"potentialAction\":[{\"@type\":\"ReadAction\",\"target\":[\"https:\/\/abrelivros.org.br\/site\/doria-anuncia-vacinacao-de-professores-e-policiais-de-sao-paulo\/\"]}]},{\"@type\":\"BreadcrumbList\",\"@id\":\"https:\/\/abrelivros.org.br\/site\/doria-anuncia-vacinacao-de-professores-e-policiais-de-sao-paulo\/#breadcrumb\",\"itemListElement\":[{\"@type\":\"ListItem\",\"position\":1,\"item\":{\"@type\":\"WebPage\",\"@id\":\"https:\/\/abrelivros.org.br\/site\/\",\"url\":\"https:\/\/abrelivros.org.br\/site\/\",\"name\":\"In\\u00edcio\"}},{\"@type\":\"ListItem\",\"position\":2,\"item\":{\"@type\":\"WebPage\",\"@id\":\"https:\/\/abrelivros.org.br\/site\/category\/noticias\/\",\"url\":\"https:\/\/abrelivros.org.br\/site\/category\/noticias\/\",\"name\":\"Not\\u00edcias\"}},{\"@type\":\"ListItem\",\"position\":3,\"item\":{\"@type\":\"WebPage\",\"@id\":\"https:\/\/abrelivros.org.br\/site\/category\/noticias\/noticias-da-imprensa\/\",\"url\":\"https:\/\/abrelivros.org.br\/site\/category\/noticias\/noticias-da-imprensa\/\",\"name\":\"Not\\u00edcias da imprensa\"}},{\"@type\":\"ListItem\",\"position\":4,\"item\":{\"@type\":\"WebPage\",\"@id\":\"https:\/\/abrelivros.org.br\/site\/doria-anuncia-vacinacao-de-professores-e-policiais-de-sao-paulo\/\",\"url\":\"https:\/\/abrelivros.org.br\/site\/doria-anuncia-vacinacao-de-professores-e-policiais-de-sao-paulo\/\",\"name\":\"Doria anuncia vacina\\u00e7\\u00e3o de professores e policiais de S\\u00e3o Paulo\"}}]},{\"@type\":\"Person\",\"@id\":\"https:\/\/abrelivros.org.br\/site\/#\/schema\/person\/65db80e26409802ce15ac5feec6a15fd\",\"name\":\"Reda\\u00e7\\u00e3o Abrelivros\",\"image\":{\"@type\":\"ImageObject\",\"@id\":\"https:\/\/abrelivros.org.br\/site\/#personlogo\",\"inLanguage\":\"pt-BR\",\"url\":\"https:\/\/secure.gravatar.com\/avatar\/c4e57f9c7e3482965bd428192061218520756c39080b1d1820b679fa5e9af192?s=96&d=mm&r=g\",\"caption\":\"Reda\\u00e7\\u00e3o Abrelivros\"}}]}<\/script>\n<!-- \/ Yoast SEO plugin. -->","_links":{"self":[{"href":"https:\/\/abrelivros.org.br\/site\/wp-json\/wp\/v2\/posts\/13580","targetHints":{"allow":["GET"]}}],"collection":[{"href":"https:\/\/abrelivros.org.br\/site\/wp-json\/wp\/v2\/posts"}],"about":[{"href":"https:\/\/abrelivros.org.br\/site\/wp-json\/wp\/v2\/types\/post"}],"author":[{"embeddable":true,"href":"https:\/\/abrelivros.org.br\/site\/wp-json\/wp\/v2\/users\/4"}],"replies":[{"embeddable":true,"href":"https:\/\/abrelivros.org.br\/site\/wp-json\/wp\/v2\/comments?post=13580"}],"version-history":[{"count":1,"href":"https:\/\/abrelivros.org.br\/site\/wp-json\/wp\/v2\/posts\/13580\/revisions"}],"predecessor-version":[{"id":13581,"href":"https:\/\/abrelivros.org.br\/site\/wp-json\/wp\/v2\/posts\/13580\/revisions\/13581"}],"wp:attachment":[{"href":"https:\/\/abrelivros.org.br\/site\/wp-json\/wp\/v2\/media?parent=13580"}],"wp:term":[{"taxonomy":"category","embeddable":true,"href":"https:\/\/abrelivros.org.br\/site\/wp-json\/wp\/v2\/categories?post=13580"},{"taxonomy":"post_tag","embeddable":true,"href":"https:\/\/abrelivros.org.br\/site\/wp-json\/wp\/v2\/tags?post=13580"}],"curies":[{"name":"wp","href":"https:\/\/api.w.org\/{rel}","templated":true}]}}