{"id":13578,"date":"2021-03-25T13:55:34","date_gmt":"2021-03-25T16:55:34","guid":{"rendered":"https:\/\/abrelivros.org.br\/site\/?p=13578"},"modified":"2021-03-25T13:55:34","modified_gmt":"2021-03-25T16:55:34","slug":"mec-quer-cancelar-saeb-deste-ano-em-razao-da-pandemia","status":"publish","type":"post","link":"https:\/\/abrelivros.org.br\/site\/mec-quer-cancelar-saeb-deste-ano-em-razao-da-pandemia\/","title":{"rendered":"MEC quer cancelar Saeb deste ano em raz\u00e3o da pandemia"},"content":{"rendered":"<p>A equipe do ministro da Educa\u00e7\u00e3o, <a href=\"https:\/\/www1.folha.uol.com.br\/educacao\/2020\/11\/visto-como-decorativo-ministro-da-educacao-privilegia-viagens-e-agendas-com-bolsonaro.shtml\" target=\"_blank\" rel=\"noopener noreferrer\">Milton Ribeiro<\/a>, quer suspender a edi\u00e7\u00e3o deste ano do Saeb, a avalia\u00e7\u00e3o federal da educa\u00e7\u00e3o b\u00e1sica. Delibera\u00e7\u00f5es tamb\u00e9m envolvem o cancelamento de pol\u00edticas avaliativas anunciadas pelo pr\u00f3prio governo Jair Bolsonaro (em partido), como o Enem seriado.<!--more--><\/p>\n<p>A Folha teve acesso a documentos internos do Inep (Instituto Nacional de Estudos e Pesquisas Educacionais) em que consta entendimento de que seria &#8220;muito arriscado&#8221; realizar o Saeb neste ano por causa da pandemia. A falta de or\u00e7amento tamb\u00e9m \u00e9 citada como raz\u00e3o.<\/p>\n<p>Quest\u00f5es or\u00e7ament\u00e1rias e de inadequa\u00e7\u00e3o pedag\u00f3gica ainda s\u00e3o mencionadas para defender o cancelamento da amplia\u00e7\u00e3o gradual da avalia\u00e7\u00e3o para todas as s\u00e9ries da educa\u00e7\u00e3o b\u00e1sica, como anunciado pelo <a href=\"https:\/\/www1.folha.uol.com.br\/educacao\/2020\/06\/gestao-de-weintraub-no-mec-foi-marcada-por-ataques-e-projetos-parados.shtml\" target=\"_blank\" rel=\"noopener noreferrer\">ex-ministro Abraham Weintraub<\/a>.<\/p>\n<p>A nota t\u00e9cnica foi elaborada e assinada pelo diretor de Avalia\u00e7\u00e3o da Educa\u00e7\u00e3o B\u00e1sica do Inep, coronel Alexandre Gomes da Silva. &#8220;A aplica\u00e7\u00e3o das provas do Saeb se apresenta como uma opera\u00e7\u00e3o muito arriscada tanto dos pontos pedag\u00f3gico, log\u00edstico, administrativo e financeiro&#8221;, diz o texto.<\/p>\n<p>O texto considera o fechamento de escolas e eventuais dificuldades para garantir participa\u00e7\u00e3o m\u00ednima nas provas. Defende-se sua aplica\u00e7\u00e3o somente no fim de 2022.<\/p>\n<p>Sem o Saeb, que compreende as provas feitas por alunos, o governo n\u00e3o tem como calcular <a href=\"https:\/\/www1.folha.uol.com.br\/educacao\/2020\/09\/media-de-gasto-por-aluno-faz-ideb-de-municipios-variar-ate-14-ponto.shtml\" target=\"_blank\" rel=\"noopener noreferrer\">o Ideb, principal indicador da educa\u00e7\u00e3o b\u00e1sica do pa\u00eds<\/a>, divulgado a cada dois anos. Fazem as provas estudantes dos 5\u00ba e 9\u00ba anos do ensino fundamental, al\u00e9m do 3\u00ba do m\u00e9dio.<\/p>\n<p>O ano de 2021 marcaria, inclusive, o fim do ciclo de metas estipuladas com a cria\u00e7\u00e3o do \u00edndice, em 2007. A amplia\u00e7\u00e3o anunciada por Weintraub, que agora se pretende cancelar, previa a aplica\u00e7\u00e3o anual, e inclus\u00e3o de outras disciplinas al\u00e9m de portugu\u00eas e matem\u00e1tica, atualmente previstas.<\/p>\n<p>O ministro foi quem escolheu o coronel Silva para comandar a diretoria de Avalia\u00e7\u00e3o da Educa\u00e7\u00e3o B\u00e1sica do Inep. <a href=\"https:\/\/www1.folha.uol.com.br\/educacao\/2021\/02\/alexandre-lopes-e-exonerado-da-presidencia-do-inep.shtml\" target=\"_blank\" rel=\"noopener noreferrer\">Ribeiro, por sua vez, demitiu<\/a> recentemente o presidente do instituto, Alexandre Lopes, que chegara ao cargo pelas m\u00e3os do ex-ministro Weintraub.<\/p>\n<p>No lugar dele, Ribeiro nomeou Danilo Dupas Ribeiro, considerado de sua confian\u00e7a e que j\u00e1 compunha a equipe no MEC (Minist\u00e9rio da Educa\u00e7\u00e3o). Servidores do Inep veem subservi\u00eancia exagerada do novo titular ao minist\u00e9rio.<\/p>\n<p>Questionado, MEC e Inep n\u00e3o responderam at\u00e9 a publica\u00e7\u00e3o dessa reportagem.<\/p>\n<p>&#8220;Interromper o Saeb, mesmo com todas limita\u00e7\u00f5es que a pandemia imp\u00f5e, \u00e9 muito arriscado. Vamos precisar desses dados para estudar os resultados e contextualiz\u00e1-lo dentro da pandemia, inclusive para o subs\u00eddio das pol\u00edticas p\u00fablicas&#8221;, afirma Anna Helena Altenfelder, presidente do Cenpec (Centro de Estudos e Pesquisas em Educa\u00e7\u00e3o, Cultura e A\u00e7\u00e3o Comunit\u00e1ria).<\/p>\n<p>Mesmo dentro do MEC h\u00e1 diverg\u00eancias da equipe t\u00e9cnica com rela\u00e7\u00e3o ao cancelamento do Saeb, segundo relatos feitos \u00e0 Folha.<\/p>\n<p>A presidente do Conselho Nacional de Educa\u00e7\u00e3o, Maria Helena Guimar\u00e3es de Castro, diz ser contra o total cancelamento do Saeb, exatamente por causa da pandemia e seus efeitos na educa\u00e7\u00e3o.<\/p>\n<p>&#8220;Seria importante ao menos haver uma avalia\u00e7\u00e3o amostral, para efeito diagn\u00f3stico, que nos ajude a definir pol\u00edticas de supera\u00e7\u00e3o dos danos&#8221;, disse.<\/p>\n<p>Ex-integrantes da gest\u00e3o Weintraub mostram, nos bastidores, indigna\u00e7\u00e3o com Ribeiro pelo esvaziamento de projetos constru\u00eddos no governo Bolsonaro. Mesmo ap\u00f3s a sa\u00edda de Weintraub do MEC, a decis\u00e3o de realizar o Enem em meio \u00e0 pandemia foi mantida por Lopes, mesmo sob muitas cr\u00edticas.<\/p>\n<p>Segundo relatos colhidos pela reportagem, Ribeiro n\u00e3o se disporia a lutar por mais or\u00e7amento nem mostra disposi\u00e7\u00e3o para realiza\u00e7\u00f5es sob dificuldades. Causa especial inc\u00f4modo o entendimento para engavetar o chamado Enem seriado.<\/p>\n<p>\u200bO plano de Weintraub era aplicar o Saeb nos tr\u00eas anos do ensino m\u00e9dio, come\u00e7ando em 2021 com o 1\u00ba ano do ensino m\u00e9dio. O estudante poderia fazer as provas nos tr\u00eas anos como forma de ingresso na educa\u00e7\u00e3o, da\u00ed a alcunha de Enem seriado.<\/p>\n<p>O Inep calculou em R$ 353,5 milh\u00f5es o custo da aplica\u00e7\u00e3o extra somente para o 1\u00ba ano do m\u00e9dio, em nota t\u00e9cnica em que critica o custo elevado. \u00c9 recomendada ainda a revoga\u00e7\u00e3o da portaria que cria esse novo Saeb \u2014a inadequa\u00e7\u00e3o de usar essas provas de avalia\u00e7\u00e3o de sistema para uso individual de alunos \u00e9 ressaltada no documento.<\/p>\n<p>Tanto o Enem seriado quanto a amplia\u00e7\u00e3o do Saeb para todas as s\u00e9ries da educa\u00e7\u00e3o b\u00e1sica sempre foram alvo de fortes cr\u00edticas de especialistas como tamb\u00e9m dentro do MEC e do Inep.<\/p>\n<p>Com a mudan\u00e7a, o p\u00fablico avaliado passaria dos atuais 6,8 milh\u00f5es para 35 milh\u00f5es de estudantes (considerando apenas a rede p\u00fablica).<\/p>\n<p>\u200bNa semana passada, o Inep cancelou um grupo de trabalho do instituto que trabalhava na reformula\u00e7\u00e3o do Ideb. Os estudos foram transferidos para a secretaria-executiva do MEC.<\/p>\n<p>O ato, assinado pelo presidente do Inep, <a href=\"https:\/\/www1.folha.uol.com.br\/educacao\/2021\/02\/alexandre-lopes-e-exonerado-da-presidencia-do-inep.shtml\" target=\"_blank\" rel=\"noopener noreferrer\">Danilo Dupas Ribeiro<\/a>, foi encarado internamente como um movimento de enfraquecimento do instituto. O MEC tamb\u00e9m iniciou processo para elaborar uma prova de alfabetiza\u00e7\u00e3o sem a participa\u00e7\u00e3o do Inep, conforme publicado pelo jornal O Estado de S.Paulo.<\/p>\n<p>O objetivo seria contemplar a vis\u00e3o do secret\u00e1rio de Alfabetiza\u00e7\u00e3o, Carlos Nadalim, de que a avalia\u00e7\u00e3o tem de ser focada no m\u00e9todo f\u00f4nico, defendido por ele. Esse entendimento \u00e9 recha\u00e7ado pela equipe t\u00e9cnica de avalia\u00e7\u00e3o do Inep.<\/p>\n<p>A associa\u00e7\u00e3o de servidores do Inep (Assinep) divulgou na ter\u00e7a-feira (23) carta aberta ao novo presidente do Inep em que critica o enfraquecimento do \u00f3rg\u00e3o, e pede mais investimentos e equipe. O comunicado cita o que seriam tr\u00eas graves problemas: sucessivas trocas de comando, estrutura fragilizada de gest\u00e3o e perda permanente de profissionais qualificados.<\/p>\n<p>Dupas Ribeiro \u00e9 o quinto a presidir o Inep desde 2019, quando Bolsonaro assumiu. O pastor Milton Ribeiro \u00e9, por sua vez, o terceiro ministro da Educa\u00e7\u00e3o da gest\u00e3o, sem contar Carlos Alberto Decotelli, nomeado, mas que n\u00e3o chegou a tomar posse.<\/p>\n<p>Al\u00e9m de troca no comando, o MEC sob Bolsonaro tem sido marcado por<a href=\"https:\/\/www1.folha.uol.com.br\/educacao\/2020\/06\/gestao-de-weintraub-no-mec-foi-marcada-por-ataques-e-projetos-parados.shtml\" target=\"_blank\" rel=\"noopener noreferrer\"> projetos parados<\/a>, pela <a href=\"https:\/\/www1.folha.uol.com.br\/educacao\/2021\/02\/sob-bolsonaro-gasto-do-mec-com-investimentos-e-o-menor-desde-2015.shtml\" target=\"_blank\" rel=\"noopener noreferrer\">redu\u00e7\u00e3o nos investimentos em educa\u00e7\u00e3o<\/a>, por <a href=\"https:\/\/www1.folha.uol.com.br\/educacao\/2021\/03\/governo-bolsonaro-so-descobriu-erro-em-transferencia-do-fundeb-apos-aviso-de-prefeitura.shtml\" target=\"_blank\" rel=\"noopener noreferrer\">falhas de gest\u00e3o<\/a> e pela aposta em <a href=\"https:\/\/www1.folha.uol.com.br\/educacao\/2021\/03\/mec-recua-e-suspende-oficio-que-barrava-atos-politicos-em-universidades.shtml\" target=\"_blank\" rel=\"noopener noreferrer\">embates ideol\u00f3gicos<\/a>.<\/p>\n","protected":false},"excerpt":{"rendered":"<p>A equipe do ministro da Educa\u00e7\u00e3o, Milton Ribeiro, quer suspender a edi\u00e7\u00e3o deste ano do Saeb, a avalia\u00e7\u00e3o federal da educa\u00e7\u00e3o b\u00e1sica. Delibera\u00e7\u00f5es tamb\u00e9m envolvem o cancelamento de pol\u00edticas avaliativas anunciadas pelo pr\u00f3prio governo Jair Bolsonaro (em partido), como o Enem seriado.<\/p>\n","protected":false},"author":4,"featured_media":0,"comment_status":"closed","ping_status":"closed","sticky":false,"template":"","format":"standard","meta":{"footnotes":"","_links_to":"","_links_to_target":""},"categories":[9],"tags":[],"class_list":["post-13578","post","type-post","status-publish","format-standard","hentry","category-noticias-da-imprensa"],"yoast_head":"<!-- This site is optimized with the Yoast SEO plugin v15.1 - https:\/\/yoast.com\/wordpress\/plugins\/seo\/ -->\n<title>MEC quer cancelar Saeb deste ano em raz\u00e3o da pandemia &raquo; Abrelivros<\/title>\n<meta name=\"robots\" content=\"index, follow, max-snippet:-1, max-image-preview:large, max-video-preview:-1\" \/>\n<link rel=\"canonical\" href=\"https:\/\/abrelivros.org.br\/site\/mec-quer-cancelar-saeb-deste-ano-em-razao-da-pandemia\/\" \/>\n<meta property=\"og:locale\" content=\"pt_BR\" \/>\n<meta property=\"og:type\" content=\"article\" \/>\n<meta property=\"og:title\" content=\"MEC quer cancelar Saeb deste ano em raz\u00e3o da pandemia &raquo; Abrelivros\" \/>\n<meta property=\"og:description\" content=\"A equipe do ministro da Educa\u00e7\u00e3o, Milton Ribeiro, quer suspender a edi\u00e7\u00e3o deste ano do Saeb, a avalia\u00e7\u00e3o federal da educa\u00e7\u00e3o b\u00e1sica. Delibera\u00e7\u00f5es tamb\u00e9m envolvem o cancelamento de pol\u00edticas avaliativas anunciadas pelo pr\u00f3prio governo Jair Bolsonaro (em partido), como o Enem seriado.\" \/>\n<meta property=\"og:url\" content=\"https:\/\/abrelivros.org.br\/site\/mec-quer-cancelar-saeb-deste-ano-em-razao-da-pandemia\/\" \/>\n<meta property=\"og:site_name\" content=\"Abrelivros\" \/>\n<meta property=\"article:published_time\" content=\"2021-03-25T16:55:34+00:00\" \/>\n<meta name=\"twitter:card\" content=\"summary_large_image\" \/>\n<script type=\"application\/ld+json\" class=\"yoast-schema-graph\">{\"@context\":\"https:\/\/schema.org\",\"@graph\":[{\"@type\":\"WebSite\",\"@id\":\"https:\/\/abrelivros.org.br\/site\/#website\",\"url\":\"https:\/\/abrelivros.org.br\/site\/\",\"name\":\"Abrelivros\",\"description\":\"\",\"potentialAction\":[{\"@type\":\"SearchAction\",\"target\":\"https:\/\/abrelivros.org.br\/site\/?s={search_term_string}\",\"query-input\":\"required name=search_term_string\"}],\"inLanguage\":\"pt-BR\"},{\"@type\":\"WebPage\",\"@id\":\"https:\/\/abrelivros.org.br\/site\/mec-quer-cancelar-saeb-deste-ano-em-razao-da-pandemia\/#webpage\",\"url\":\"https:\/\/abrelivros.org.br\/site\/mec-quer-cancelar-saeb-deste-ano-em-razao-da-pandemia\/\",\"name\":\"MEC quer cancelar Saeb deste ano em raz\\u00e3o da pandemia &raquo; Abrelivros\",\"isPartOf\":{\"@id\":\"https:\/\/abrelivros.org.br\/site\/#website\"},\"datePublished\":\"2021-03-25T16:55:34+00:00\",\"dateModified\":\"2021-03-25T16:55:34+00:00\",\"author\":{\"@id\":\"https:\/\/abrelivros.org.br\/site\/#\/schema\/person\/65db80e26409802ce15ac5feec6a15fd\"},\"breadcrumb\":{\"@id\":\"https:\/\/abrelivros.org.br\/site\/mec-quer-cancelar-saeb-deste-ano-em-razao-da-pandemia\/#breadcrumb\"},\"inLanguage\":\"pt-BR\",\"potentialAction\":[{\"@type\":\"ReadAction\",\"target\":[\"https:\/\/abrelivros.org.br\/site\/mec-quer-cancelar-saeb-deste-ano-em-razao-da-pandemia\/\"]}]},{\"@type\":\"BreadcrumbList\",\"@id\":\"https:\/\/abrelivros.org.br\/site\/mec-quer-cancelar-saeb-deste-ano-em-razao-da-pandemia\/#breadcrumb\",\"itemListElement\":[{\"@type\":\"ListItem\",\"position\":1,\"item\":{\"@type\":\"WebPage\",\"@id\":\"https:\/\/abrelivros.org.br\/site\/\",\"url\":\"https:\/\/abrelivros.org.br\/site\/\",\"name\":\"In\\u00edcio\"}},{\"@type\":\"ListItem\",\"position\":2,\"item\":{\"@type\":\"WebPage\",\"@id\":\"https:\/\/abrelivros.org.br\/site\/category\/noticias\/\",\"url\":\"https:\/\/abrelivros.org.br\/site\/category\/noticias\/\",\"name\":\"Not\\u00edcias\"}},{\"@type\":\"ListItem\",\"position\":3,\"item\":{\"@type\":\"WebPage\",\"@id\":\"https:\/\/abrelivros.org.br\/site\/category\/noticias\/noticias-da-imprensa\/\",\"url\":\"https:\/\/abrelivros.org.br\/site\/category\/noticias\/noticias-da-imprensa\/\",\"name\":\"Not\\u00edcias da imprensa\"}},{\"@type\":\"ListItem\",\"position\":4,\"item\":{\"@type\":\"WebPage\",\"@id\":\"https:\/\/abrelivros.org.br\/site\/mec-quer-cancelar-saeb-deste-ano-em-razao-da-pandemia\/\",\"url\":\"https:\/\/abrelivros.org.br\/site\/mec-quer-cancelar-saeb-deste-ano-em-razao-da-pandemia\/\",\"name\":\"MEC quer cancelar Saeb deste ano em raz\\u00e3o da pandemia\"}}]},{\"@type\":\"Person\",\"@id\":\"https:\/\/abrelivros.org.br\/site\/#\/schema\/person\/65db80e26409802ce15ac5feec6a15fd\",\"name\":\"Reda\\u00e7\\u00e3o Abrelivros\",\"image\":{\"@type\":\"ImageObject\",\"@id\":\"https:\/\/abrelivros.org.br\/site\/#personlogo\",\"inLanguage\":\"pt-BR\",\"url\":\"https:\/\/secure.gravatar.com\/avatar\/c4e57f9c7e3482965bd428192061218520756c39080b1d1820b679fa5e9af192?s=96&d=mm&r=g\",\"caption\":\"Reda\\u00e7\\u00e3o Abrelivros\"}}]}<\/script>\n<!-- \/ Yoast SEO plugin. -->","_links":{"self":[{"href":"https:\/\/abrelivros.org.br\/site\/wp-json\/wp\/v2\/posts\/13578","targetHints":{"allow":["GET"]}}],"collection":[{"href":"https:\/\/abrelivros.org.br\/site\/wp-json\/wp\/v2\/posts"}],"about":[{"href":"https:\/\/abrelivros.org.br\/site\/wp-json\/wp\/v2\/types\/post"}],"author":[{"embeddable":true,"href":"https:\/\/abrelivros.org.br\/site\/wp-json\/wp\/v2\/users\/4"}],"replies":[{"embeddable":true,"href":"https:\/\/abrelivros.org.br\/site\/wp-json\/wp\/v2\/comments?post=13578"}],"version-history":[{"count":1,"href":"https:\/\/abrelivros.org.br\/site\/wp-json\/wp\/v2\/posts\/13578\/revisions"}],"predecessor-version":[{"id":13579,"href":"https:\/\/abrelivros.org.br\/site\/wp-json\/wp\/v2\/posts\/13578\/revisions\/13579"}],"wp:attachment":[{"href":"https:\/\/abrelivros.org.br\/site\/wp-json\/wp\/v2\/media?parent=13578"}],"wp:term":[{"taxonomy":"category","embeddable":true,"href":"https:\/\/abrelivros.org.br\/site\/wp-json\/wp\/v2\/categories?post=13578"},{"taxonomy":"post_tag","embeddable":true,"href":"https:\/\/abrelivros.org.br\/site\/wp-json\/wp\/v2\/tags?post=13578"}],"curies":[{"name":"wp","href":"https:\/\/api.w.org\/{rel}","templated":true}]}}