{"id":13574,"date":"2021-03-24T15:56:52","date_gmt":"2021-03-24T18:56:52","guid":{"rendered":"https:\/\/abrelivros.org.br\/site\/?p=13574"},"modified":"2021-03-24T15:56:52","modified_gmt":"2021-03-24T18:56:52","slug":"radar-de-licitacoes-semana-de-22-a-26-03","status":"publish","type":"post","link":"https:\/\/abrelivros.org.br\/site\/radar-de-licitacoes-semana-de-22-a-26-03\/","title":{"rendered":"Radar de licita\u00e7\u00f5es &#8211; semana de 22 a 26\/03"},"content":{"rendered":"<p>Nessa semana, o Radar de Licita\u00e7\u00f5es, se\u00e7\u00e3o fixa do PublishNews+, traz mais dois editais para compra de livros. O primeiro, para a compra de 110 t\u00edtulos de diferentes editoras, totalizando 3.836 exemplares.<!--more--> E o segundo tamb\u00e9m \u00e9 para compras de obras liter\u00e1rias que ser\u00e3o destinadas as bibliotecas das escolas de ensino infantil, fundamental e centros de educa\u00e7\u00e3o infantil de um munic\u00edpio mineiro. S\u00e3o 128 lotes, reunindo t\u00edtulos de diversas editoras como Abacatte, Novo Conceito, Intr\u00ednseca, Companhia das Letras, Amarilys, VR, Rocco, Rovelle, Cortez, Brasil, Callis, Girassol, Peir\u00f3polis, Brinque-Book, \u00c1tica, Salamandra e Global. O Radar de Licita\u00e7\u00f5es \u00e9 um servi\u00e7o do PublishNews+, \u00e1rea exclusiva de assinantes do PublishNews, em parceria com Nat\u00e1lia Vieira. Para acessar o Radar dessa semana, <a href=\"https:\/\/pnmais.com\/assinaturas\/?r=1081&amp;wcm_redirect_to=post&amp;wcm_redirect_id=1081\" target=\"_blank\" rel=\"noopener noreferrer\">clique aqui<\/a>.<\/p>\n","protected":false},"excerpt":{"rendered":"<p>Nessa semana, o Radar de Licita\u00e7\u00f5es, se\u00e7\u00e3o fixa do PublishNews+, traz mais dois editais para compra de livros. O primeiro, para a compra de 110 t\u00edtulos de diferentes editoras, totalizando 3.836 exemplares.<\/p>\n","protected":false},"author":4,"featured_media":0,"comment_status":"closed","ping_status":"closed","sticky":false,"template":"","format":"standard","meta":{"footnotes":"","_links_to":"","_links_to_target":""},"categories":[9],"tags":[],"class_list":["post-13574","post","type-post","status-publish","format-standard","hentry","category-noticias-da-imprensa"],"yoast_head":"<!-- This site is optimized with the Yoast SEO plugin v15.1 - https:\/\/yoast.com\/wordpress\/plugins\/seo\/ -->\n<title>Radar de licita\u00e7\u00f5es - semana de 22 a 26\/03 &raquo; Abrelivros<\/title>\n<meta name=\"robots\" content=\"index, follow, max-snippet:-1, max-image-preview:large, max-video-preview:-1\" \/>\n<link rel=\"canonical\" href=\"https:\/\/abrelivros.org.br\/site\/radar-de-licitacoes-semana-de-22-a-26-03\/\" \/>\n<meta property=\"og:locale\" content=\"pt_BR\" \/>\n<meta property=\"og:type\" content=\"article\" \/>\n<meta property=\"og:title\" content=\"Radar de licita\u00e7\u00f5es - semana de 22 a 26\/03 &raquo; Abrelivros\" \/>\n<meta property=\"og:description\" content=\"Nessa semana, o Radar de Licita\u00e7\u00f5es, se\u00e7\u00e3o fixa do PublishNews+, traz mais dois editais para compra de livros. O primeiro, para a compra de 110 t\u00edtulos de diferentes editoras, totalizando 3.836 exemplares.\" \/>\n<meta property=\"og:url\" content=\"https:\/\/abrelivros.org.br\/site\/radar-de-licitacoes-semana-de-22-a-26-03\/\" \/>\n<meta property=\"og:site_name\" content=\"Abrelivros\" \/>\n<meta property=\"article:published_time\" content=\"2021-03-24T18:56:52+00:00\" \/>\n<meta name=\"twitter:card\" content=\"summary_large_image\" \/>\n<script type=\"application\/ld+json\" class=\"yoast-schema-graph\">{\"@context\":\"https:\/\/schema.org\",\"@graph\":[{\"@type\":\"WebSite\",\"@id\":\"https:\/\/abrelivros.org.br\/site\/#website\",\"url\":\"https:\/\/abrelivros.org.br\/site\/\",\"name\":\"Abrelivros\",\"description\":\"\",\"potentialAction\":[{\"@type\":\"SearchAction\",\"target\":\"https:\/\/abrelivros.org.br\/site\/?s={search_term_string}\",\"query-input\":\"required name=search_term_string\"}],\"inLanguage\":\"pt-BR\"},{\"@type\":\"WebPage\",\"@id\":\"https:\/\/abrelivros.org.br\/site\/radar-de-licitacoes-semana-de-22-a-26-03\/#webpage\",\"url\":\"https:\/\/abrelivros.org.br\/site\/radar-de-licitacoes-semana-de-22-a-26-03\/\",\"name\":\"Radar de licita\\u00e7\\u00f5es - semana de 22 a 26\/03 &raquo; Abrelivros\",\"isPartOf\":{\"@id\":\"https:\/\/abrelivros.org.br\/site\/#website\"},\"datePublished\":\"2021-03-24T18:56:52+00:00\",\"dateModified\":\"2021-03-24T18:56:52+00:00\",\"author\":{\"@id\":\"https:\/\/abrelivros.org.br\/site\/#\/schema\/person\/65db80e26409802ce15ac5feec6a15fd\"},\"breadcrumb\":{\"@id\":\"https:\/\/abrelivros.org.br\/site\/radar-de-licitacoes-semana-de-22-a-26-03\/#breadcrumb\"},\"inLanguage\":\"pt-BR\",\"potentialAction\":[{\"@type\":\"ReadAction\",\"target\":[\"https:\/\/abrelivros.org.br\/site\/radar-de-licitacoes-semana-de-22-a-26-03\/\"]}]},{\"@type\":\"BreadcrumbList\",\"@id\":\"https:\/\/abrelivros.org.br\/site\/radar-de-licitacoes-semana-de-22-a-26-03\/#breadcrumb\",\"itemListElement\":[{\"@type\":\"ListItem\",\"position\":1,\"item\":{\"@type\":\"WebPage\",\"@id\":\"https:\/\/abrelivros.org.br\/site\/\",\"url\":\"https:\/\/abrelivros.org.br\/site\/\",\"name\":\"In\\u00edcio\"}},{\"@type\":\"ListItem\",\"position\":2,\"item\":{\"@type\":\"WebPage\",\"@id\":\"https:\/\/abrelivros.org.br\/site\/category\/noticias\/\",\"url\":\"https:\/\/abrelivros.org.br\/site\/category\/noticias\/\",\"name\":\"Not\\u00edcias\"}},{\"@type\":\"ListItem\",\"position\":3,\"item\":{\"@type\":\"WebPage\",\"@id\":\"https:\/\/abrelivros.org.br\/site\/category\/noticias\/noticias-da-imprensa\/\",\"url\":\"https:\/\/abrelivros.org.br\/site\/category\/noticias\/noticias-da-imprensa\/\",\"name\":\"Not\\u00edcias da imprensa\"}},{\"@type\":\"ListItem\",\"position\":4,\"item\":{\"@type\":\"WebPage\",\"@id\":\"https:\/\/abrelivros.org.br\/site\/radar-de-licitacoes-semana-de-22-a-26-03\/\",\"url\":\"https:\/\/abrelivros.org.br\/site\/radar-de-licitacoes-semana-de-22-a-26-03\/\",\"name\":\"Radar de licita\\u00e7\\u00f5es &#8211; semana de 22 a 26\/03\"}}]},{\"@type\":\"Person\",\"@id\":\"https:\/\/abrelivros.org.br\/site\/#\/schema\/person\/65db80e26409802ce15ac5feec6a15fd\",\"name\":\"Reda\\u00e7\\u00e3o Abrelivros\",\"image\":{\"@type\":\"ImageObject\",\"@id\":\"https:\/\/abrelivros.org.br\/site\/#personlogo\",\"inLanguage\":\"pt-BR\",\"url\":\"https:\/\/secure.gravatar.com\/avatar\/c4e57f9c7e3482965bd428192061218520756c39080b1d1820b679fa5e9af192?s=96&d=mm&r=g\",\"caption\":\"Reda\\u00e7\\u00e3o Abrelivros\"}}]}<\/script>\n<!-- \/ Yoast SEO plugin. -->","_links":{"self":[{"href":"https:\/\/abrelivros.org.br\/site\/wp-json\/wp\/v2\/posts\/13574","targetHints":{"allow":["GET"]}}],"collection":[{"href":"https:\/\/abrelivros.org.br\/site\/wp-json\/wp\/v2\/posts"}],"about":[{"href":"https:\/\/abrelivros.org.br\/site\/wp-json\/wp\/v2\/types\/post"}],"author":[{"embeddable":true,"href":"https:\/\/abrelivros.org.br\/site\/wp-json\/wp\/v2\/users\/4"}],"replies":[{"embeddable":true,"href":"https:\/\/abrelivros.org.br\/site\/wp-json\/wp\/v2\/comments?post=13574"}],"version-history":[{"count":1,"href":"https:\/\/abrelivros.org.br\/site\/wp-json\/wp\/v2\/posts\/13574\/revisions"}],"predecessor-version":[{"id":13575,"href":"https:\/\/abrelivros.org.br\/site\/wp-json\/wp\/v2\/posts\/13574\/revisions\/13575"}],"wp:attachment":[{"href":"https:\/\/abrelivros.org.br\/site\/wp-json\/wp\/v2\/media?parent=13574"}],"wp:term":[{"taxonomy":"category","embeddable":true,"href":"https:\/\/abrelivros.org.br\/site\/wp-json\/wp\/v2\/categories?post=13574"},{"taxonomy":"post_tag","embeddable":true,"href":"https:\/\/abrelivros.org.br\/site\/wp-json\/wp\/v2\/tags?post=13574"}],"curies":[{"name":"wp","href":"https:\/\/api.w.org\/{rel}","templated":true}]}}