{"id":13568,"date":"2021-03-24T15:47:36","date_gmt":"2021-03-24T18:47:36","guid":{"rendered":"https:\/\/abrelivros.org.br\/site\/?p=13568"},"modified":"2021-03-24T15:47:36","modified_gmt":"2021-03-24T18:47:36","slug":"resultado-preliminar-para-elaborador-de-imagens-e-publicado","status":"publish","type":"post","link":"https:\/\/abrelivros.org.br\/site\/resultado-preliminar-para-elaborador-de-imagens-e-publicado\/","title":{"rendered":"Resultado preliminar para elaborador de imagens \u00e9 publicado"},"content":{"rendered":"<p>O Instituto Nacional de Estudos e Pesquisas Educacionais An\u00edsio Teixeira (Inep) publicou, nesta quarta-feira, 24 de mar\u00e7o, no Di\u00e1rio Oficial da Uni\u00e3o (DOU), os resultados preliminares da seletiva para elaboradores de imagens do Sistema de Avalia\u00e7\u00e3o da Educa\u00e7\u00e3o B\u00e1sica (Saeb).<!--more--> Os candidatos que quiserem interpor recursos t\u00eam at\u00e9 dois dias, ap\u00f3s a publica\u00e7\u00e3o da classifica\u00e7\u00e3o preliminar, para fazer a requisi\u00e7\u00e3o. A solicita\u00e7\u00e3o deve ser feita, exclusivamente, pelo e-mail <a href=\"mailto:capacitabni@inep.gov.br\">capacitabni@inep.gov.br<\/a>. O Inep ressalta que documentos ou comprovantes que n\u00e3o foram anexados no sistema no ato da inscri\u00e7\u00e3o n\u00e3o ser\u00e3o aceitos. A divulga\u00e7\u00e3o final dos credenciados ocorrer\u00e1 at\u00e9 o dia 15 de abril.<\/p>\n<p>A classifica\u00e7\u00e3o dos candidatos \u00e9 de acordo com a pontua\u00e7\u00e3o obtida nos requisitos obrigat\u00f3rios e complementares, considerando os documentos comprobat\u00f3rios.<\/p>\n<p>A convoca\u00e7\u00e3o para a capacita\u00e7\u00e3o, que ainda n\u00e3o tem data definida, respeitar\u00e1 a ordem de classifica\u00e7\u00e3o, bem como o perfil da vaga e as necessidades do Inep. Ap\u00f3s o classificado concluir com sucesso a capacita\u00e7\u00e3o, ele ser\u00e1 considerado especialista colaborador do Banco de Elaboradores de Imagens (BEI) das avalia\u00e7\u00f5es da educa\u00e7\u00e3o b\u00e1sica.<\/p>\n<p><strong>Saeb<\/strong> \u2013 Realizado desde 1990, o Sistema de Avalia\u00e7\u00e3o da Educa\u00e7\u00e3o B\u00e1sica \u00e9 um processo de avalia\u00e7\u00e3o em larga escala, realizado periodicamente pelo Inep. O Saeb oferece subs\u00eddios para a elabora\u00e7\u00e3o, o monitoramento e o aprimoramento de pol\u00edticas com base em evid\u00eancias, permitindo que os diversos n\u00edveis governamentais avaliem a qualidade da educa\u00e7\u00e3o praticada no pa\u00eds. Por meio de testes e question\u00e1rios, a avalia\u00e7\u00e3o reflete os n\u00edveis de aprendizagem demonstrados pelo conjunto de estudantes. Esses n\u00edveis de aprendizagem est\u00e3o descritos e organizados de modo crescente, em escalas de profici\u00eancia de l\u00edngua portuguesa e de matem\u00e1tica, para cada uma das etapas avaliadas. Os resultados apurados no Saeb, juntamente com as taxas de aprova\u00e7\u00e3o, reprova\u00e7\u00e3o e abandono aferidas no Censo Escolar, comp\u00f5em o \u00cdndice de Desenvolvimento da Educa\u00e7\u00e3o B\u00e1sica (Ideb).<\/p>\n<p><a href=\"https:\/\/www.in.gov.br\/en\/web\/dou\/-\/edital-n-6-de-17-de-marco-de-2021selecao-de-professores-e-artistas-visuais-para-o-banco-de-elaboradores-de-imagens-bei-das-avaliacoes-da-educacao-basica-310135770\" target=\"_blank\" rel=\"noopener noreferrer\">Confira o resultado preliminar<\/a><\/p>\n<p><a href=\"https:\/\/www.gov.br\/inep\/pt-br\/areas-de-atuacao\/avaliacao-e-exames-educacionais\/saeb\" target=\"_blank\" rel=\"noopener noreferrer\">Saiba mais sobre o Saeb<\/a><\/p>\n","protected":false},"excerpt":{"rendered":"<p>O Instituto Nacional de Estudos e Pesquisas Educacionais An\u00edsio Teixeira (Inep) publicou, nesta quarta-feira, 24 de mar\u00e7o, no Di\u00e1rio Oficial da Uni\u00e3o (DOU), os resultados preliminares da seletiva para elaboradores de imagens do Sistema de Avalia\u00e7\u00e3o da Educa\u00e7\u00e3o B\u00e1sica (Saeb).<\/p>\n","protected":false},"author":4,"featured_media":0,"comment_status":"closed","ping_status":"closed","sticky":false,"template":"","format":"standard","meta":{"footnotes":"","_links_to":"","_links_to_target":""},"categories":[9],"tags":[],"class_list":["post-13568","post","type-post","status-publish","format-standard","hentry","category-noticias-da-imprensa"],"yoast_head":"<!-- This site is optimized with the Yoast SEO plugin v15.1 - https:\/\/yoast.com\/wordpress\/plugins\/seo\/ -->\n<title>Resultado preliminar para elaborador de imagens \u00e9 publicado &raquo; Abrelivros<\/title>\n<meta name=\"robots\" content=\"index, follow, max-snippet:-1, max-image-preview:large, max-video-preview:-1\" \/>\n<link rel=\"canonical\" href=\"https:\/\/abrelivros.org.br\/site\/resultado-preliminar-para-elaborador-de-imagens-e-publicado\/\" \/>\n<meta property=\"og:locale\" content=\"pt_BR\" \/>\n<meta property=\"og:type\" content=\"article\" \/>\n<meta property=\"og:title\" content=\"Resultado preliminar para elaborador de imagens \u00e9 publicado &raquo; Abrelivros\" \/>\n<meta property=\"og:description\" content=\"O Instituto Nacional de Estudos e Pesquisas Educacionais An\u00edsio Teixeira (Inep) publicou, nesta quarta-feira, 24 de mar\u00e7o, no Di\u00e1rio Oficial da Uni\u00e3o (DOU), os resultados preliminares da seletiva para elaboradores de imagens do Sistema de Avalia\u00e7\u00e3o da Educa\u00e7\u00e3o B\u00e1sica (Saeb).\" \/>\n<meta property=\"og:url\" content=\"https:\/\/abrelivros.org.br\/site\/resultado-preliminar-para-elaborador-de-imagens-e-publicado\/\" \/>\n<meta property=\"og:site_name\" content=\"Abrelivros\" \/>\n<meta property=\"article:published_time\" content=\"2021-03-24T18:47:36+00:00\" \/>\n<meta name=\"twitter:card\" content=\"summary_large_image\" \/>\n<script type=\"application\/ld+json\" class=\"yoast-schema-graph\">{\"@context\":\"https:\/\/schema.org\",\"@graph\":[{\"@type\":\"WebSite\",\"@id\":\"https:\/\/abrelivros.org.br\/site\/#website\",\"url\":\"https:\/\/abrelivros.org.br\/site\/\",\"name\":\"Abrelivros\",\"description\":\"\",\"potentialAction\":[{\"@type\":\"SearchAction\",\"target\":\"https:\/\/abrelivros.org.br\/site\/?s={search_term_string}\",\"query-input\":\"required name=search_term_string\"}],\"inLanguage\":\"pt-BR\"},{\"@type\":\"WebPage\",\"@id\":\"https:\/\/abrelivros.org.br\/site\/resultado-preliminar-para-elaborador-de-imagens-e-publicado\/#webpage\",\"url\":\"https:\/\/abrelivros.org.br\/site\/resultado-preliminar-para-elaborador-de-imagens-e-publicado\/\",\"name\":\"Resultado preliminar para elaborador de imagens \\u00e9 publicado &raquo; Abrelivros\",\"isPartOf\":{\"@id\":\"https:\/\/abrelivros.org.br\/site\/#website\"},\"datePublished\":\"2021-03-24T18:47:36+00:00\",\"dateModified\":\"2021-03-24T18:47:36+00:00\",\"author\":{\"@id\":\"https:\/\/abrelivros.org.br\/site\/#\/schema\/person\/65db80e26409802ce15ac5feec6a15fd\"},\"breadcrumb\":{\"@id\":\"https:\/\/abrelivros.org.br\/site\/resultado-preliminar-para-elaborador-de-imagens-e-publicado\/#breadcrumb\"},\"inLanguage\":\"pt-BR\",\"potentialAction\":[{\"@type\":\"ReadAction\",\"target\":[\"https:\/\/abrelivros.org.br\/site\/resultado-preliminar-para-elaborador-de-imagens-e-publicado\/\"]}]},{\"@type\":\"BreadcrumbList\",\"@id\":\"https:\/\/abrelivros.org.br\/site\/resultado-preliminar-para-elaborador-de-imagens-e-publicado\/#breadcrumb\",\"itemListElement\":[{\"@type\":\"ListItem\",\"position\":1,\"item\":{\"@type\":\"WebPage\",\"@id\":\"https:\/\/abrelivros.org.br\/site\/\",\"url\":\"https:\/\/abrelivros.org.br\/site\/\",\"name\":\"In\\u00edcio\"}},{\"@type\":\"ListItem\",\"position\":2,\"item\":{\"@type\":\"WebPage\",\"@id\":\"https:\/\/abrelivros.org.br\/site\/category\/noticias\/\",\"url\":\"https:\/\/abrelivros.org.br\/site\/category\/noticias\/\",\"name\":\"Not\\u00edcias\"}},{\"@type\":\"ListItem\",\"position\":3,\"item\":{\"@type\":\"WebPage\",\"@id\":\"https:\/\/abrelivros.org.br\/site\/category\/noticias\/noticias-da-imprensa\/\",\"url\":\"https:\/\/abrelivros.org.br\/site\/category\/noticias\/noticias-da-imprensa\/\",\"name\":\"Not\\u00edcias da imprensa\"}},{\"@type\":\"ListItem\",\"position\":4,\"item\":{\"@type\":\"WebPage\",\"@id\":\"https:\/\/abrelivros.org.br\/site\/resultado-preliminar-para-elaborador-de-imagens-e-publicado\/\",\"url\":\"https:\/\/abrelivros.org.br\/site\/resultado-preliminar-para-elaborador-de-imagens-e-publicado\/\",\"name\":\"Resultado preliminar para elaborador de imagens \\u00e9 publicado\"}}]},{\"@type\":\"Person\",\"@id\":\"https:\/\/abrelivros.org.br\/site\/#\/schema\/person\/65db80e26409802ce15ac5feec6a15fd\",\"name\":\"Reda\\u00e7\\u00e3o Abrelivros\",\"image\":{\"@type\":\"ImageObject\",\"@id\":\"https:\/\/abrelivros.org.br\/site\/#personlogo\",\"inLanguage\":\"pt-BR\",\"url\":\"https:\/\/secure.gravatar.com\/avatar\/c4e57f9c7e3482965bd428192061218520756c39080b1d1820b679fa5e9af192?s=96&d=mm&r=g\",\"caption\":\"Reda\\u00e7\\u00e3o Abrelivros\"}}]}<\/script>\n<!-- \/ Yoast SEO plugin. -->","_links":{"self":[{"href":"https:\/\/abrelivros.org.br\/site\/wp-json\/wp\/v2\/posts\/13568","targetHints":{"allow":["GET"]}}],"collection":[{"href":"https:\/\/abrelivros.org.br\/site\/wp-json\/wp\/v2\/posts"}],"about":[{"href":"https:\/\/abrelivros.org.br\/site\/wp-json\/wp\/v2\/types\/post"}],"author":[{"embeddable":true,"href":"https:\/\/abrelivros.org.br\/site\/wp-json\/wp\/v2\/users\/4"}],"replies":[{"embeddable":true,"href":"https:\/\/abrelivros.org.br\/site\/wp-json\/wp\/v2\/comments?post=13568"}],"version-history":[{"count":1,"href":"https:\/\/abrelivros.org.br\/site\/wp-json\/wp\/v2\/posts\/13568\/revisions"}],"predecessor-version":[{"id":13569,"href":"https:\/\/abrelivros.org.br\/site\/wp-json\/wp\/v2\/posts\/13568\/revisions\/13569"}],"wp:attachment":[{"href":"https:\/\/abrelivros.org.br\/site\/wp-json\/wp\/v2\/media?parent=13568"}],"wp:term":[{"taxonomy":"category","embeddable":true,"href":"https:\/\/abrelivros.org.br\/site\/wp-json\/wp\/v2\/categories?post=13568"},{"taxonomy":"post_tag","embeddable":true,"href":"https:\/\/abrelivros.org.br\/site\/wp-json\/wp\/v2\/tags?post=13568"}],"curies":[{"name":"wp","href":"https:\/\/api.w.org\/{rel}","templated":true}]}}