{"id":13564,"date":"2021-03-23T14:57:49","date_gmt":"2021-03-23T17:57:49","guid":{"rendered":"https:\/\/abrelivros.org.br\/site\/?p=13564"},"modified":"2021-03-23T14:57:49","modified_gmt":"2021-03-23T17:57:49","slug":"porvir-apoia-conjuve-em-nova-pesquisa-para-ouvir-jovens-sobre-a-pandemia","status":"publish","type":"post","link":"https:\/\/abrelivros.org.br\/site\/porvir-apoia-conjuve-em-nova-pesquisa-para-ouvir-jovens-sobre-a-pandemia\/","title":{"rendered":"Porvir apoia Conjuve em nova pesquisa para ouvir jovens sobre a pandemia"},"content":{"rendered":"<p>Um ano ap\u00f3s o in\u00edcio da pandemia de COVID-19, garantir direitos para a popula\u00e7\u00e3o jovem brasileira tornou-se um desafio complexo. Em busca de respostas dos pr\u00f3prios jovens sobre como a crise sanit\u00e1ria os afeta e como eles podem ser apoiados neste momento, uma nova onda da pesquisa \u201cJuventudes e a Pandemia do Coronav\u00edrus (Covid-19)\u201d foi lan\u00e7ada no dia 22 de mar\u00e7o.<!--more--> Jovens de 15 a 29 anos de todo o Brasil poder\u00e3o participar da consulta por meio do question\u00e1rio online dispon\u00edvel no link bit.ly\/juventudesepandemia2, at\u00e9 o dia 5 de abril.<\/p>\n<p>Promovida pelo Conselho Nacional da Juventude (CONJUVE), em parceria com a Funda\u00e7\u00e3o Roberto Marinho, a UNESCO, a Rede Conhecimento Social, a Vis\u00e3o Mundial, o Mapa Educa\u00e7\u00e3o, o Em Movimento e o Porvir, a primeira edi\u00e7\u00e3o da pesquisa foi realizada em maio de 2020 e ouviu 33.688 jovens. \u00c0 \u00e9poca, seus resultados mostraram que a pandemia afetava diferentes aspectos da vida dos jovens, como perda de trabalho e renda, dificuldade para estudar em casa e elevado n\u00edvel de estresse. Os dados foram amplamente divulgados e usados por organiza\u00e7\u00f5es e profissionais comprometidos em apoiar o desenvolvimento das juventudes, bem como para pautar e influenciar a a\u00e7\u00e3o de tomadores de decis\u00e3o.<\/p>\n<p>Assim como na \u00faltima edi\u00e7\u00e3o, o Porvir segue como corealizador da pesquisa, refor\u00e7ando o seu compromisso com a agenda de defender o protagonismo e escuta do jovem na educa\u00e7\u00e3o. Esse projeto refor\u00e7a ainda mais os princ\u00edpios mapeados e difundidos com o especial \u201cParticipa\u00e7\u00e3o dos Estudantes na Escola\u201d e com a pesquisa \u201cNossa Escola em (Re)Constru\u00e7\u00e3o\u201d, que j\u00e1 ouviu mais de 260 mil estudantes de todo pa\u00eds.<\/p>\n<p>Agora, com os riscos ampliados pela longa exposi\u00e7\u00e3o \u00e0 pandemia, a segunda onda de mobiliza\u00e7\u00e3o pretende atualizar as percep\u00e7\u00f5es das juventudes sobre a crise e trazer dados que ajudem a evitar sequelas graves para a maior gera\u00e7\u00e3o de jovens da hist\u00f3ria do pa\u00eds.<\/p>\n<p>\u201cTodo este contexto tem forte influ\u00eancia no processo de desenvolvimento da popula\u00e7\u00e3o jovem no Brasil. A situa\u00e7\u00e3o \u00e9 grave. Precisamos urgentemente de a\u00e7\u00f5es concretas, com real capacidade de promover mudan\u00e7as, atendendo as demandas emergenciais e apresentando perspectivas de futuro. Uma s\u00e9rie de direitos t\u00eam sido violados ou negligenciados e para o enfrentamento da complexidade desses desafios ser\u00e1 fundamental a constru\u00e7\u00e3o de solu\u00e7\u00f5es que sejam baseadas em evid\u00eancias, por isso decidimos realizar a segunda onda da Pesquisa Juventudes e a Pandemia do Coronav\u00edrus\u201d, afirma Marcus Bar\u00e3o, Presidente do Conselho Nacional da Juventude.<\/p>\n<p>Por meio do question\u00e1rio, os jovens ter\u00e3o a oportunidade de relatar suas experi\u00eancias e sentimentos em rela\u00e7\u00e3o a sa\u00fade e bem estar; educa\u00e7\u00e3o e aprendizado; trabalho e renda; e vida p\u00fablica e expectativas. Tamb\u00e9m devem responder algumas informa\u00e7\u00f5es sobre sua origem e perfil socioecon\u00f4mico, mas n\u00e3o precisam se identificar. Com 70 perguntas como: \u201cQuando estiver dispon\u00edvel para a sua faixa de idade, voc\u00ea pretende tomar a vacina contra<\/p>\n<p>COVID-19?\u201d e \u201cPensando em perspectivas de futuro para o mundo do trabalho, quais s\u00e3o as duas a\u00e7\u00f5es priorit\u00e1rias para institui\u00e7\u00f5es p\u00fablicas e privadas ajudarem jovens a lidar com efeitos da pandemia?\u201d, a pesquisa leva aproximadamente 30 minutos para ser completada.<\/p>\n<p>Assim como na primeira edi\u00e7\u00e3o, os temas e quest\u00f5es do question\u00e1rio foram propostos por um grupo de 10 jovens que participaram de oficinas utilizando a metodologia PerguntA\u00e7\u00e3o, coordenadas pela Rede Conhecimento Social, uma das organiza\u00e7\u00f5es parceiras da iniciativa. Segundo Marisa Villi, diretora executiva da ONG, essa metodologia envolve o p\u00fablico alvo da pesquisa em todas suas etapas. \u201cA constru\u00e7\u00e3o coletiva da segunda onda da pesquisa tem sido riqu\u00edssima, com jovens extremamente engajados em identificar temas priorit\u00e1rios para entender o atual momento da pandemia e levantar perspectivas de futuro para as juventudes. As experi\u00eancias de cada jovem ao longo da pandemia foram traduzidas em perguntas que eles gostariam de fazer a outros jovens de todo o pa\u00eds, tomando como refer\u00eancia os aprendizados da onda 1 da pesquisa. Certamente a an\u00e1lise coletiva de resultados ser\u00e1 muito potente.\u201d<\/p>\n<p>Os jovens que colaboram com a pesquisa foram indicados por cada organiza\u00e7\u00e3o do Comit\u00ea de Governan\u00e7a da iniciativa ainda na sua primeira onda. Esse comit\u00ea \u00e9 formado por especialistas em juventudes, pesquisa, comunica\u00e7\u00e3o e mobiliza\u00e7\u00e3o das organiza\u00e7\u00f5es parceiras da consulta, que tamb\u00e9m acompanham e colaboram com suas v\u00e1rias etapas. Est\u00e1 entre as responsabilidades do comit\u00ea coordenar a mobiliza\u00e7\u00e3o por respostas em todo o pa\u00eds. Organiza\u00e7\u00f5es que trabalham ou s\u00e3o formadas por jovens ser\u00e3o convidadas a divulgar o question\u00e1rio em diferentes regi\u00f5es. Al\u00e9m disso, os pr\u00f3prios jovens envolvidos na elabora\u00e7\u00e3o das quest\u00f5es tamb\u00e9m participar\u00e3o da mobiliza\u00e7\u00e3o.<\/p>\n<p>O objetivo \u00e9 atingir uma amostra representativa das juventudes brasileiras. Para isso, ser\u00e1 feito um monitoramento durante a fase de coleta, conforme explica Rosalina Soares, Assessora de Pesquisa e Avalia\u00e7\u00e3o da Funda\u00e7\u00e3o Roberto Marinho. \u201cNo processo de mobiliza\u00e7\u00e3o precisamos ficar atentos se estamos atraindo e garantindo a representatividade de jovens de todas a regi\u00f5es do Brasil, moradores de zonas urbanas e rurais, jovens do sexo masculino e feminino, com diferentes identidades de g\u00eanero e cor\/ra\u00e7a. Vamos monitorar as respostas, utilizando dados populacionais do IBGE para analisar a representatividade e ativar a mobiliza\u00e7\u00e3o, cuidando para que ao final da coleta a pesquisa represente as juventudes brasileiras\u201d.<\/p>\n<p>A divulga\u00e7\u00e3o dos dados ser\u00e1 realizada em maio, no festival de lan\u00e7amento do Atlas das Juventudes, uma outra pesquisa nacional, coordenada pelo Em Movimento e pelo Pacto das Juventudes pelos Objetivos de Desenvolvimento Sustent\u00e1vel (ODS), da Organiza\u00e7\u00e3o das Na\u00e7\u00f5es Unidas (ONU), e que procura produzir, sistematizar e disseminar dados sobre as diferentes juventudes do Brasil. \u201cLan\u00e7aremos a segunda onda da Juventudes e a Pandemia como parte do Festival de Lan\u00e7amento do Atlas das Juventudes, uma vez que o esfor\u00e7o de realizar essa pesquisa nasceu dentro da articula\u00e7\u00e3o que j\u00e1 realizamos para o Atlas. Ser\u00e1 uma forma de agregar e compilar em um s\u00f3 lugar evid\u00eancias sistematizadas sobre as juventudes, completa Mariana Resegue, secret\u00e1ria executiva do Em Movimento e coordenadora geral do Atlas das Juventudes.<\/p>\n<p><strong>SOBRE O CONJUVE<\/strong><\/p>\n<p>Institu\u00eddo pela Lei n\u00ba 11.129\/2005 e regulamentado pelo Decreto n\u00ba 10.069\/2019, o CONJUVE re\u00fane algumas das principais organiza\u00e7\u00f5es juvenis do pa\u00eds.<\/p>\n<p>Entre as suas atribui\u00e7\u00f5es, est\u00e1 a de formular e propor diretrizes da a\u00e7\u00e3o governamental voltadas \u00e0 promo\u00e7\u00e3o de pol\u00edticas p\u00fablicas de juventude, desenvolver estudos e pesquisas sobre a realidade socioecon\u00f4mica dos jovens, articular, engajar e mobilizar redes e organiza\u00e7\u00f5es juvenis e promover o interc\u00e2mbio entre as organiza\u00e7\u00f5es juvenis nacionais e internacionais.<\/p>\n<p>O CONJUVE \u00e9 a plataforma oficial de representa\u00e7\u00e3o juvenil do Brasil, sua atua\u00e7\u00e3o foi determinante para a concretiza\u00e7\u00e3o de marcos hist\u00f3ricos como a aprova\u00e7\u00e3o do Estatuto da Juventude, o Decreto que instituiu o Sistema Nacional da Juventude e ainda cumpre o importante papel de coordenar a Confer\u00eancia Nacional de Juventude, que mobiliza mais de 600.000 jovens de todo o pa\u00eds e busca reunir as propostas para a constru\u00e7\u00e3o do Plano Nacional da Juventude<\/p>\n","protected":false},"excerpt":{"rendered":"<p>Um ano ap\u00f3s o in\u00edcio da pandemia de COVID-19, garantir direitos para a popula\u00e7\u00e3o jovem brasileira tornou-se um desafio complexo. Em busca de respostas dos pr\u00f3prios jovens sobre como a crise sanit\u00e1ria os afeta e como eles podem ser apoiados neste momento, uma nova onda da pesquisa \u201cJuventudes e a Pandemia do Coronav\u00edrus (Covid-19)\u201d foi [&hellip;]<\/p>\n","protected":false},"author":4,"featured_media":0,"comment_status":"closed","ping_status":"closed","sticky":false,"template":"","format":"standard","meta":{"footnotes":"","_links_to":"","_links_to_target":""},"categories":[9],"tags":[],"class_list":["post-13564","post","type-post","status-publish","format-standard","hentry","category-noticias-da-imprensa"],"yoast_head":"<!-- This site is optimized with the Yoast SEO plugin v15.1 - https:\/\/yoast.com\/wordpress\/plugins\/seo\/ -->\n<title>Porvir apoia Conjuve em nova pesquisa para ouvir jovens sobre a pandemia &raquo; Abrelivros<\/title>\n<meta name=\"robots\" content=\"index, follow, max-snippet:-1, max-image-preview:large, max-video-preview:-1\" \/>\n<link rel=\"canonical\" href=\"https:\/\/abrelivros.org.br\/site\/porvir-apoia-conjuve-em-nova-pesquisa-para-ouvir-jovens-sobre-a-pandemia\/\" \/>\n<meta property=\"og:locale\" content=\"pt_BR\" \/>\n<meta property=\"og:type\" content=\"article\" \/>\n<meta property=\"og:title\" content=\"Porvir apoia Conjuve em nova pesquisa para ouvir jovens sobre a pandemia &raquo; Abrelivros\" \/>\n<meta property=\"og:description\" content=\"Um ano ap\u00f3s o in\u00edcio da pandemia de COVID-19, garantir direitos para a popula\u00e7\u00e3o jovem brasileira tornou-se um desafio complexo. Em busca de respostas dos pr\u00f3prios jovens sobre como a crise sanit\u00e1ria os afeta e como eles podem ser apoiados neste momento, uma nova onda da pesquisa \u201cJuventudes e a Pandemia do Coronav\u00edrus (Covid-19)\u201d foi [&hellip;]\" \/>\n<meta property=\"og:url\" content=\"https:\/\/abrelivros.org.br\/site\/porvir-apoia-conjuve-em-nova-pesquisa-para-ouvir-jovens-sobre-a-pandemia\/\" \/>\n<meta property=\"og:site_name\" content=\"Abrelivros\" \/>\n<meta property=\"article:published_time\" content=\"2021-03-23T17:57:49+00:00\" \/>\n<meta name=\"twitter:card\" content=\"summary_large_image\" \/>\n<script type=\"application\/ld+json\" class=\"yoast-schema-graph\">{\"@context\":\"https:\/\/schema.org\",\"@graph\":[{\"@type\":\"WebSite\",\"@id\":\"https:\/\/abrelivros.org.br\/site\/#website\",\"url\":\"https:\/\/abrelivros.org.br\/site\/\",\"name\":\"Abrelivros\",\"description\":\"\",\"potentialAction\":[{\"@type\":\"SearchAction\",\"target\":\"https:\/\/abrelivros.org.br\/site\/?s={search_term_string}\",\"query-input\":\"required name=search_term_string\"}],\"inLanguage\":\"pt-BR\"},{\"@type\":\"WebPage\",\"@id\":\"https:\/\/abrelivros.org.br\/site\/porvir-apoia-conjuve-em-nova-pesquisa-para-ouvir-jovens-sobre-a-pandemia\/#webpage\",\"url\":\"https:\/\/abrelivros.org.br\/site\/porvir-apoia-conjuve-em-nova-pesquisa-para-ouvir-jovens-sobre-a-pandemia\/\",\"name\":\"Porvir apoia Conjuve em nova pesquisa para ouvir jovens sobre a pandemia &raquo; Abrelivros\",\"isPartOf\":{\"@id\":\"https:\/\/abrelivros.org.br\/site\/#website\"},\"datePublished\":\"2021-03-23T17:57:49+00:00\",\"dateModified\":\"2021-03-23T17:57:49+00:00\",\"author\":{\"@id\":\"https:\/\/abrelivros.org.br\/site\/#\/schema\/person\/65db80e26409802ce15ac5feec6a15fd\"},\"breadcrumb\":{\"@id\":\"https:\/\/abrelivros.org.br\/site\/porvir-apoia-conjuve-em-nova-pesquisa-para-ouvir-jovens-sobre-a-pandemia\/#breadcrumb\"},\"inLanguage\":\"pt-BR\",\"potentialAction\":[{\"@type\":\"ReadAction\",\"target\":[\"https:\/\/abrelivros.org.br\/site\/porvir-apoia-conjuve-em-nova-pesquisa-para-ouvir-jovens-sobre-a-pandemia\/\"]}]},{\"@type\":\"BreadcrumbList\",\"@id\":\"https:\/\/abrelivros.org.br\/site\/porvir-apoia-conjuve-em-nova-pesquisa-para-ouvir-jovens-sobre-a-pandemia\/#breadcrumb\",\"itemListElement\":[{\"@type\":\"ListItem\",\"position\":1,\"item\":{\"@type\":\"WebPage\",\"@id\":\"https:\/\/abrelivros.org.br\/site\/\",\"url\":\"https:\/\/abrelivros.org.br\/site\/\",\"name\":\"In\\u00edcio\"}},{\"@type\":\"ListItem\",\"position\":2,\"item\":{\"@type\":\"WebPage\",\"@id\":\"https:\/\/abrelivros.org.br\/site\/category\/noticias\/\",\"url\":\"https:\/\/abrelivros.org.br\/site\/category\/noticias\/\",\"name\":\"Not\\u00edcias\"}},{\"@type\":\"ListItem\",\"position\":3,\"item\":{\"@type\":\"WebPage\",\"@id\":\"https:\/\/abrelivros.org.br\/site\/category\/noticias\/noticias-da-imprensa\/\",\"url\":\"https:\/\/abrelivros.org.br\/site\/category\/noticias\/noticias-da-imprensa\/\",\"name\":\"Not\\u00edcias da imprensa\"}},{\"@type\":\"ListItem\",\"position\":4,\"item\":{\"@type\":\"WebPage\",\"@id\":\"https:\/\/abrelivros.org.br\/site\/porvir-apoia-conjuve-em-nova-pesquisa-para-ouvir-jovens-sobre-a-pandemia\/\",\"url\":\"https:\/\/abrelivros.org.br\/site\/porvir-apoia-conjuve-em-nova-pesquisa-para-ouvir-jovens-sobre-a-pandemia\/\",\"name\":\"Porvir apoia Conjuve em nova pesquisa para ouvir jovens sobre a pandemia\"}}]},{\"@type\":\"Person\",\"@id\":\"https:\/\/abrelivros.org.br\/site\/#\/schema\/person\/65db80e26409802ce15ac5feec6a15fd\",\"name\":\"Reda\\u00e7\\u00e3o Abrelivros\",\"image\":{\"@type\":\"ImageObject\",\"@id\":\"https:\/\/abrelivros.org.br\/site\/#personlogo\",\"inLanguage\":\"pt-BR\",\"url\":\"https:\/\/secure.gravatar.com\/avatar\/c4e57f9c7e3482965bd428192061218520756c39080b1d1820b679fa5e9af192?s=96&d=mm&r=g\",\"caption\":\"Reda\\u00e7\\u00e3o Abrelivros\"}}]}<\/script>\n<!-- \/ Yoast SEO plugin. -->","_links":{"self":[{"href":"https:\/\/abrelivros.org.br\/site\/wp-json\/wp\/v2\/posts\/13564","targetHints":{"allow":["GET"]}}],"collection":[{"href":"https:\/\/abrelivros.org.br\/site\/wp-json\/wp\/v2\/posts"}],"about":[{"href":"https:\/\/abrelivros.org.br\/site\/wp-json\/wp\/v2\/types\/post"}],"author":[{"embeddable":true,"href":"https:\/\/abrelivros.org.br\/site\/wp-json\/wp\/v2\/users\/4"}],"replies":[{"embeddable":true,"href":"https:\/\/abrelivros.org.br\/site\/wp-json\/wp\/v2\/comments?post=13564"}],"version-history":[{"count":1,"href":"https:\/\/abrelivros.org.br\/site\/wp-json\/wp\/v2\/posts\/13564\/revisions"}],"predecessor-version":[{"id":13565,"href":"https:\/\/abrelivros.org.br\/site\/wp-json\/wp\/v2\/posts\/13564\/revisions\/13565"}],"wp:attachment":[{"href":"https:\/\/abrelivros.org.br\/site\/wp-json\/wp\/v2\/media?parent=13564"}],"wp:term":[{"taxonomy":"category","embeddable":true,"href":"https:\/\/abrelivros.org.br\/site\/wp-json\/wp\/v2\/categories?post=13564"},{"taxonomy":"post_tag","embeddable":true,"href":"https:\/\/abrelivros.org.br\/site\/wp-json\/wp\/v2\/tags?post=13564"}],"curies":[{"name":"wp","href":"https:\/\/api.w.org\/{rel}","templated":true}]}}