{"id":13562,"date":"2021-03-23T14:53:57","date_gmt":"2021-03-23T17:53:57","guid":{"rendered":"https:\/\/abrelivros.org.br\/site\/?p=13562"},"modified":"2021-03-23T15:01:21","modified_gmt":"2021-03-23T18:01:21","slug":"festival-dedicado-aos-livros-de-fotografia-comeca-nesta-quarta","status":"publish","type":"post","link":"https:\/\/abrelivros.org.br\/site\/festival-dedicado-aos-livros-de-fotografia-comeca-nesta-quarta\/","title":{"rendered":"Festival dedicado aos livros de fotografia come\u00e7a nesta quarta"},"content":{"rendered":"<p>Come\u00e7a nesta quarta (24), a primeira edi\u00e7\u00e3o do<a href=\"https:\/\/festivalimaginaria.com.br\/\" target=\"_blank\" rel=\"noopener noreferrer\"> Festival Imagin\u00e1ria<\/a>, evento dedicado aos livros de fotografia.Organizado pela Lovely House, o festival ir\u00e1 reunir at\u00e9 o dia 28, 40 expositores e mais de 400 fotolivros de autores nacionais e internacionais e tem entre seus objetivos ampliar a visibilidade e a circula\u00e7\u00e3o de publica\u00e7\u00f5es de fotografia.<!--more--> al\u00e9m de promover um espa\u00e7o para reflex\u00e3o, estimulando os expositores a organizarem apresenta\u00e7\u00f5es ao vivo sobre seus t\u00edtulos. Entre os convidados das rodas de conversa est\u00e3o Horacio Fern\u00e1ndez, Ros\u00e2ngela Renn\u00f3, Ge\u00f3rgia Quintas, Ana Paula Vitorio, Andr\u00e9 Penteado, Paulo Silveira e Let\u00edcia Lampert, para falar de temas como o livro como experi\u00eancia, os fotolivros latino-americanos, experi\u00eancias editoriais e a narrativa no fotolivro. Al\u00e9m disso, o festival anunciar\u00e1 o resultado do Pr\u00eamio Lovely 2021, concurso de \u201cbonecos\u201d de fotolivros e fotozines. O evento \u00e9 totalmente gratuito e a programa\u00e7\u00e3o \u2013 que voc\u00ea confere <a href=\"https:\/\/festivalimaginaria.com.br\/conversas\/\" target=\"_blank\" rel=\"noopener noreferrer\">clicando aqui<\/a> \u2013 ser\u00e1 transmitida pelo <a href=\"https:\/\/www.youtube.com\/channel\/UCB1OkMduy9Gp_DuA3TvNJ2Q\" target=\"_blank\" rel=\"noopener noreferrer\">canal do festival no YouTube<\/a>.<\/p>\n","protected":false},"excerpt":{"rendered":"<p>Come\u00e7a nesta quarta (24), a primeira edi\u00e7\u00e3o do Festival Imagin\u00e1ria, evento dedicado aos livros de fotografia.Organizado pela Lovely House, o festival ir\u00e1 reunir at\u00e9 o dia 28, 40 expositores e mais de 400 fotolivros de autores nacionais e internacionais e tem entre seus objetivos ampliar a visibilidade e a circula\u00e7\u00e3o de publica\u00e7\u00f5es de fotografia.<\/p>\n","protected":false},"author":4,"featured_media":0,"comment_status":"closed","ping_status":"closed","sticky":false,"template":"","format":"standard","meta":{"footnotes":"","_links_to":"","_links_to_target":""},"categories":[9],"tags":[],"class_list":["post-13562","post","type-post","status-publish","format-standard","hentry","category-noticias-da-imprensa"],"yoast_head":"<!-- This site is optimized with the Yoast SEO plugin v15.1 - https:\/\/yoast.com\/wordpress\/plugins\/seo\/ -->\n<title>Festival dedicado aos livros de fotografia come\u00e7a nesta quarta &raquo; Abrelivros<\/title>\n<meta name=\"robots\" content=\"index, follow, max-snippet:-1, max-image-preview:large, max-video-preview:-1\" \/>\n<link rel=\"canonical\" href=\"https:\/\/abrelivros.org.br\/site\/festival-dedicado-aos-livros-de-fotografia-comeca-nesta-quarta\/\" \/>\n<meta property=\"og:locale\" content=\"pt_BR\" \/>\n<meta property=\"og:type\" content=\"article\" \/>\n<meta property=\"og:title\" content=\"Festival dedicado aos livros de fotografia come\u00e7a nesta quarta &raquo; Abrelivros\" \/>\n<meta property=\"og:description\" content=\"Come\u00e7a nesta quarta (24), a primeira edi\u00e7\u00e3o do Festival Imagin\u00e1ria, evento dedicado aos livros de fotografia.Organizado pela Lovely House, o festival ir\u00e1 reunir at\u00e9 o dia 28, 40 expositores e mais de 400 fotolivros de autores nacionais e internacionais e tem entre seus objetivos ampliar a visibilidade e a circula\u00e7\u00e3o de publica\u00e7\u00f5es de fotografia.\" \/>\n<meta property=\"og:url\" content=\"https:\/\/abrelivros.org.br\/site\/festival-dedicado-aos-livros-de-fotografia-comeca-nesta-quarta\/\" \/>\n<meta property=\"og:site_name\" content=\"Abrelivros\" \/>\n<meta property=\"article:published_time\" content=\"2021-03-23T17:53:57+00:00\" \/>\n<meta property=\"article:modified_time\" content=\"2021-03-23T18:01:21+00:00\" \/>\n<meta name=\"twitter:card\" content=\"summary_large_image\" \/>\n<script type=\"application\/ld+json\" class=\"yoast-schema-graph\">{\"@context\":\"https:\/\/schema.org\",\"@graph\":[{\"@type\":\"WebSite\",\"@id\":\"https:\/\/abrelivros.org.br\/site\/#website\",\"url\":\"https:\/\/abrelivros.org.br\/site\/\",\"name\":\"Abrelivros\",\"description\":\"\",\"potentialAction\":[{\"@type\":\"SearchAction\",\"target\":\"https:\/\/abrelivros.org.br\/site\/?s={search_term_string}\",\"query-input\":\"required name=search_term_string\"}],\"inLanguage\":\"pt-BR\"},{\"@type\":\"WebPage\",\"@id\":\"https:\/\/abrelivros.org.br\/site\/festival-dedicado-aos-livros-de-fotografia-comeca-nesta-quarta\/#webpage\",\"url\":\"https:\/\/abrelivros.org.br\/site\/festival-dedicado-aos-livros-de-fotografia-comeca-nesta-quarta\/\",\"name\":\"Festival dedicado aos livros de fotografia come\\u00e7a nesta quarta &raquo; Abrelivros\",\"isPartOf\":{\"@id\":\"https:\/\/abrelivros.org.br\/site\/#website\"},\"datePublished\":\"2021-03-23T17:53:57+00:00\",\"dateModified\":\"2021-03-23T18:01:21+00:00\",\"author\":{\"@id\":\"https:\/\/abrelivros.org.br\/site\/#\/schema\/person\/65db80e26409802ce15ac5feec6a15fd\"},\"breadcrumb\":{\"@id\":\"https:\/\/abrelivros.org.br\/site\/festival-dedicado-aos-livros-de-fotografia-comeca-nesta-quarta\/#breadcrumb\"},\"inLanguage\":\"pt-BR\",\"potentialAction\":[{\"@type\":\"ReadAction\",\"target\":[\"https:\/\/abrelivros.org.br\/site\/festival-dedicado-aos-livros-de-fotografia-comeca-nesta-quarta\/\"]}]},{\"@type\":\"BreadcrumbList\",\"@id\":\"https:\/\/abrelivros.org.br\/site\/festival-dedicado-aos-livros-de-fotografia-comeca-nesta-quarta\/#breadcrumb\",\"itemListElement\":[{\"@type\":\"ListItem\",\"position\":1,\"item\":{\"@type\":\"WebPage\",\"@id\":\"https:\/\/abrelivros.org.br\/site\/\",\"url\":\"https:\/\/abrelivros.org.br\/site\/\",\"name\":\"In\\u00edcio\"}},{\"@type\":\"ListItem\",\"position\":2,\"item\":{\"@type\":\"WebPage\",\"@id\":\"https:\/\/abrelivros.org.br\/site\/category\/noticias\/\",\"url\":\"https:\/\/abrelivros.org.br\/site\/category\/noticias\/\",\"name\":\"Not\\u00edcias\"}},{\"@type\":\"ListItem\",\"position\":3,\"item\":{\"@type\":\"WebPage\",\"@id\":\"https:\/\/abrelivros.org.br\/site\/category\/noticias\/noticias-da-imprensa\/\",\"url\":\"https:\/\/abrelivros.org.br\/site\/category\/noticias\/noticias-da-imprensa\/\",\"name\":\"Not\\u00edcias da imprensa\"}},{\"@type\":\"ListItem\",\"position\":4,\"item\":{\"@type\":\"WebPage\",\"@id\":\"https:\/\/abrelivros.org.br\/site\/festival-dedicado-aos-livros-de-fotografia-comeca-nesta-quarta\/\",\"url\":\"https:\/\/abrelivros.org.br\/site\/festival-dedicado-aos-livros-de-fotografia-comeca-nesta-quarta\/\",\"name\":\"Festival dedicado aos livros de fotografia come\\u00e7a nesta quarta\"}}]},{\"@type\":\"Person\",\"@id\":\"https:\/\/abrelivros.org.br\/site\/#\/schema\/person\/65db80e26409802ce15ac5feec6a15fd\",\"name\":\"Reda\\u00e7\\u00e3o Abrelivros\",\"image\":{\"@type\":\"ImageObject\",\"@id\":\"https:\/\/abrelivros.org.br\/site\/#personlogo\",\"inLanguage\":\"pt-BR\",\"url\":\"https:\/\/secure.gravatar.com\/avatar\/c4e57f9c7e3482965bd428192061218520756c39080b1d1820b679fa5e9af192?s=96&d=mm&r=g\",\"caption\":\"Reda\\u00e7\\u00e3o Abrelivros\"}}]}<\/script>\n<!-- \/ Yoast SEO plugin. -->","_links":{"self":[{"href":"https:\/\/abrelivros.org.br\/site\/wp-json\/wp\/v2\/posts\/13562","targetHints":{"allow":["GET"]}}],"collection":[{"href":"https:\/\/abrelivros.org.br\/site\/wp-json\/wp\/v2\/posts"}],"about":[{"href":"https:\/\/abrelivros.org.br\/site\/wp-json\/wp\/v2\/types\/post"}],"author":[{"embeddable":true,"href":"https:\/\/abrelivros.org.br\/site\/wp-json\/wp\/v2\/users\/4"}],"replies":[{"embeddable":true,"href":"https:\/\/abrelivros.org.br\/site\/wp-json\/wp\/v2\/comments?post=13562"}],"version-history":[{"count":2,"href":"https:\/\/abrelivros.org.br\/site\/wp-json\/wp\/v2\/posts\/13562\/revisions"}],"predecessor-version":[{"id":13566,"href":"https:\/\/abrelivros.org.br\/site\/wp-json\/wp\/v2\/posts\/13562\/revisions\/13566"}],"wp:attachment":[{"href":"https:\/\/abrelivros.org.br\/site\/wp-json\/wp\/v2\/media?parent=13562"}],"wp:term":[{"taxonomy":"category","embeddable":true,"href":"https:\/\/abrelivros.org.br\/site\/wp-json\/wp\/v2\/categories?post=13562"},{"taxonomy":"post_tag","embeddable":true,"href":"https:\/\/abrelivros.org.br\/site\/wp-json\/wp\/v2\/tags?post=13562"}],"curies":[{"name":"wp","href":"https:\/\/api.w.org\/{rel}","templated":true}]}}