{"id":13560,"date":"2021-03-23T14:49:14","date_gmt":"2021-03-23T17:49:14","guid":{"rendered":"https:\/\/abrelivros.org.br\/site\/?p=13560"},"modified":"2021-03-23T14:49:14","modified_gmt":"2021-03-23T17:49:14","slug":"confira-o-que-muda-no-novo-fundeb","status":"publish","type":"post","link":"https:\/\/abrelivros.org.br\/site\/confira-o-que-muda-no-novo-fundeb\/","title":{"rendered":"Confira o que muda no novo Fundeb"},"content":{"rendered":"<p>As mudan\u00e7as no Fundo de Manuten\u00e7\u00e3o e Desenvolvimento da Educa\u00e7\u00e3o B\u00e1sica e de Valoriza\u00e7\u00e3o dos Profissionais da Educa\u00e7\u00e3o (Fundeb) s\u00e3o fruto da Emenda \u00e0 Constitui\u00e7\u00e3o 108\/2020, promulgada no ano passado. Por meio dela, o Fundeb, criado provisoriamente em 2007, passou a ser pol\u00edtica de estado de car\u00e1ter permanente.<!--more--><\/p>\n<p>O Secret\u00e1rio Executivo do Minist\u00e9rio da Educa\u00e7\u00e3o, Victor Godoy, explicou que mudan\u00e7as s\u00e3o essas. Segundo ele, a participa\u00e7\u00e3o do governo federal no fundo aumentou: at\u00e9 o ano passado era de 10%, neste ano ser\u00e1 de 12% e crescer\u00e1 gradativamente at\u00e9 atingir 23% em 2026.<\/p>\n<p>Godoy explica que o Fundeb recebe recursos de uma cesta de impostos, dentre eles IPVA, ICMS e IPI Exporta\u00e7\u00e3o. Com base na totalidade desses valores, entra o c\u00e1lculo da complementa\u00e7\u00e3o da Uni\u00e3o, que agora ser\u00e1 alterada.<\/p>\n<p>Outra inova\u00e7\u00e3o trazida \u00e9 que no modelo anterior, a Uni\u00e3o passava o complemento diretamente aos estados mais carentes. Isso fazia com que um munic\u00edpio mais vulner\u00e1vel, mas que estivesse em um estado que no geral tinha boas condi\u00e7\u00f5es, ficasse sem o repasse. Com o novo Fundeb, munic\u00edpios pobres poder\u00e3o receber 10,5% de repasse da Uni\u00e3o mesmo que o estado n\u00e3o esteja inclu\u00eddo. \u201cA nossa expectativa \u00e9 justamente que nos locais onde a gente precisa de mais investimentos, de mais servi\u00e7os educacionais a gente consiga fazer esse apoio a esses munic\u00edpios\u201d.<\/p>\n<p>Segundo Godoy, metade desse montante ser\u00e1 destinado exclusivamente \u00e0 educa\u00e7\u00e3o infantil, ou seja, pr\u00e9-escola e creche. \u201cJustamente uma etapa da educa\u00e7\u00e3o em que a gente tem a maior car\u00eancia de oferta nessas localidades\u201d, revela. De acordo com o secret\u00e1rio executivo, tamb\u00e9m haver\u00e1 incentivos para a educa\u00e7\u00e3o t\u00e9cnica e profissionalizante, outra prioridade do MEC. \u201cNo c\u00e1lculo dos coeficientes a matr\u00edcula nos cursos profissionalizantes conta duas vezes. Isso d\u00e1 um efeito na distribui\u00e7\u00e3o desses recursos\u201d, diz.<\/p>\n<p>Outras novidades do novo Fundeb s\u00e3o o aumento da transpar\u00eancia desses gastos. A nova regulamenta\u00e7\u00e3o traz a obrigatoriedade de que bancos e o Fundo Nacional de Desenvolvimento da Educa\u00e7\u00e3o (FNDE) divulguem as informa\u00e7\u00f5es dos extratos das contas banc\u00e1rias que recebem o recurso. \u201c Isso \u00e9 muito importante porque fomenta a participa\u00e7\u00e3o da sociedade e o controle social, facilita o trabalho dos \u00f3rg\u00e3os de controle e o acompanhamento que \u00e9 feito das pol\u00edticas educacionais pelo Minist\u00e9rio da Educa\u00e7\u00e3o\u201d diz.<\/p>\n<p>&nbsp;<\/p>\n","protected":false},"excerpt":{"rendered":"<p>As mudan\u00e7as no Fundo de Manuten\u00e7\u00e3o e Desenvolvimento da Educa\u00e7\u00e3o B\u00e1sica e de Valoriza\u00e7\u00e3o dos Profissionais da Educa\u00e7\u00e3o (Fundeb) s\u00e3o fruto da Emenda \u00e0 Constitui\u00e7\u00e3o 108\/2020, promulgada no ano passado. Por meio dela, o Fundeb, criado provisoriamente em 2007, passou a ser pol\u00edtica de estado de car\u00e1ter permanente.<\/p>\n","protected":false},"author":4,"featured_media":0,"comment_status":"closed","ping_status":"closed","sticky":false,"template":"","format":"standard","meta":{"footnotes":"","_links_to":"","_links_to_target":""},"categories":[9],"tags":[],"class_list":["post-13560","post","type-post","status-publish","format-standard","hentry","category-noticias-da-imprensa"],"yoast_head":"<!-- This site is optimized with the Yoast SEO plugin v15.1 - https:\/\/yoast.com\/wordpress\/plugins\/seo\/ -->\n<title>Confira o que muda no novo Fundeb &raquo; Abrelivros<\/title>\n<meta name=\"robots\" content=\"index, follow, max-snippet:-1, max-image-preview:large, max-video-preview:-1\" \/>\n<link rel=\"canonical\" href=\"https:\/\/abrelivros.org.br\/site\/confira-o-que-muda-no-novo-fundeb\/\" \/>\n<meta property=\"og:locale\" content=\"pt_BR\" \/>\n<meta property=\"og:type\" content=\"article\" \/>\n<meta property=\"og:title\" content=\"Confira o que muda no novo Fundeb &raquo; Abrelivros\" \/>\n<meta property=\"og:description\" content=\"As mudan\u00e7as no Fundo de Manuten\u00e7\u00e3o e Desenvolvimento da Educa\u00e7\u00e3o B\u00e1sica e de Valoriza\u00e7\u00e3o dos Profissionais da Educa\u00e7\u00e3o (Fundeb) s\u00e3o fruto da Emenda \u00e0 Constitui\u00e7\u00e3o 108\/2020, promulgada no ano passado. Por meio dela, o Fundeb, criado provisoriamente em 2007, passou a ser pol\u00edtica de estado de car\u00e1ter permanente.\" \/>\n<meta property=\"og:url\" content=\"https:\/\/abrelivros.org.br\/site\/confira-o-que-muda-no-novo-fundeb\/\" \/>\n<meta property=\"og:site_name\" content=\"Abrelivros\" \/>\n<meta property=\"article:published_time\" content=\"2021-03-23T17:49:14+00:00\" \/>\n<meta name=\"twitter:card\" content=\"summary_large_image\" \/>\n<script type=\"application\/ld+json\" class=\"yoast-schema-graph\">{\"@context\":\"https:\/\/schema.org\",\"@graph\":[{\"@type\":\"WebSite\",\"@id\":\"https:\/\/abrelivros.org.br\/site\/#website\",\"url\":\"https:\/\/abrelivros.org.br\/site\/\",\"name\":\"Abrelivros\",\"description\":\"\",\"potentialAction\":[{\"@type\":\"SearchAction\",\"target\":\"https:\/\/abrelivros.org.br\/site\/?s={search_term_string}\",\"query-input\":\"required name=search_term_string\"}],\"inLanguage\":\"pt-BR\"},{\"@type\":\"WebPage\",\"@id\":\"https:\/\/abrelivros.org.br\/site\/confira-o-que-muda-no-novo-fundeb\/#webpage\",\"url\":\"https:\/\/abrelivros.org.br\/site\/confira-o-que-muda-no-novo-fundeb\/\",\"name\":\"Confira o que muda no novo Fundeb &raquo; Abrelivros\",\"isPartOf\":{\"@id\":\"https:\/\/abrelivros.org.br\/site\/#website\"},\"datePublished\":\"2021-03-23T17:49:14+00:00\",\"dateModified\":\"2021-03-23T17:49:14+00:00\",\"author\":{\"@id\":\"https:\/\/abrelivros.org.br\/site\/#\/schema\/person\/65db80e26409802ce15ac5feec6a15fd\"},\"breadcrumb\":{\"@id\":\"https:\/\/abrelivros.org.br\/site\/confira-o-que-muda-no-novo-fundeb\/#breadcrumb\"},\"inLanguage\":\"pt-BR\",\"potentialAction\":[{\"@type\":\"ReadAction\",\"target\":[\"https:\/\/abrelivros.org.br\/site\/confira-o-que-muda-no-novo-fundeb\/\"]}]},{\"@type\":\"BreadcrumbList\",\"@id\":\"https:\/\/abrelivros.org.br\/site\/confira-o-que-muda-no-novo-fundeb\/#breadcrumb\",\"itemListElement\":[{\"@type\":\"ListItem\",\"position\":1,\"item\":{\"@type\":\"WebPage\",\"@id\":\"https:\/\/abrelivros.org.br\/site\/\",\"url\":\"https:\/\/abrelivros.org.br\/site\/\",\"name\":\"In\\u00edcio\"}},{\"@type\":\"ListItem\",\"position\":2,\"item\":{\"@type\":\"WebPage\",\"@id\":\"https:\/\/abrelivros.org.br\/site\/category\/noticias\/\",\"url\":\"https:\/\/abrelivros.org.br\/site\/category\/noticias\/\",\"name\":\"Not\\u00edcias\"}},{\"@type\":\"ListItem\",\"position\":3,\"item\":{\"@type\":\"WebPage\",\"@id\":\"https:\/\/abrelivros.org.br\/site\/category\/noticias\/noticias-da-imprensa\/\",\"url\":\"https:\/\/abrelivros.org.br\/site\/category\/noticias\/noticias-da-imprensa\/\",\"name\":\"Not\\u00edcias da imprensa\"}},{\"@type\":\"ListItem\",\"position\":4,\"item\":{\"@type\":\"WebPage\",\"@id\":\"https:\/\/abrelivros.org.br\/site\/confira-o-que-muda-no-novo-fundeb\/\",\"url\":\"https:\/\/abrelivros.org.br\/site\/confira-o-que-muda-no-novo-fundeb\/\",\"name\":\"Confira o que muda no novo Fundeb\"}}]},{\"@type\":\"Person\",\"@id\":\"https:\/\/abrelivros.org.br\/site\/#\/schema\/person\/65db80e26409802ce15ac5feec6a15fd\",\"name\":\"Reda\\u00e7\\u00e3o Abrelivros\",\"image\":{\"@type\":\"ImageObject\",\"@id\":\"https:\/\/abrelivros.org.br\/site\/#personlogo\",\"inLanguage\":\"pt-BR\",\"url\":\"https:\/\/secure.gravatar.com\/avatar\/c4e57f9c7e3482965bd428192061218520756c39080b1d1820b679fa5e9af192?s=96&d=mm&r=g\",\"caption\":\"Reda\\u00e7\\u00e3o Abrelivros\"}}]}<\/script>\n<!-- \/ Yoast SEO plugin. -->","_links":{"self":[{"href":"https:\/\/abrelivros.org.br\/site\/wp-json\/wp\/v2\/posts\/13560","targetHints":{"allow":["GET"]}}],"collection":[{"href":"https:\/\/abrelivros.org.br\/site\/wp-json\/wp\/v2\/posts"}],"about":[{"href":"https:\/\/abrelivros.org.br\/site\/wp-json\/wp\/v2\/types\/post"}],"author":[{"embeddable":true,"href":"https:\/\/abrelivros.org.br\/site\/wp-json\/wp\/v2\/users\/4"}],"replies":[{"embeddable":true,"href":"https:\/\/abrelivros.org.br\/site\/wp-json\/wp\/v2\/comments?post=13560"}],"version-history":[{"count":1,"href":"https:\/\/abrelivros.org.br\/site\/wp-json\/wp\/v2\/posts\/13560\/revisions"}],"predecessor-version":[{"id":13561,"href":"https:\/\/abrelivros.org.br\/site\/wp-json\/wp\/v2\/posts\/13560\/revisions\/13561"}],"wp:attachment":[{"href":"https:\/\/abrelivros.org.br\/site\/wp-json\/wp\/v2\/media?parent=13560"}],"wp:term":[{"taxonomy":"category","embeddable":true,"href":"https:\/\/abrelivros.org.br\/site\/wp-json\/wp\/v2\/categories?post=13560"},{"taxonomy":"post_tag","embeddable":true,"href":"https:\/\/abrelivros.org.br\/site\/wp-json\/wp\/v2\/tags?post=13560"}],"curies":[{"name":"wp","href":"https:\/\/api.w.org\/{rel}","templated":true}]}}