{"id":13558,"date":"2021-03-23T14:47:27","date_gmt":"2021-03-23T17:47:27","guid":{"rendered":"https:\/\/abrelivros.org.br\/site\/?p=13558"},"modified":"2021-03-23T14:47:27","modified_gmt":"2021-03-23T17:47:27","slug":"ultima-chamada-pesquisa-producao-e-vendas-do-setor-editorial-brasileiro-termina-dia-05-de-abril","status":"publish","type":"post","link":"https:\/\/abrelivros.org.br\/site\/ultima-chamada-pesquisa-producao-e-vendas-do-setor-editorial-brasileiro-termina-dia-05-de-abril\/","title":{"rendered":"\u00daltima chamada: Pesquisa Produ\u00e7\u00e3o e Vendas do Setor Editorial Brasileiro termina dia 05 de abril"},"content":{"rendered":"<p>Apesar de muitas editoras j\u00e1 terem enviado as respostas, a C\u00e2mara Brasileira do Livro (CBL), o Sindicato Nacional dos Editores de Livros (SNEL) e a Nielsen Book decidiram dar mais uma chance \u00e0quelas que est\u00e3o correndo contra o tempo. Com isso, o prazo foi postergado pela \u00faltima vez e a data final da pesquisa passa a ser 05 de abril.<!--more--><\/p>\n<p>O adiamento acontece para que haja uma ades\u00e3o ainda maior \u00e0 Pesquisa Produ\u00e7\u00e3o e Vendas do Setor Editorial Brasileiro (ano-base 2020), o principal estudo sobre o mercado editorial brasileiro!<\/p>\n<p>Vale lembrar que o question\u00e1rio foi lan\u00e7ado no dia 15 de janeiro e n\u00e3o precisa ser respondido de uma \u00fanica vez. Os dados j\u00e1 inseridos s\u00e3o salvos automaticamente e o usu\u00e1rio pode retomar de onde parou.<\/p>\n<p>Por favor, contamos com a sua participa\u00e7\u00e3o para que o estudo contemple a realidade do setor editorial da forma mais completa e assertiva poss\u00edvel! Lembrando que o produto desta pesquisa constitui um documento muito \u00fatil para ajudar a pautar an\u00e1lises, tomadas de decis\u00e3o nas editoras, bem como ajuda o setor em seus mais diversos pleitos.<\/p>\n<p>Qualquer d\u00favida entre em contato com Mariana Bueno, preferencialmente pelo e-mail producao.vendas@nielsen.com ou pelo telefone (11) 99123-5722.<\/p>\n","protected":false},"excerpt":{"rendered":"<p>Apesar de muitas editoras j\u00e1 terem enviado as respostas, a C\u00e2mara Brasileira do Livro (CBL), o Sindicato Nacional dos Editores de Livros (SNEL) e a Nielsen Book decidiram dar mais uma chance \u00e0quelas que est\u00e3o correndo contra o tempo. Com isso, o prazo foi postergado pela \u00faltima vez e a data final da pesquisa passa [&hellip;]<\/p>\n","protected":false},"author":4,"featured_media":0,"comment_status":"closed","ping_status":"closed","sticky":false,"template":"","format":"standard","meta":{"footnotes":"","_links_to":"","_links_to_target":""},"categories":[9],"tags":[],"class_list":["post-13558","post","type-post","status-publish","format-standard","hentry","category-noticias-da-imprensa"],"yoast_head":"<!-- This site is optimized with the Yoast SEO plugin v15.1 - https:\/\/yoast.com\/wordpress\/plugins\/seo\/ -->\n<title>\u00daltima chamada: Pesquisa Produ\u00e7\u00e3o e Vendas do Setor Editorial Brasileiro termina dia 05 de abril &raquo; Abrelivros<\/title>\n<meta name=\"robots\" content=\"index, follow, max-snippet:-1, max-image-preview:large, max-video-preview:-1\" \/>\n<link rel=\"canonical\" href=\"https:\/\/abrelivros.org.br\/site\/ultima-chamada-pesquisa-producao-e-vendas-do-setor-editorial-brasileiro-termina-dia-05-de-abril\/\" \/>\n<meta property=\"og:locale\" content=\"pt_BR\" \/>\n<meta property=\"og:type\" content=\"article\" \/>\n<meta property=\"og:title\" content=\"\u00daltima chamada: Pesquisa Produ\u00e7\u00e3o e Vendas do Setor Editorial Brasileiro termina dia 05 de abril &raquo; Abrelivros\" \/>\n<meta property=\"og:description\" content=\"Apesar de muitas editoras j\u00e1 terem enviado as respostas, a C\u00e2mara Brasileira do Livro (CBL), o Sindicato Nacional dos Editores de Livros (SNEL) e a Nielsen Book decidiram dar mais uma chance \u00e0quelas que est\u00e3o correndo contra o tempo. Com isso, o prazo foi postergado pela \u00faltima vez e a data final da pesquisa passa [&hellip;]\" \/>\n<meta property=\"og:url\" content=\"https:\/\/abrelivros.org.br\/site\/ultima-chamada-pesquisa-producao-e-vendas-do-setor-editorial-brasileiro-termina-dia-05-de-abril\/\" \/>\n<meta property=\"og:site_name\" content=\"Abrelivros\" \/>\n<meta property=\"article:published_time\" content=\"2021-03-23T17:47:27+00:00\" \/>\n<meta name=\"twitter:card\" content=\"summary_large_image\" \/>\n<script type=\"application\/ld+json\" class=\"yoast-schema-graph\">{\"@context\":\"https:\/\/schema.org\",\"@graph\":[{\"@type\":\"WebSite\",\"@id\":\"https:\/\/abrelivros.org.br\/site\/#website\",\"url\":\"https:\/\/abrelivros.org.br\/site\/\",\"name\":\"Abrelivros\",\"description\":\"\",\"potentialAction\":[{\"@type\":\"SearchAction\",\"target\":\"https:\/\/abrelivros.org.br\/site\/?s={search_term_string}\",\"query-input\":\"required name=search_term_string\"}],\"inLanguage\":\"pt-BR\"},{\"@type\":\"WebPage\",\"@id\":\"https:\/\/abrelivros.org.br\/site\/ultima-chamada-pesquisa-producao-e-vendas-do-setor-editorial-brasileiro-termina-dia-05-de-abril\/#webpage\",\"url\":\"https:\/\/abrelivros.org.br\/site\/ultima-chamada-pesquisa-producao-e-vendas-do-setor-editorial-brasileiro-termina-dia-05-de-abril\/\",\"name\":\"\\u00daltima chamada: Pesquisa Produ\\u00e7\\u00e3o e Vendas do Setor Editorial Brasileiro termina dia 05 de abril &raquo; Abrelivros\",\"isPartOf\":{\"@id\":\"https:\/\/abrelivros.org.br\/site\/#website\"},\"datePublished\":\"2021-03-23T17:47:27+00:00\",\"dateModified\":\"2021-03-23T17:47:27+00:00\",\"author\":{\"@id\":\"https:\/\/abrelivros.org.br\/site\/#\/schema\/person\/65db80e26409802ce15ac5feec6a15fd\"},\"breadcrumb\":{\"@id\":\"https:\/\/abrelivros.org.br\/site\/ultima-chamada-pesquisa-producao-e-vendas-do-setor-editorial-brasileiro-termina-dia-05-de-abril\/#breadcrumb\"},\"inLanguage\":\"pt-BR\",\"potentialAction\":[{\"@type\":\"ReadAction\",\"target\":[\"https:\/\/abrelivros.org.br\/site\/ultima-chamada-pesquisa-producao-e-vendas-do-setor-editorial-brasileiro-termina-dia-05-de-abril\/\"]}]},{\"@type\":\"BreadcrumbList\",\"@id\":\"https:\/\/abrelivros.org.br\/site\/ultima-chamada-pesquisa-producao-e-vendas-do-setor-editorial-brasileiro-termina-dia-05-de-abril\/#breadcrumb\",\"itemListElement\":[{\"@type\":\"ListItem\",\"position\":1,\"item\":{\"@type\":\"WebPage\",\"@id\":\"https:\/\/abrelivros.org.br\/site\/\",\"url\":\"https:\/\/abrelivros.org.br\/site\/\",\"name\":\"In\\u00edcio\"}},{\"@type\":\"ListItem\",\"position\":2,\"item\":{\"@type\":\"WebPage\",\"@id\":\"https:\/\/abrelivros.org.br\/site\/category\/noticias\/\",\"url\":\"https:\/\/abrelivros.org.br\/site\/category\/noticias\/\",\"name\":\"Not\\u00edcias\"}},{\"@type\":\"ListItem\",\"position\":3,\"item\":{\"@type\":\"WebPage\",\"@id\":\"https:\/\/abrelivros.org.br\/site\/category\/noticias\/noticias-da-imprensa\/\",\"url\":\"https:\/\/abrelivros.org.br\/site\/category\/noticias\/noticias-da-imprensa\/\",\"name\":\"Not\\u00edcias da imprensa\"}},{\"@type\":\"ListItem\",\"position\":4,\"item\":{\"@type\":\"WebPage\",\"@id\":\"https:\/\/abrelivros.org.br\/site\/ultima-chamada-pesquisa-producao-e-vendas-do-setor-editorial-brasileiro-termina-dia-05-de-abril\/\",\"url\":\"https:\/\/abrelivros.org.br\/site\/ultima-chamada-pesquisa-producao-e-vendas-do-setor-editorial-brasileiro-termina-dia-05-de-abril\/\",\"name\":\"\\u00daltima chamada: Pesquisa Produ\\u00e7\\u00e3o e Vendas do Setor Editorial Brasileiro termina dia 05 de abril\"}}]},{\"@type\":\"Person\",\"@id\":\"https:\/\/abrelivros.org.br\/site\/#\/schema\/person\/65db80e26409802ce15ac5feec6a15fd\",\"name\":\"Reda\\u00e7\\u00e3o Abrelivros\",\"image\":{\"@type\":\"ImageObject\",\"@id\":\"https:\/\/abrelivros.org.br\/site\/#personlogo\",\"inLanguage\":\"pt-BR\",\"url\":\"https:\/\/secure.gravatar.com\/avatar\/c4e57f9c7e3482965bd428192061218520756c39080b1d1820b679fa5e9af192?s=96&d=mm&r=g\",\"caption\":\"Reda\\u00e7\\u00e3o Abrelivros\"}}]}<\/script>\n<!-- \/ Yoast SEO plugin. -->","_links":{"self":[{"href":"https:\/\/abrelivros.org.br\/site\/wp-json\/wp\/v2\/posts\/13558","targetHints":{"allow":["GET"]}}],"collection":[{"href":"https:\/\/abrelivros.org.br\/site\/wp-json\/wp\/v2\/posts"}],"about":[{"href":"https:\/\/abrelivros.org.br\/site\/wp-json\/wp\/v2\/types\/post"}],"author":[{"embeddable":true,"href":"https:\/\/abrelivros.org.br\/site\/wp-json\/wp\/v2\/users\/4"}],"replies":[{"embeddable":true,"href":"https:\/\/abrelivros.org.br\/site\/wp-json\/wp\/v2\/comments?post=13558"}],"version-history":[{"count":1,"href":"https:\/\/abrelivros.org.br\/site\/wp-json\/wp\/v2\/posts\/13558\/revisions"}],"predecessor-version":[{"id":13559,"href":"https:\/\/abrelivros.org.br\/site\/wp-json\/wp\/v2\/posts\/13558\/revisions\/13559"}],"wp:attachment":[{"href":"https:\/\/abrelivros.org.br\/site\/wp-json\/wp\/v2\/media?parent=13558"}],"wp:term":[{"taxonomy":"category","embeddable":true,"href":"https:\/\/abrelivros.org.br\/site\/wp-json\/wp\/v2\/categories?post=13558"},{"taxonomy":"post_tag","embeddable":true,"href":"https:\/\/abrelivros.org.br\/site\/wp-json\/wp\/v2\/tags?post=13558"}],"curies":[{"name":"wp","href":"https:\/\/api.w.org\/{rel}","templated":true}]}}