{"id":13556,"date":"2021-03-23T14:45:14","date_gmt":"2021-03-23T17:45:14","guid":{"rendered":"https:\/\/abrelivros.org.br\/site\/?p=13556"},"modified":"2021-03-23T14:45:14","modified_gmt":"2021-03-23T17:45:14","slug":"novo-fundeb-tera-aumento-gradativo-ate-alcancar-23-em-cinco-anos","status":"publish","type":"post","link":"https:\/\/abrelivros.org.br\/site\/novo-fundeb-tera-aumento-gradativo-ate-alcancar-23-em-cinco-anos\/","title":{"rendered":"Novo Fundeb ter\u00e1 aumento gradativo at\u00e9 alcan\u00e7ar 23% em cinco anos"},"content":{"rendered":"<p>Uma solenidade no Pal\u00e1cio do Planalto marcou, nesta segunda-feira (22), o lan\u00e7amento do novo Fundo de Manuten\u00e7\u00e3o e Desenvolvimento da Educa\u00e7\u00e3o B\u00e1sica e de Valoriza\u00e7\u00e3o dos Profissionais da Educa\u00e7\u00e3o (Fundeb). A contribui\u00e7\u00e3o da Uni\u00e3o aumentar\u00e1 gradativamente, at\u00e9 atingir o percentual de 23% dos recursos que formar\u00e3o o Fundo em 2026.<!--more--> A assinatura do decreto, que regulamenta o Fundeb, foi realizada pelo presidente Jair Bolsonaro e a cerim\u00f4nia contou com a presen\u00e7a do ministro da Educa\u00e7\u00e3o, Milton Ribeiro, al\u00e9m de outras autoridades.<\/p>\n<p>&#8220;Hoje estamos redirecionando o Brasil, valorizando o professor e aumentando o recurso do Fundeb. Acredito no Brasil, nos professores e na educa\u00e7\u00e3o de base. Parab\u00e9ns ministro Milton Ribeiro pelo trabalho e dedica\u00e7\u00e3o&#8221;, afirmou o presidente.<\/p>\n<p>Milton Ribeiro destacou a participa\u00e7\u00e3o do MEC na constru\u00e7\u00e3o do texto. Ele ressaltou o compromisso do Governo Federal de investir na educa\u00e7\u00e3o infantil. &#8220;Daremos in\u00edcio agora \u00e0s medidas operacionais que permitir\u00e3o, a partir de abril, a distribui\u00e7\u00e3o dos recursos com os crit\u00e9rios mais condizentes com a realidade do pa\u00eds e com o prop\u00f3sito de viabilizar uma mudan\u00e7a efetiva na qualidade da educa\u00e7\u00e3o b\u00e1sica&#8221;, disse.<\/p>\n<p>O Fundo Nacional de Desenvolvimento da Educa\u00e7\u00e3o (FNDE), vinculado ao Minist\u00e9rio da Educa\u00e7\u00e3o (MEC), \u00e9 o gestor do Fundeb. A participa\u00e7\u00e3o da Uni\u00e3o na cesta de recursos do Fundo teve um incremento consider\u00e1vel no deste o in\u00edcio de 2021. O modelo extinto do Fundo, cuja vig\u00eancia se encerrou em 31 de dezembro de 2020, previa 10% de complementa\u00e7\u00e3o da Uni\u00e3o. Esse percentual alcan\u00e7ar\u00e1 12% at\u00e9 o final de 2021; em seguida, para 15% em 2022; 17% em 2023; 19% em 2024; 21% em 2025; at\u00e9 alcan\u00e7ar 23% em 2026.<\/p>\n<p>O Fundeb \u00e9 um fundo especial, de natureza cont\u00e1bil e de \u00e2mbito estadual, de um total de vinte e sete fundos, e \u00e9 composto por recursos provenientes de impostos e das transfer\u00eancias dos estados, Distrito Federal e munic\u00edpios vinculados \u00e0 educa\u00e7\u00e3o. Foi institu\u00eddo como instrumento permanente de financiamento da educa\u00e7\u00e3o p\u00fablica por meio da Emenda Constitucional n\u00b0 108, e foi regulamentado pela Lei n\u00ba 14.113, de 25 de dezembro de 2020.<\/p>\n<p>De acordo com a Lei de Diretrizes e Bases da Educa\u00e7\u00e3o Nacional (LDB), as a\u00e7\u00f5es de manuten\u00e7\u00e3o e desenvolvimento de ensino s\u00e3o aquelas voltadas \u00e0 consecu\u00e7\u00e3o dos objetivos das institui\u00e7\u00f5es educacionais de todos os n\u00edveis. Inserem-se no rol destas a\u00e7\u00f5es, despesas relacionadas \u00e0 aquisi\u00e7\u00e3o, manuten\u00e7\u00e3o e funcionamento das instala\u00e7\u00f5es e equipamentos necess\u00e1rios ao ensino, uso e manuten\u00e7\u00e3o de bens e servi\u00e7os, remunera\u00e7\u00e3o e aperfei\u00e7oamento dos profissionais da educa\u00e7\u00e3o, aquisi\u00e7\u00e3o de material did\u00e1tico, transporte escolar, entre outros.<\/p>\n<p>O novo Fundeb tamb\u00e9m passou por altera\u00e7\u00f5es quanto \u00e0 destina\u00e7\u00e3o dos recursos recebidos. Agora, pelo menos 70% dos valores do Fundo devem ser investidos no pagamento de profissionais da educa\u00e7\u00e3o b\u00e1sica. No antigo modelo, o percentual m\u00ednimo era de 60% e abarca apenas os profissionais do magist\u00e9rio. O restante dos recursos dever\u00e1 obrigatoriamente ser alocado em a\u00e7\u00f5es de manuten\u00e7\u00e3o e desenvolvimento do ensino.<\/p>\n<p>Outra grande novidade do decreto \u00e9 a contabiliza\u00e7\u00e3o, para fins de financiamento, da dupla matr\u00edcula para a educa\u00e7\u00e3o profissional t\u00e9cnica de n\u00edvel m\u00e9dio,permitindo que a oferta ocorra por meio de parcerias com outras institui\u00e7\u00f5es. Dessa forma, ao mesmo tempo em que se ampliam as fontes de financiamento da educa\u00e7\u00e3o profissional, a norma permite que as matr\u00edculas realizadas em parceria com institui\u00e7\u00f5es p\u00fablicas de ensino tamb\u00e9m sejam contabilizadas para fins de distribui\u00e7\u00e3o de recursos.<\/p>\n<p>A nova regulamenta\u00e7\u00e3o ainda valida a Rede Federal de Educa\u00e7\u00e3o Profissional, Cient\u00edfica e Tecnol\u00f3gica como especializada na oferta de Educa\u00e7\u00e3o Profissional e Tecnol\u00f3gica (EPT). Essa medida visa ampliar o leque de op\u00e7\u00f5es de cursos ofertados aos estudantes, ao considerar a prefer\u00eancia pela formaliza\u00e7\u00e3o de parcerias entre as redes estaduais de ensino e rede federal. Al\u00e9m disso, as diretrizes trazidas pelo decreto tamb\u00e9m objetivam fomentar e ampliar a oferta da educa\u00e7\u00e3o profissional t\u00e9cnica de n\u00edvel m\u00e9dio nas redes de ensino p\u00fablicas no pa\u00eds.<\/p>\n<p>A educa\u00e7\u00e3o infantil tamb\u00e9m ser\u00e1 beneficiada. Do total de recursos da complementa\u00e7\u00e3o VAAT, 50% dos valores globais precisam ser investidos nessa etapa de ensino. Tamb\u00e9m com rela\u00e7\u00e3o a essa contribui\u00e7\u00e3o, foi estabelecido que pelo menos 15% devem ser destinados a investimentos nas respectivas redes de ensino.<\/p>\n<p>Parte da contribui\u00e7\u00e3o da Uni\u00e3o continuar\u00e1 sendo distribu\u00edda como no modelo antigo do Fundeb. S\u00e3o 10 pontos percentuais que seguir\u00e3o para os estados, e seus respectivos munic\u00edpios, que n\u00e3o conseguirem atingir o valor anual m\u00ednimo por aluno definido nacionalmente (VAAF).<\/p>\n<p>Outra parte (10,5 pontos percentuais, em 2026) ser\u00e1 destinada \u00e0s redes estaduais e municipais que n\u00e3o alcan\u00e7arem o chamado valor anual total por aluno (VAAT), que tamb\u00e9m levar\u00e1 em conta a distribui\u00e7\u00e3o do VAAF, as receitas pr\u00f3prias vinculadas \u00e0 educa\u00e7\u00e3o e a cota estadual e municipal do sal\u00e1rio-educa\u00e7\u00e3o. Com isso, munic\u00edpios com menor capacidade de investimento, localizados em estados que atualmente n\u00e3o recebem a complementa\u00e7\u00e3o da Uni\u00e3o, passar\u00e3o a fazer jus a essa contribui\u00e7\u00e3o.<\/p>\n<p>Os restantes 2,5 pontos percentuais, do total de 23% em 2026, ser\u00e3o destinados \u00e0s redes p\u00fablicas que cumprirem condicionalidades de melhoria de gest\u00e3o e alcan\u00e7arem evolu\u00e7\u00e3o em indicadores de atendimento e de melhoria de aprendizagem, nos termos do sistema nacional de avalia\u00e7\u00e3o da educa\u00e7\u00e3o b\u00e1sica.<\/p>\n","protected":false},"excerpt":{"rendered":"<p>Uma solenidade no Pal\u00e1cio do Planalto marcou, nesta segunda-feira (22), o lan\u00e7amento do novo Fundo de Manuten\u00e7\u00e3o e Desenvolvimento da Educa\u00e7\u00e3o B\u00e1sica e de Valoriza\u00e7\u00e3o dos Profissionais da Educa\u00e7\u00e3o (Fundeb). A contribui\u00e7\u00e3o da Uni\u00e3o aumentar\u00e1 gradativamente, at\u00e9 atingir o percentual de 23% dos recursos que formar\u00e3o o Fundo em 2026.<\/p>\n","protected":false},"author":4,"featured_media":0,"comment_status":"closed","ping_status":"closed","sticky":false,"template":"","format":"standard","meta":{"footnotes":"","_links_to":"","_links_to_target":""},"categories":[9],"tags":[],"class_list":["post-13556","post","type-post","status-publish","format-standard","hentry","category-noticias-da-imprensa"],"yoast_head":"<!-- This site is optimized with the Yoast SEO plugin v15.1 - https:\/\/yoast.com\/wordpress\/plugins\/seo\/ -->\n<title>Novo Fundeb ter\u00e1 aumento gradativo at\u00e9 alcan\u00e7ar 23% em cinco anos &raquo; Abrelivros<\/title>\n<meta name=\"robots\" content=\"index, follow, max-snippet:-1, max-image-preview:large, max-video-preview:-1\" \/>\n<link rel=\"canonical\" href=\"https:\/\/abrelivros.org.br\/site\/novo-fundeb-tera-aumento-gradativo-ate-alcancar-23-em-cinco-anos\/\" \/>\n<meta property=\"og:locale\" content=\"pt_BR\" \/>\n<meta property=\"og:type\" content=\"article\" \/>\n<meta property=\"og:title\" content=\"Novo Fundeb ter\u00e1 aumento gradativo at\u00e9 alcan\u00e7ar 23% em cinco anos &raquo; Abrelivros\" \/>\n<meta property=\"og:description\" content=\"Uma solenidade no Pal\u00e1cio do Planalto marcou, nesta segunda-feira (22), o lan\u00e7amento do novo Fundo de Manuten\u00e7\u00e3o e Desenvolvimento da Educa\u00e7\u00e3o B\u00e1sica e de Valoriza\u00e7\u00e3o dos Profissionais da Educa\u00e7\u00e3o (Fundeb). A contribui\u00e7\u00e3o da Uni\u00e3o aumentar\u00e1 gradativamente, at\u00e9 atingir o percentual de 23% dos recursos que formar\u00e3o o Fundo em 2026.\" \/>\n<meta property=\"og:url\" content=\"https:\/\/abrelivros.org.br\/site\/novo-fundeb-tera-aumento-gradativo-ate-alcancar-23-em-cinco-anos\/\" \/>\n<meta property=\"og:site_name\" content=\"Abrelivros\" \/>\n<meta property=\"article:published_time\" content=\"2021-03-23T17:45:14+00:00\" \/>\n<meta name=\"twitter:card\" content=\"summary_large_image\" \/>\n<script type=\"application\/ld+json\" class=\"yoast-schema-graph\">{\"@context\":\"https:\/\/schema.org\",\"@graph\":[{\"@type\":\"WebSite\",\"@id\":\"https:\/\/abrelivros.org.br\/site\/#website\",\"url\":\"https:\/\/abrelivros.org.br\/site\/\",\"name\":\"Abrelivros\",\"description\":\"\",\"potentialAction\":[{\"@type\":\"SearchAction\",\"target\":\"https:\/\/abrelivros.org.br\/site\/?s={search_term_string}\",\"query-input\":\"required name=search_term_string\"}],\"inLanguage\":\"pt-BR\"},{\"@type\":\"WebPage\",\"@id\":\"https:\/\/abrelivros.org.br\/site\/novo-fundeb-tera-aumento-gradativo-ate-alcancar-23-em-cinco-anos\/#webpage\",\"url\":\"https:\/\/abrelivros.org.br\/site\/novo-fundeb-tera-aumento-gradativo-ate-alcancar-23-em-cinco-anos\/\",\"name\":\"Novo Fundeb ter\\u00e1 aumento gradativo at\\u00e9 alcan\\u00e7ar 23% em cinco anos &raquo; Abrelivros\",\"isPartOf\":{\"@id\":\"https:\/\/abrelivros.org.br\/site\/#website\"},\"datePublished\":\"2021-03-23T17:45:14+00:00\",\"dateModified\":\"2021-03-23T17:45:14+00:00\",\"author\":{\"@id\":\"https:\/\/abrelivros.org.br\/site\/#\/schema\/person\/65db80e26409802ce15ac5feec6a15fd\"},\"breadcrumb\":{\"@id\":\"https:\/\/abrelivros.org.br\/site\/novo-fundeb-tera-aumento-gradativo-ate-alcancar-23-em-cinco-anos\/#breadcrumb\"},\"inLanguage\":\"pt-BR\",\"potentialAction\":[{\"@type\":\"ReadAction\",\"target\":[\"https:\/\/abrelivros.org.br\/site\/novo-fundeb-tera-aumento-gradativo-ate-alcancar-23-em-cinco-anos\/\"]}]},{\"@type\":\"BreadcrumbList\",\"@id\":\"https:\/\/abrelivros.org.br\/site\/novo-fundeb-tera-aumento-gradativo-ate-alcancar-23-em-cinco-anos\/#breadcrumb\",\"itemListElement\":[{\"@type\":\"ListItem\",\"position\":1,\"item\":{\"@type\":\"WebPage\",\"@id\":\"https:\/\/abrelivros.org.br\/site\/\",\"url\":\"https:\/\/abrelivros.org.br\/site\/\",\"name\":\"In\\u00edcio\"}},{\"@type\":\"ListItem\",\"position\":2,\"item\":{\"@type\":\"WebPage\",\"@id\":\"https:\/\/abrelivros.org.br\/site\/category\/noticias\/\",\"url\":\"https:\/\/abrelivros.org.br\/site\/category\/noticias\/\",\"name\":\"Not\\u00edcias\"}},{\"@type\":\"ListItem\",\"position\":3,\"item\":{\"@type\":\"WebPage\",\"@id\":\"https:\/\/abrelivros.org.br\/site\/category\/noticias\/noticias-da-imprensa\/\",\"url\":\"https:\/\/abrelivros.org.br\/site\/category\/noticias\/noticias-da-imprensa\/\",\"name\":\"Not\\u00edcias da imprensa\"}},{\"@type\":\"ListItem\",\"position\":4,\"item\":{\"@type\":\"WebPage\",\"@id\":\"https:\/\/abrelivros.org.br\/site\/novo-fundeb-tera-aumento-gradativo-ate-alcancar-23-em-cinco-anos\/\",\"url\":\"https:\/\/abrelivros.org.br\/site\/novo-fundeb-tera-aumento-gradativo-ate-alcancar-23-em-cinco-anos\/\",\"name\":\"Novo Fundeb ter\\u00e1 aumento gradativo at\\u00e9 alcan\\u00e7ar 23% em cinco anos\"}}]},{\"@type\":\"Person\",\"@id\":\"https:\/\/abrelivros.org.br\/site\/#\/schema\/person\/65db80e26409802ce15ac5feec6a15fd\",\"name\":\"Reda\\u00e7\\u00e3o Abrelivros\",\"image\":{\"@type\":\"ImageObject\",\"@id\":\"https:\/\/abrelivros.org.br\/site\/#personlogo\",\"inLanguage\":\"pt-BR\",\"url\":\"https:\/\/secure.gravatar.com\/avatar\/c4e57f9c7e3482965bd428192061218520756c39080b1d1820b679fa5e9af192?s=96&d=mm&r=g\",\"caption\":\"Reda\\u00e7\\u00e3o Abrelivros\"}}]}<\/script>\n<!-- \/ Yoast SEO plugin. -->","_links":{"self":[{"href":"https:\/\/abrelivros.org.br\/site\/wp-json\/wp\/v2\/posts\/13556","targetHints":{"allow":["GET"]}}],"collection":[{"href":"https:\/\/abrelivros.org.br\/site\/wp-json\/wp\/v2\/posts"}],"about":[{"href":"https:\/\/abrelivros.org.br\/site\/wp-json\/wp\/v2\/types\/post"}],"author":[{"embeddable":true,"href":"https:\/\/abrelivros.org.br\/site\/wp-json\/wp\/v2\/users\/4"}],"replies":[{"embeddable":true,"href":"https:\/\/abrelivros.org.br\/site\/wp-json\/wp\/v2\/comments?post=13556"}],"version-history":[{"count":1,"href":"https:\/\/abrelivros.org.br\/site\/wp-json\/wp\/v2\/posts\/13556\/revisions"}],"predecessor-version":[{"id":13557,"href":"https:\/\/abrelivros.org.br\/site\/wp-json\/wp\/v2\/posts\/13556\/revisions\/13557"}],"wp:attachment":[{"href":"https:\/\/abrelivros.org.br\/site\/wp-json\/wp\/v2\/media?parent=13556"}],"wp:term":[{"taxonomy":"category","embeddable":true,"href":"https:\/\/abrelivros.org.br\/site\/wp-json\/wp\/v2\/categories?post=13556"},{"taxonomy":"post_tag","embeddable":true,"href":"https:\/\/abrelivros.org.br\/site\/wp-json\/wp\/v2\/tags?post=13556"}],"curies":[{"name":"wp","href":"https:\/\/api.w.org\/{rel}","templated":true}]}}