{"id":13544,"date":"2021-03-22T14:54:20","date_gmt":"2021-03-22T17:54:20","guid":{"rendered":"https:\/\/abrelivros.org.br\/site\/?p=13544"},"modified":"2021-03-22T14:57:54","modified_gmt":"2021-03-22T17:57:54","slug":"passam-a-boiada-no-mec","status":"publish","type":"post","link":"https:\/\/abrelivros.org.br\/site\/passam-a-boiada-no-mec\/","title":{"rendered":"Passam a boiada no MEC"},"content":{"rendered":"<p>Triste not\u00edcia. Est\u00e3o passando a boiada no <a href=\"https:\/\/tudo-sobre.estadao.com.br\/ministerio-da-educacao\" target=\"_blank\" rel=\"noopener noreferrer\">Minist\u00e9rio da Educa\u00e7\u00e3o (MEC)<\/a>. Enquanto a pandemia s\u00f3 piora no Brasil, milhares morrem a cada dia, ningu\u00e9m por l\u00e1 se preocupa com o futuro de uma gera\u00e7\u00e3o sem escola h\u00e1 um ano. Pelo contr\u00e1rio, gasta-se energia e dinheiro para introduzir mudan\u00e7as inimagin\u00e1veis e que seguem uma \u00fanica l\u00f3gica: agradar \u00e0 milit\u00e2ncia ideol\u00f3gica de <a href=\"https:\/\/tudo-sobre.estadao.com.br\/jair-bolsonaro\" target=\"_blank\" rel=\"noopener noreferrer\">Jair Bolsonaro<\/a>.<!--more--><\/p>\n<p>Numa semana em que o Banco Mundial chamou de &#8220;trag\u00e9dia&#8221; o que acontece no Brasil e em outros pa\u00edses latinos pelas escolas fechadas, o MEC acha que a solu\u00e7\u00e3o vem do homeschooling. <a href=\"https:\/\/educacao.estadao.com.br\/noticias\/geral,pandemia-pode-fazer-com-que-70-das-criancas-do-brasil-nao-aprendam-a-ler-diz-banco-mundial,70003650916\" target=\"_blank\" rel=\"noopener noreferrer\">Cerca de 70% das crian\u00e7as podem deixar de aprender a ler<\/a>, um dano irrepar\u00e1vel para a vida desses cidad\u00e3os e para a produtividade de uma na\u00e7\u00e3o. Mas o pastor Milton Ribeiro, ministro da Educa\u00e7\u00e3o, desvaloriza a escola. E diz por a\u00ed &#8211; acredite se quiser &#8211; que a pandemia justamente mostrou como as crian\u00e7as aprendem bem em casa. N\u00e3o h\u00e1 planos para equipar as redes com estrutura e tecnologia, formar os professores, desenvolver estrat\u00e9gias para recuperar a aprendizagem perdida em um ano de pandemia. Nem para buscar os alunos que se evadiram.<\/p>\n<p>A meta tra\u00e7ada pelo governo Bolsonaro na educa\u00e7\u00e3o \u00e9 aprovar o ensino domiciliar ainda neste primeiro semestre. Boa parte de quem faz homeschooling no Brasil \u00e9 de fam\u00edlias religiosas. Deputados que apoiam a pauta, entre eles Eduardo Bolsonaro, simpatizam com a ideia de que a escola \u00e9 um lugar dominado por doutrinadores de esquerda e depravados.<\/p>\n<p>Mas como nem todo mundo vai poder e querer estudar em casa, o MEC de Bolsonaro tamb\u00e9m tem seu plano para as escolas. Passou a atacar em tr\u00eas frentes para tentar mudar o que \u00e9 ensinado no Brasil: avalia\u00e7\u00f5es, materiais did\u00e1ticos e Base Nacional Comum Curricular (BNCC).<\/p>\n<p>Neste m\u00eas, o \u00cdndice de Desenvolvimento da Educa\u00e7\u00e3o B\u00e1sica, conhecido como Ideb, que indica o que sabem os estudantes de todo o Pa\u00eds, saiu das m\u00e3os dos estat\u00edsticos e educadores e foi para as dos pol\u00edticos e malucos. Com uma canetada, o estudo que vai decidir sobre como ser\u00e1 o novo Ideb foi tirado do Inep, o \u00f3rg\u00e3o t\u00e9cnico que cuida desde sempre das avalia\u00e7\u00f5es educacionais. O que o indicador a partir de agora vai considerar bom e ruim no ensino brasileiro ser\u00e1 decidido pela secretaria executiva do MEC, a turma do pastor e de Olavo de Carvalho.<\/p>\n<p>Nos materiais did\u00e1ticos, o estrago j\u00e1 est\u00e1 mais vis\u00edvel. O edital para a compra dos livros que ser\u00e3o usados nas escolas p\u00fablicas a partir de 2023 excluiu itens que exigiam o respeito \u00e0 diversidade. As obras que tenham, por exemplo, estere\u00f3tipos e preconceitos de ra\u00e7a, g\u00eanero ou socioecon\u00f4mico, podem ser aprovadas. A mudan\u00e7a no edital est\u00e1 sendo contestada no Supremo Tribunal Federal por ferir a Constitui\u00e7\u00e3o.<\/p>\n<p>O ministro ainda nomeou uma professora ligada ao movimento Escola Sem Partido para coordena\u00e7\u00e3o dos materiais did\u00e1ticos. Sandra Ramos j\u00e1 disse que queria dar uma \u201cperspectiva conservadora crist\u00e3\u201d \u00e0 BNCC, o mais importante documento publicado nos \u00faltimos anos para nortear o que deve ser ensinado nas escolas e no qual as editoras de livros se baseiam. Ela ainda defende que se tire toda a men\u00e7\u00e3o \u00e0s culturas africanas e ind\u00edgenas da Base. Combate tamb\u00e9m o que considera ideologia de g\u00eanero, termo sequer reconhecido pela comunidade acad\u00eamica, mas que \u00e9 entendido como uma simples refer\u00eancia a g\u00eanero ou sexualidade.<\/p>\n<p>Para coroar as \u00faltimas semanas de absurdos, Bolsonaro vetou na sexta-feira o projeto de lei que destinava bilh\u00f5es para internet gratuita para alunos pobres e professores da rede p\u00fablica durante o ensino online. Escondido pela pandemia, o MEC passou de inoperante a m\u00e1quina de uma empreitada ideol\u00f3gica e nefasta.<\/p>\n","protected":false},"excerpt":{"rendered":"<p>Triste not\u00edcia. Est\u00e3o passando a boiada no Minist\u00e9rio da Educa\u00e7\u00e3o (MEC). Enquanto a pandemia s\u00f3 piora no Brasil, milhares morrem a cada dia, ningu\u00e9m por l\u00e1 se preocupa com o futuro de uma gera\u00e7\u00e3o sem escola h\u00e1 um ano. Pelo contr\u00e1rio, gasta-se energia e dinheiro para introduzir mudan\u00e7as inimagin\u00e1veis e que seguem uma \u00fanica l\u00f3gica: [&hellip;]<\/p>\n","protected":false},"author":4,"featured_media":0,"comment_status":"closed","ping_status":"closed","sticky":false,"template":"","format":"standard","meta":{"footnotes":"","_links_to":"","_links_to_target":""},"categories":[9],"tags":[],"class_list":["post-13544","post","type-post","status-publish","format-standard","hentry","category-noticias-da-imprensa"],"yoast_head":"<!-- This site is optimized with the Yoast SEO plugin v15.1 - https:\/\/yoast.com\/wordpress\/plugins\/seo\/ -->\n<title>Passam a boiada no MEC &raquo; Abrelivros<\/title>\n<meta name=\"robots\" content=\"index, follow, max-snippet:-1, max-image-preview:large, max-video-preview:-1\" \/>\n<link rel=\"canonical\" href=\"https:\/\/abrelivros.org.br\/site\/passam-a-boiada-no-mec\/\" \/>\n<meta property=\"og:locale\" content=\"pt_BR\" \/>\n<meta property=\"og:type\" content=\"article\" \/>\n<meta property=\"og:title\" content=\"Passam a boiada no MEC &raquo; Abrelivros\" \/>\n<meta property=\"og:description\" content=\"Triste not\u00edcia. Est\u00e3o passando a boiada no Minist\u00e9rio da Educa\u00e7\u00e3o (MEC). Enquanto a pandemia s\u00f3 piora no Brasil, milhares morrem a cada dia, ningu\u00e9m por l\u00e1 se preocupa com o futuro de uma gera\u00e7\u00e3o sem escola h\u00e1 um ano. Pelo contr\u00e1rio, gasta-se energia e dinheiro para introduzir mudan\u00e7as inimagin\u00e1veis e que seguem uma \u00fanica l\u00f3gica: [&hellip;]\" \/>\n<meta property=\"og:url\" content=\"https:\/\/abrelivros.org.br\/site\/passam-a-boiada-no-mec\/\" \/>\n<meta property=\"og:site_name\" content=\"Abrelivros\" \/>\n<meta property=\"article:published_time\" content=\"2021-03-22T17:54:20+00:00\" \/>\n<meta property=\"article:modified_time\" content=\"2021-03-22T17:57:54+00:00\" \/>\n<meta name=\"twitter:card\" content=\"summary_large_image\" \/>\n<script type=\"application\/ld+json\" class=\"yoast-schema-graph\">{\"@context\":\"https:\/\/schema.org\",\"@graph\":[{\"@type\":\"WebSite\",\"@id\":\"https:\/\/abrelivros.org.br\/site\/#website\",\"url\":\"https:\/\/abrelivros.org.br\/site\/\",\"name\":\"Abrelivros\",\"description\":\"\",\"potentialAction\":[{\"@type\":\"SearchAction\",\"target\":\"https:\/\/abrelivros.org.br\/site\/?s={search_term_string}\",\"query-input\":\"required name=search_term_string\"}],\"inLanguage\":\"pt-BR\"},{\"@type\":\"WebPage\",\"@id\":\"https:\/\/abrelivros.org.br\/site\/passam-a-boiada-no-mec\/#webpage\",\"url\":\"https:\/\/abrelivros.org.br\/site\/passam-a-boiada-no-mec\/\",\"name\":\"Passam a boiada no MEC &raquo; Abrelivros\",\"isPartOf\":{\"@id\":\"https:\/\/abrelivros.org.br\/site\/#website\"},\"datePublished\":\"2021-03-22T17:54:20+00:00\",\"dateModified\":\"2021-03-22T17:57:54+00:00\",\"author\":{\"@id\":\"https:\/\/abrelivros.org.br\/site\/#\/schema\/person\/65db80e26409802ce15ac5feec6a15fd\"},\"breadcrumb\":{\"@id\":\"https:\/\/abrelivros.org.br\/site\/passam-a-boiada-no-mec\/#breadcrumb\"},\"inLanguage\":\"pt-BR\",\"potentialAction\":[{\"@type\":\"ReadAction\",\"target\":[\"https:\/\/abrelivros.org.br\/site\/passam-a-boiada-no-mec\/\"]}]},{\"@type\":\"BreadcrumbList\",\"@id\":\"https:\/\/abrelivros.org.br\/site\/passam-a-boiada-no-mec\/#breadcrumb\",\"itemListElement\":[{\"@type\":\"ListItem\",\"position\":1,\"item\":{\"@type\":\"WebPage\",\"@id\":\"https:\/\/abrelivros.org.br\/site\/\",\"url\":\"https:\/\/abrelivros.org.br\/site\/\",\"name\":\"In\\u00edcio\"}},{\"@type\":\"ListItem\",\"position\":2,\"item\":{\"@type\":\"WebPage\",\"@id\":\"https:\/\/abrelivros.org.br\/site\/category\/noticias\/\",\"url\":\"https:\/\/abrelivros.org.br\/site\/category\/noticias\/\",\"name\":\"Not\\u00edcias\"}},{\"@type\":\"ListItem\",\"position\":3,\"item\":{\"@type\":\"WebPage\",\"@id\":\"https:\/\/abrelivros.org.br\/site\/category\/noticias\/noticias-da-imprensa\/\",\"url\":\"https:\/\/abrelivros.org.br\/site\/category\/noticias\/noticias-da-imprensa\/\",\"name\":\"Not\\u00edcias da imprensa\"}},{\"@type\":\"ListItem\",\"position\":4,\"item\":{\"@type\":\"WebPage\",\"@id\":\"https:\/\/abrelivros.org.br\/site\/passam-a-boiada-no-mec\/\",\"url\":\"https:\/\/abrelivros.org.br\/site\/passam-a-boiada-no-mec\/\",\"name\":\"Passam a boiada no MEC\"}}]},{\"@type\":\"Person\",\"@id\":\"https:\/\/abrelivros.org.br\/site\/#\/schema\/person\/65db80e26409802ce15ac5feec6a15fd\",\"name\":\"Reda\\u00e7\\u00e3o Abrelivros\",\"image\":{\"@type\":\"ImageObject\",\"@id\":\"https:\/\/abrelivros.org.br\/site\/#personlogo\",\"inLanguage\":\"pt-BR\",\"url\":\"https:\/\/secure.gravatar.com\/avatar\/c4e57f9c7e3482965bd428192061218520756c39080b1d1820b679fa5e9af192?s=96&d=mm&r=g\",\"caption\":\"Reda\\u00e7\\u00e3o Abrelivros\"}}]}<\/script>\n<!-- \/ Yoast SEO plugin. -->","_links":{"self":[{"href":"https:\/\/abrelivros.org.br\/site\/wp-json\/wp\/v2\/posts\/13544","targetHints":{"allow":["GET"]}}],"collection":[{"href":"https:\/\/abrelivros.org.br\/site\/wp-json\/wp\/v2\/posts"}],"about":[{"href":"https:\/\/abrelivros.org.br\/site\/wp-json\/wp\/v2\/types\/post"}],"author":[{"embeddable":true,"href":"https:\/\/abrelivros.org.br\/site\/wp-json\/wp\/v2\/users\/4"}],"replies":[{"embeddable":true,"href":"https:\/\/abrelivros.org.br\/site\/wp-json\/wp\/v2\/comments?post=13544"}],"version-history":[{"count":3,"href":"https:\/\/abrelivros.org.br\/site\/wp-json\/wp\/v2\/posts\/13544\/revisions"}],"predecessor-version":[{"id":13547,"href":"https:\/\/abrelivros.org.br\/site\/wp-json\/wp\/v2\/posts\/13544\/revisions\/13547"}],"wp:attachment":[{"href":"https:\/\/abrelivros.org.br\/site\/wp-json\/wp\/v2\/media?parent=13544"}],"wp:term":[{"taxonomy":"category","embeddable":true,"href":"https:\/\/abrelivros.org.br\/site\/wp-json\/wp\/v2\/categories?post=13544"},{"taxonomy":"post_tag","embeddable":true,"href":"https:\/\/abrelivros.org.br\/site\/wp-json\/wp\/v2\/tags?post=13544"}],"curies":[{"name":"wp","href":"https:\/\/api.w.org\/{rel}","templated":true}]}}