{"id":13536,"date":"2021-03-22T13:13:18","date_gmt":"2021-03-22T16:13:18","guid":{"rendered":"https:\/\/abrelivros.org.br\/site\/?p=13536"},"modified":"2021-03-22T13:13:18","modified_gmt":"2021-03-22T16:13:18","slug":"governo-bolsonaro-quer-aprovar-ensino-domiciliar-no-1o-semestre","status":"publish","type":"post","link":"https:\/\/abrelivros.org.br\/site\/governo-bolsonaro-quer-aprovar-ensino-domiciliar-no-1o-semestre\/","title":{"rendered":"Governo Bolsonaro quer aprovar ensino domiciliar no 1\u00ba semestre"},"content":{"rendered":"<p>O governo Jair Bolsonaro (sem partido) pretende aprovar no Congresso, ainda no 1\u00ba semestre de 2021, a regulamenta\u00e7\u00e3o do <a href=\"https:\/\/www1.folha.uol.com.br\/educacao\/2019\/04\/projeto-de-bolsonaro-para-ensino-domiciliar-preve-cadastro-do-mec-e-avaliacao-anual.shtml\" target=\"_blank\" rel=\"noopener noreferrer\">ensino domiciliar<\/a>.<\/p>\n<p>J\u00e1 h\u00e1 acordo com lideran\u00e7as da Casa para que o projeto de lei v\u00e1 direto ao plen\u00e1rio, sem passar pela Comiss\u00e3o de Educa\u00e7\u00e3o, onde poderia haver um aprofundamento das discuss\u00f5es.<!--more--><\/p>\n<p>A <a href=\"https:\/\/www1.folha.uol.com.br\/educacao\/2019\/07\/governo-orienta-conselho-tutelar-a-nao-enquadrar-homeschooling-como-evasao.shtml\" target=\"_blank\" rel=\"noopener noreferrer\">prioridade dentro do governo<\/a> abriu uma \u200bdisputa entre os ministros Milton Ribeiro (Educa\u00e7\u00e3o) e Damares Alves (Mulher, Fam\u00edlia e Direitos Humanos). Ambos querem ser protagonistas do tema que, <a href=\"https:\/\/www1.folha.uol.com.br\/educacao\/2020\/09\/com-escolas-fechadas-maior-perda-e-nas-relacoes-entre-as-criancas-diz-psicanalista.shtml\" target=\"_blank\" rel=\"noopener noreferrer\">segundo especialistas<\/a>, carece de rela\u00e7\u00e3o com os principais desafios da educa\u00e7\u00e3o brasileira.<\/p>\n<p>O <a href=\"https:\/\/www1.folha.uol.com.br\/mundo\/2019\/05\/projeto-de-bolsonaro-ensino-domiciliar-nao-tem-eficacia-comprovada-nos-eua.shtml\" target=\"_blank\" rel=\"noopener noreferrer\">chamado homeschooling<\/a> \u00e9 uma pauta hist\u00f3rica de grupos religiosos. Por isso, o governo quer, com a aprova\u00e7\u00e3o, dar um aceno \u00e0 sua base de apoio guiada por princ\u00edpios crist\u00e3os e ideol\u00f3gicos.<\/p>\n<p>&#8220;O governo publicou lista de prioridades e l\u00e1 est\u00e1 o homeschooling e outras pautas conservadoras, de costumes. \u00c9 a prioridade e vamos aprovar&#8221;, disse \u00e0 Folha o l\u00edder do governo na C\u00e2mara, <a href=\"https:\/\/www1.folha.uol.com.br\/poder\/2020\/10\/adepto-da-velha-politica-ricardo-barros-atropela-demais-lideres-na-camara-e-ganha-espaco-com-bolsonaro.shtml\" target=\"_blank\" rel=\"noopener noreferrer\">Ricardo Barros (PP-PR)<\/a>. O governo tem gozado de maior influ\u00eancia no Legislativo com a aproxima\u00e7\u00e3o de Bolsonaro com o centr\u00e3o.<\/p>\n<p>O STF (Supremo Tribunal Federal) decidiu, em 2018, que o ensino domiciliar n\u00e3o \u00e9 inconstitucional. Sua oferta depende, no entanto, de regulamenta\u00e7\u00e3o legislativa.<\/p>\n<p>Defensores argumentam que se trata de um direito das fam\u00edlias, assegurado pelo STF, e que milhares de adeptos da modalidade vivem em inseguran\u00e7a jur\u00eddica. As estimativas de fam\u00edlias interessadas s\u00e3o incertas: em 2019, o governo divulgou que a medida afetaria 31 mil fam\u00edlias, nota anterior falava em cerca de 5.000.<\/p>\n<p>O Brasil tem mais de 47,3 milh\u00f5es de estudantes na educa\u00e7\u00e3o b\u00e1sica. Do total, 81% est\u00e3o na rede p\u00fablica, <a href=\"https:\/\/www1.folha.uol.com.br\/educacao\/2021\/03\/internet-e-infraestrutura-sao-maiores-entraves-para-volta-as-aulas-nos-municipios.shtml\" target=\"_blank\" rel=\"noopener noreferrer\">especialmente impactada com a pandemia de coronav\u00edrus<\/a>.<\/p>\n<p>Projetos sobre estrat\u00e9gias para o retorno \u00e0s aulas, de cria\u00e7\u00e3o de um sistema nacional de educa\u00e7\u00e3o e de uma nova regulamenta\u00e7\u00e3o do Fundeb aguardam tramita\u00e7\u00e3o e n\u00e3o recebem, por outro lado, aten\u00e7\u00e3o do governo. O Fundeb \u00e9 o principal mecanismo de financiamento da educa\u00e7\u00e3o b\u00e1sica.<\/p>\n<p>Com bom tr\u00e2nsito no Congresso, a ministra Damares se adiantou na agenda e <a href=\"https:\/\/www1.folha.uol.com.br\/educacao\/2019\/04\/projeto-de-bolsonaro-para-ensino-domiciliar-preve-cadastro-do-mec-e-avaliacao-anual.shtml\" target=\"_blank\" rel=\"noopener noreferrer\">encaminhou, ainda em 2019, um PL (projeto de lei) para o Congresso<\/a>. O pastor Milton Ribeiro, visto na Esplanada como um ministro decorativo, tenta agora maior di\u00e1logo com parlamentares para se colocar como ator importante na quest\u00e3o.<\/p>\n<p>A C\u00e2mara acumula oito projetos de lei sobre o tema, apresentados desde 2012, incluindo esse de autoria do Planalto. No entanto, o governo j\u00e1 tem pronta uma nova vers\u00e3o com altera\u00e7\u00f5es daquele enviado por Damares.<\/p>\n<p>O novo texto do PL prev\u00ea, por exemplo, que um dos pais ou respons\u00e1veis tenha ensino superior completo ou ao menos esteja cursando faculdade, segundo apura\u00e7\u00e3o da Folha. A vers\u00e3o anterior n\u00e3o trazia essa exig\u00eancia.<\/p>\n<p>Algumas quest\u00f5es pol\u00eamicas ainda devem ser enfrentadas: se haver\u00e1 vincula\u00e7\u00e3o expl\u00edcita de respeito \u00e0 Base Nacional Comum Curricular (documento que define o que os alunos devem aprender e \u00e9 alvo de cr\u00edticas de grupos conservadores) e se a liga\u00e7\u00e3o formal desses alunos ocorrer\u00e1 com as escolas e redes de ensino ou diretamente com o MEC (como prev\u00ea o texto de 2019, o que ocorreria por meio de uma plataforma digital).<\/p>\n<p>O governo ainda quer que haja abertura para que os <a href=\"https:\/\/www1.folha.uol.com.br\/educacao\/2019\/02\/veja-perguntas-e-respostas-sobre-o-homeschooling-ou-educacao-domiciliar.shtml\" target=\"_blank\" rel=\"noopener noreferrer\">alunos no homeschooling<\/a> possam ter uma vincula\u00e7\u00e3o extra a alguma entidade ou associa\u00e7\u00e3o ligada ao tema. Isso poderia abrir possibilidade para a cria\u00e7\u00e3o de um mercado de ensino domiciliar e, al\u00e9m disso, \u00e0 atua\u00e7\u00e3o de grupos religiosos que advogam um ensino sect\u00e1rio, risco visto por especialistas.<\/p>\n<p>Est\u00e1 previsto tamb\u00e9m que crian\u00e7as e jovens na modalidade participem de avalia\u00e7\u00f5es peri\u00f3dicas, a exemplo do que ocorre nas escolas.<\/p>\n<p>A presid\u00eancia da C\u00e2mara j\u00e1 designou a deputada Luisa Canziani (PTB-PR) para relatar o projeto. A parlamentar \u00e9 tida como equilibrada e afeita ao di\u00e1logo entre os atores do debate educacional.<\/p>\n<p>Ela diz que, apesar de o PL ir direto ao Plen\u00e1rio, pretende realizar audi\u00eancias p\u00fablicas para discutir experi\u00eancias positivas e negativas em outros pa\u00edses.<\/p>\n<p>&#8220;A falta da legisla\u00e7\u00e3o impulsiona a omiss\u00e3o do Estado. Na medida em que o STF j\u00e1 reconheceu que n\u00e3o \u00e9 inconstitucional, trouxe a responsabilidade para o colo do legislador e virou prioridade do governo, temos que regulamentar, garantindo todo o di\u00e1logo, e avan\u00e7ar nas outras pautas fundamentais para o desenvolvimento do pa\u00eds.&#8221;<\/p>\n<p>Canziani diz que \u00e9 sua miss\u00e3o na relatoria mostrar que n\u00e3o se trata apenas de uma pauta pol\u00edtico-ideol\u00f3gica. &#8220;\u00c9 uma pauta liberal, de direitos humanos, para assegurar o direito das crian\u00e7as e regulamentar os deveres das fam\u00edlias [que optam pela modalidade].&#8221;<\/p>\n<p>Educadores criticam a medida, sob o argumento de que essa autoriza\u00e7\u00e3o reduz o direito das crian\u00e7as \u00e0 educa\u00e7\u00e3o plena para atender convic\u00e7\u00f5es dos pais. Tamb\u00e9m questionam a prioridade dada pelo governo ao tema em detrimento de todos os desafios que a educa\u00e7\u00e3o p\u00fablica enfrenta.<\/p>\n<p>Em entrevista recente \u00e0 Folha, o <a href=\"https:\/\/www1.folha.uol.com.br\/educacao\/2021\/03\/a-licao-da-pandemia-sera-reconstruir-um-sistema-educacional-solidario-diz-pesquisador.shtml\" target=\"_blank\" rel=\"noopener noreferrer\">diretor da Faculdade de Educa\u00e7\u00e3o da Universidade de Genebra (Su\u00ed\u00e7a), Abdeljalil Akkari<\/a>, disse que a preced\u00eancia do homeschooling &#8220;\u00e9 quase uma brincadeira&#8221; diante dos desafios educacionais do pa\u00eds.<\/p>\n<p>&#8220;Na Fran\u00e7a, passaram uma lei para reduzir o direito de ensino domiciliar porque se observou que a coes\u00e3o social est\u00e1 em perigo&#8221;, disse ele, que estuda educa\u00e7\u00e3o comparada entre os pa\u00edses.<\/p>\n<p>&#8220;A sociedade brasileira j\u00e1 \u00e9 dividida, dependendo de sua renda, h\u00e1 pouca possibilidade de encontrar um brasileiro de outro grupo social. E se vai permitir o ensino domiciliar, diminui ainda mais a mistura social. Pode ser que seja direito, mas n\u00e3o \u00e9 prioridade.&#8221;<\/p>\n<p>A ideia do governo Bolsonaro <a href=\"https:\/\/www1.folha.uol.com.br\/educacao\/2019\/03\/governo-reavalia-estrategia-para-liberar-ensino-domiciliar.shtml\" target=\"_blank\" rel=\"noopener noreferrer\">era levar ao Congresso uma medida provis\u00f3ria<\/a>, que tem tramita\u00e7\u00e3o mais r\u00e1pida, mas desistiu ainda no primeiro ano da gest\u00e3o.<\/p>\n<p>Mesmo sem ter regulamenta\u00e7\u00e3o, o MEC tentou no ano passado criar uma <a href=\"https:\/\/www1.folha.uol.com.br\/educacao\/2020\/11\/mec-tenta-criar-cadeira-cativa-para-ensino-domiciliar-em-forum-de-educacao-e-e-derrotado.shtml\" target=\"_blank\" rel=\"noopener noreferrer\">cadeira cativa para a modalidade no FNE (F\u00f3rum Nacional de Educa\u00e7\u00e3o)<\/a>, principal inst\u00e2ncia de articula\u00e7\u00e3o da pasta com a sociedade civil. A proposta patrocinada pela ala ideol\u00f3gica que atua na pasta saiu derrotada no f\u00f3rum.<\/p>\n","protected":false},"excerpt":{"rendered":"<p>O governo Jair Bolsonaro (sem partido) pretende aprovar no Congresso, ainda no 1\u00ba semestre de 2021, a regulamenta\u00e7\u00e3o do ensino domiciliar. J\u00e1 h\u00e1 acordo com lideran\u00e7as da Casa para que o projeto de lei v\u00e1 direto ao plen\u00e1rio, sem passar pela Comiss\u00e3o de Educa\u00e7\u00e3o, onde poderia haver um aprofundamento das discuss\u00f5es.<\/p>\n","protected":false},"author":4,"featured_media":0,"comment_status":"closed","ping_status":"closed","sticky":false,"template":"","format":"standard","meta":{"footnotes":"","_links_to":"","_links_to_target":""},"categories":[9],"tags":[],"class_list":["post-13536","post","type-post","status-publish","format-standard","hentry","category-noticias-da-imprensa"],"yoast_head":"<!-- This site is optimized with the Yoast SEO plugin v15.1 - https:\/\/yoast.com\/wordpress\/plugins\/seo\/ -->\n<title>Governo Bolsonaro quer aprovar ensino domiciliar no 1\u00ba semestre &raquo; Abrelivros<\/title>\n<meta name=\"robots\" content=\"index, follow, max-snippet:-1, max-image-preview:large, max-video-preview:-1\" \/>\n<link rel=\"canonical\" href=\"https:\/\/abrelivros.org.br\/site\/governo-bolsonaro-quer-aprovar-ensino-domiciliar-no-1o-semestre\/\" \/>\n<meta property=\"og:locale\" content=\"pt_BR\" \/>\n<meta property=\"og:type\" content=\"article\" \/>\n<meta property=\"og:title\" content=\"Governo Bolsonaro quer aprovar ensino domiciliar no 1\u00ba semestre &raquo; Abrelivros\" \/>\n<meta property=\"og:description\" content=\"O governo Jair Bolsonaro (sem partido) pretende aprovar no Congresso, ainda no 1\u00ba semestre de 2021, a regulamenta\u00e7\u00e3o do ensino domiciliar. J\u00e1 h\u00e1 acordo com lideran\u00e7as da Casa para que o projeto de lei v\u00e1 direto ao plen\u00e1rio, sem passar pela Comiss\u00e3o de Educa\u00e7\u00e3o, onde poderia haver um aprofundamento das discuss\u00f5es.\" \/>\n<meta property=\"og:url\" content=\"https:\/\/abrelivros.org.br\/site\/governo-bolsonaro-quer-aprovar-ensino-domiciliar-no-1o-semestre\/\" \/>\n<meta property=\"og:site_name\" content=\"Abrelivros\" \/>\n<meta property=\"article:published_time\" content=\"2021-03-22T16:13:18+00:00\" \/>\n<meta name=\"twitter:card\" content=\"summary_large_image\" \/>\n<script type=\"application\/ld+json\" class=\"yoast-schema-graph\">{\"@context\":\"https:\/\/schema.org\",\"@graph\":[{\"@type\":\"WebSite\",\"@id\":\"https:\/\/abrelivros.org.br\/site\/#website\",\"url\":\"https:\/\/abrelivros.org.br\/site\/\",\"name\":\"Abrelivros\",\"description\":\"\",\"potentialAction\":[{\"@type\":\"SearchAction\",\"target\":\"https:\/\/abrelivros.org.br\/site\/?s={search_term_string}\",\"query-input\":\"required name=search_term_string\"}],\"inLanguage\":\"pt-BR\"},{\"@type\":\"WebPage\",\"@id\":\"https:\/\/abrelivros.org.br\/site\/governo-bolsonaro-quer-aprovar-ensino-domiciliar-no-1o-semestre\/#webpage\",\"url\":\"https:\/\/abrelivros.org.br\/site\/governo-bolsonaro-quer-aprovar-ensino-domiciliar-no-1o-semestre\/\",\"name\":\"Governo Bolsonaro quer aprovar ensino domiciliar no 1\\u00ba semestre &raquo; Abrelivros\",\"isPartOf\":{\"@id\":\"https:\/\/abrelivros.org.br\/site\/#website\"},\"datePublished\":\"2021-03-22T16:13:18+00:00\",\"dateModified\":\"2021-03-22T16:13:18+00:00\",\"author\":{\"@id\":\"https:\/\/abrelivros.org.br\/site\/#\/schema\/person\/65db80e26409802ce15ac5feec6a15fd\"},\"breadcrumb\":{\"@id\":\"https:\/\/abrelivros.org.br\/site\/governo-bolsonaro-quer-aprovar-ensino-domiciliar-no-1o-semestre\/#breadcrumb\"},\"inLanguage\":\"pt-BR\",\"potentialAction\":[{\"@type\":\"ReadAction\",\"target\":[\"https:\/\/abrelivros.org.br\/site\/governo-bolsonaro-quer-aprovar-ensino-domiciliar-no-1o-semestre\/\"]}]},{\"@type\":\"BreadcrumbList\",\"@id\":\"https:\/\/abrelivros.org.br\/site\/governo-bolsonaro-quer-aprovar-ensino-domiciliar-no-1o-semestre\/#breadcrumb\",\"itemListElement\":[{\"@type\":\"ListItem\",\"position\":1,\"item\":{\"@type\":\"WebPage\",\"@id\":\"https:\/\/abrelivros.org.br\/site\/\",\"url\":\"https:\/\/abrelivros.org.br\/site\/\",\"name\":\"In\\u00edcio\"}},{\"@type\":\"ListItem\",\"position\":2,\"item\":{\"@type\":\"WebPage\",\"@id\":\"https:\/\/abrelivros.org.br\/site\/category\/noticias\/\",\"url\":\"https:\/\/abrelivros.org.br\/site\/category\/noticias\/\",\"name\":\"Not\\u00edcias\"}},{\"@type\":\"ListItem\",\"position\":3,\"item\":{\"@type\":\"WebPage\",\"@id\":\"https:\/\/abrelivros.org.br\/site\/category\/noticias\/noticias-da-imprensa\/\",\"url\":\"https:\/\/abrelivros.org.br\/site\/category\/noticias\/noticias-da-imprensa\/\",\"name\":\"Not\\u00edcias da imprensa\"}},{\"@type\":\"ListItem\",\"position\":4,\"item\":{\"@type\":\"WebPage\",\"@id\":\"https:\/\/abrelivros.org.br\/site\/governo-bolsonaro-quer-aprovar-ensino-domiciliar-no-1o-semestre\/\",\"url\":\"https:\/\/abrelivros.org.br\/site\/governo-bolsonaro-quer-aprovar-ensino-domiciliar-no-1o-semestre\/\",\"name\":\"Governo Bolsonaro quer aprovar ensino domiciliar no 1\\u00ba semestre\"}}]},{\"@type\":\"Person\",\"@id\":\"https:\/\/abrelivros.org.br\/site\/#\/schema\/person\/65db80e26409802ce15ac5feec6a15fd\",\"name\":\"Reda\\u00e7\\u00e3o Abrelivros\",\"image\":{\"@type\":\"ImageObject\",\"@id\":\"https:\/\/abrelivros.org.br\/site\/#personlogo\",\"inLanguage\":\"pt-BR\",\"url\":\"https:\/\/secure.gravatar.com\/avatar\/c4e57f9c7e3482965bd428192061218520756c39080b1d1820b679fa5e9af192?s=96&d=mm&r=g\",\"caption\":\"Reda\\u00e7\\u00e3o Abrelivros\"}}]}<\/script>\n<!-- \/ Yoast SEO plugin. -->","_links":{"self":[{"href":"https:\/\/abrelivros.org.br\/site\/wp-json\/wp\/v2\/posts\/13536","targetHints":{"allow":["GET"]}}],"collection":[{"href":"https:\/\/abrelivros.org.br\/site\/wp-json\/wp\/v2\/posts"}],"about":[{"href":"https:\/\/abrelivros.org.br\/site\/wp-json\/wp\/v2\/types\/post"}],"author":[{"embeddable":true,"href":"https:\/\/abrelivros.org.br\/site\/wp-json\/wp\/v2\/users\/4"}],"replies":[{"embeddable":true,"href":"https:\/\/abrelivros.org.br\/site\/wp-json\/wp\/v2\/comments?post=13536"}],"version-history":[{"count":1,"href":"https:\/\/abrelivros.org.br\/site\/wp-json\/wp\/v2\/posts\/13536\/revisions"}],"predecessor-version":[{"id":13537,"href":"https:\/\/abrelivros.org.br\/site\/wp-json\/wp\/v2\/posts\/13536\/revisions\/13537"}],"wp:attachment":[{"href":"https:\/\/abrelivros.org.br\/site\/wp-json\/wp\/v2\/media?parent=13536"}],"wp:term":[{"taxonomy":"category","embeddable":true,"href":"https:\/\/abrelivros.org.br\/site\/wp-json\/wp\/v2\/categories?post=13536"},{"taxonomy":"post_tag","embeddable":true,"href":"https:\/\/abrelivros.org.br\/site\/wp-json\/wp\/v2\/tags?post=13536"}],"curies":[{"name":"wp","href":"https:\/\/api.w.org\/{rel}","templated":true}]}}