{"id":13531,"date":"2021-03-22T12:47:55","date_gmt":"2021-03-22T15:47:55","guid":{"rendered":"https:\/\/abrelivros.org.br\/site\/?p=13531"},"modified":"2021-03-22T16:51:20","modified_gmt":"2021-03-22T19:51:20","slug":"implantacao-do-novo-ensino-medio-e-da-bncc","status":"publish","type":"post","link":"https:\/\/abrelivros.org.br\/site\/implantacao-do-novo-ensino-medio-e-da-bncc\/","title":{"rendered":"Implanta\u00e7\u00e3o do Novo Ensino M\u00e9dio e da BNCC"},"content":{"rendered":"<p>FENEP realizou evento online e gratuito para orientar escolas no planejamento da implanta\u00e7\u00e3o do Novo Ensino M\u00e9dio<\/p>\n<p>A pandemia da Covid-19 atrasou em um ano a implementa\u00e7\u00e3o do novo Ensino M\u00e9dio, mas em 2022 as escolas p\u00fablicas e privadas do todos os pa\u00edses passar\u00e3o a viver esta nova realidade.<!--more--> Sempre que existe uma mudan\u00e7a, e o Novo Ensino M\u00e9dio e a BNCC representam algo novo para nossas escoas, \u00e9 normal que surjam d\u00favidas e questionamentos. Pensando neste cen\u00e1rio, a Federa\u00e7\u00e3o Nacional das Escolas Particulares (FENEP) promove, no dia 20 de mar\u00e7o (s\u00e1bado), das 10h \u00e0s 13h, o Semin\u00e1rio de implanta\u00e7\u00e3o do Novo Ensino M\u00e9dio e da BNCC, com a proposta de apoiar o trabalho realizado nas escolas para que a implementa\u00e7\u00e3o seja de forma tranquila e organizada. O evento \u00e9 gratuito e aberto ao p\u00fablico.<\/p>\n<p>Compreender o que mudar\u00e1 nas escolas para 2022, bem como os reflexos que o Novo Ensino M\u00e9dio trar\u00e1 nas avali\u00e7\u00f5es que ser\u00e3o realizadas pelo MEC, como por exemplo o ENEM s\u00e3o os grandes objetivos deste evento. A expectativa \u00e9 de que sindicatos do ensino privado, diretores, coordenadores pedag\u00f3gicos, orientadores educacionais de institui\u00e7\u00f5es de educa\u00e7\u00e3o b\u00e1sica participem da forma\u00e7\u00e3o, que trar\u00e1 exemplos pr\u00e1ticos do planejamento de atividades.<\/p>\n<p>\u201cApesar do momento conturbado que estamos passando, a escola privada tem que planejar o futuro. Esse semin\u00e1rio traz uma boa vis\u00e3o de como fica a educa\u00e7\u00e3o b\u00e1sica bem como o acesso ao ensino superior\u201d, destaca o presidente da FENEP, professor Ademar Batista Pereira.<\/p>\n<p><strong>Programa\u00e7\u00e3o do Semin\u00e1rio de implanta\u00e7\u00e3o do Novo Ensino M\u00e9dio e da BNCC<\/strong><\/p>\n<p>10h &#8211; Boas-vindas- Ademar Batista Pereira \u2013 Presidente da FENEP 10h05 &#8211; Implanta\u00e7\u00e3o do novo ensino m\u00e9dio &#8211; Maria Helena Guimar\u00e3es de Castro, Presidente do Conselho Nacional de Educa\u00e7\u00e3o (CNE)<\/p>\n<p>Moderador: Amabile Pacios- Vice-presidente da Fenep<\/p>\n<p>10h45 &#8211; Implanta\u00e7\u00e3o da BNCC do ensino m\u00e9dio na escola particular &#8211; Helber Vieira \u2013 Diretor da Secretaria da Educa\u00e7\u00e3o b\u00e1sica MEC.<\/p>\n<p>Moderador: Bruno Eizerik &#8211; Diretor da FENEP<\/p>\n<p>11h25 &#8211; Mapa da implanta\u00e7\u00e3o do novo ensino m\u00e9dio no Brasil &#8211; Alice Ribeiro, Secret\u00e1ria Executiva do Movimento pela Base<\/p>\n<p>Moderador: Antonio Eugenio Cunha &#8211; Diretor da FENEP<\/p>\n<p>12h05 &#8211; Painel: experi\u00eancia da implanta\u00e7\u00e3o do novo ensino m\u00e9dio no Mato Grosso do Sul &#8211; Cec\u00edlia Motta &#8211; Secret\u00e1ria de Educa\u00e7\u00e3o do MS e vice-Presidente do CONSED e Pedro Flexa Ribeiro, com a experi\u00eancia do Col\u00e9gio Andrews.<\/p>\n<p>Moderador- Pedro Flexa &#8211; Diretor da Fenep<\/p>\n<p>12h50 &#8211; Encerramento Servi\u00e7o Semin\u00e1rio de implanta\u00e7\u00e3o do Novo Ensino M\u00e9dio e da BNCC Data: 20 de mar\u00e7o (s\u00e1bado), das 10h \u00e0s 13h<\/p>\n<p><iframe title=\"Semin\u00e1rio BNCC e Implanta\u00e7\u00e3o do Novo Ensino M\u00e9dio\" width=\"800\" height=\"450\" src=\"https:\/\/www.youtube.com\/embed\/3l8ZUZW5Los?feature=oembed\" frameborder=\"0\" allow=\"accelerometer; autoplay; clipboard-write; encrypted-media; gyroscope; picture-in-picture\" allowfullscreen><\/iframe><\/p>\n<p><a href=\"https:\/\/www.youtube.com\/watch?v=3l8ZUZW5Los\" target=\"_blank\" rel=\"noopener noreferrer\">https:\/\/www.youtube.com\/watch?v=3l8ZUZW5Los<\/a><\/p>\n","protected":false},"excerpt":{"rendered":"<p>FENEP realizou evento online e gratuito para orientar escolas no planejamento da implanta\u00e7\u00e3o do Novo Ensino M\u00e9dio A pandemia da Covid-19 atrasou em um ano a implementa\u00e7\u00e3o do novo Ensino M\u00e9dio, mas em 2022 as escolas p\u00fablicas e privadas do todos os pa\u00edses passar\u00e3o a viver esta nova realidade.<\/p>\n","protected":false},"author":4,"featured_media":0,"comment_status":"closed","ping_status":"closed","sticky":false,"template":"","format":"standard","meta":{"footnotes":"","_links_to":"","_links_to_target":""},"categories":[9],"tags":[],"class_list":["post-13531","post","type-post","status-publish","format-standard","hentry","category-noticias-da-imprensa"],"yoast_head":"<!-- This site is optimized with the Yoast SEO plugin v15.1 - https:\/\/yoast.com\/wordpress\/plugins\/seo\/ -->\n<title>Implanta\u00e7\u00e3o do Novo Ensino M\u00e9dio e da BNCC &raquo; Abrelivros<\/title>\n<meta name=\"robots\" content=\"index, follow, max-snippet:-1, max-image-preview:large, max-video-preview:-1\" \/>\n<link rel=\"canonical\" href=\"https:\/\/abrelivros.org.br\/site\/implantacao-do-novo-ensino-medio-e-da-bncc\/\" \/>\n<meta property=\"og:locale\" content=\"pt_BR\" \/>\n<meta property=\"og:type\" content=\"article\" \/>\n<meta property=\"og:title\" content=\"Implanta\u00e7\u00e3o do Novo Ensino M\u00e9dio e da BNCC &raquo; Abrelivros\" \/>\n<meta property=\"og:description\" content=\"FENEP realizou evento online e gratuito para orientar escolas no planejamento da implanta\u00e7\u00e3o do Novo Ensino M\u00e9dio A pandemia da Covid-19 atrasou em um ano a implementa\u00e7\u00e3o do novo Ensino M\u00e9dio, mas em 2022 as escolas p\u00fablicas e privadas do todos os pa\u00edses passar\u00e3o a viver esta nova realidade.\" \/>\n<meta property=\"og:url\" content=\"https:\/\/abrelivros.org.br\/site\/implantacao-do-novo-ensino-medio-e-da-bncc\/\" \/>\n<meta property=\"og:site_name\" content=\"Abrelivros\" \/>\n<meta property=\"article:published_time\" content=\"2021-03-22T15:47:55+00:00\" \/>\n<meta property=\"article:modified_time\" content=\"2021-03-22T19:51:20+00:00\" \/>\n<meta name=\"twitter:card\" content=\"summary_large_image\" \/>\n<script type=\"application\/ld+json\" class=\"yoast-schema-graph\">{\"@context\":\"https:\/\/schema.org\",\"@graph\":[{\"@type\":\"WebSite\",\"@id\":\"https:\/\/abrelivros.org.br\/site\/#website\",\"url\":\"https:\/\/abrelivros.org.br\/site\/\",\"name\":\"Abrelivros\",\"description\":\"\",\"potentialAction\":[{\"@type\":\"SearchAction\",\"target\":\"https:\/\/abrelivros.org.br\/site\/?s={search_term_string}\",\"query-input\":\"required name=search_term_string\"}],\"inLanguage\":\"pt-BR\"},{\"@type\":\"WebPage\",\"@id\":\"https:\/\/abrelivros.org.br\/site\/implantacao-do-novo-ensino-medio-e-da-bncc\/#webpage\",\"url\":\"https:\/\/abrelivros.org.br\/site\/implantacao-do-novo-ensino-medio-e-da-bncc\/\",\"name\":\"Implanta\\u00e7\\u00e3o do Novo Ensino M\\u00e9dio e da BNCC &raquo; Abrelivros\",\"isPartOf\":{\"@id\":\"https:\/\/abrelivros.org.br\/site\/#website\"},\"datePublished\":\"2021-03-22T15:47:55+00:00\",\"dateModified\":\"2021-03-22T19:51:20+00:00\",\"author\":{\"@id\":\"https:\/\/abrelivros.org.br\/site\/#\/schema\/person\/65db80e26409802ce15ac5feec6a15fd\"},\"breadcrumb\":{\"@id\":\"https:\/\/abrelivros.org.br\/site\/implantacao-do-novo-ensino-medio-e-da-bncc\/#breadcrumb\"},\"inLanguage\":\"pt-BR\",\"potentialAction\":[{\"@type\":\"ReadAction\",\"target\":[\"https:\/\/abrelivros.org.br\/site\/implantacao-do-novo-ensino-medio-e-da-bncc\/\"]}]},{\"@type\":\"BreadcrumbList\",\"@id\":\"https:\/\/abrelivros.org.br\/site\/implantacao-do-novo-ensino-medio-e-da-bncc\/#breadcrumb\",\"itemListElement\":[{\"@type\":\"ListItem\",\"position\":1,\"item\":{\"@type\":\"WebPage\",\"@id\":\"https:\/\/abrelivros.org.br\/site\/\",\"url\":\"https:\/\/abrelivros.org.br\/site\/\",\"name\":\"In\\u00edcio\"}},{\"@type\":\"ListItem\",\"position\":2,\"item\":{\"@type\":\"WebPage\",\"@id\":\"https:\/\/abrelivros.org.br\/site\/category\/noticias\/\",\"url\":\"https:\/\/abrelivros.org.br\/site\/category\/noticias\/\",\"name\":\"Not\\u00edcias\"}},{\"@type\":\"ListItem\",\"position\":3,\"item\":{\"@type\":\"WebPage\",\"@id\":\"https:\/\/abrelivros.org.br\/site\/category\/noticias\/noticias-da-imprensa\/\",\"url\":\"https:\/\/abrelivros.org.br\/site\/category\/noticias\/noticias-da-imprensa\/\",\"name\":\"Not\\u00edcias da imprensa\"}},{\"@type\":\"ListItem\",\"position\":4,\"item\":{\"@type\":\"WebPage\",\"@id\":\"https:\/\/abrelivros.org.br\/site\/implantacao-do-novo-ensino-medio-e-da-bncc\/\",\"url\":\"https:\/\/abrelivros.org.br\/site\/implantacao-do-novo-ensino-medio-e-da-bncc\/\",\"name\":\"Implanta\\u00e7\\u00e3o do Novo Ensino M\\u00e9dio e da BNCC\"}}]},{\"@type\":\"Person\",\"@id\":\"https:\/\/abrelivros.org.br\/site\/#\/schema\/person\/65db80e26409802ce15ac5feec6a15fd\",\"name\":\"Reda\\u00e7\\u00e3o Abrelivros\",\"image\":{\"@type\":\"ImageObject\",\"@id\":\"https:\/\/abrelivros.org.br\/site\/#personlogo\",\"inLanguage\":\"pt-BR\",\"url\":\"https:\/\/secure.gravatar.com\/avatar\/c4e57f9c7e3482965bd428192061218520756c39080b1d1820b679fa5e9af192?s=96&d=mm&r=g\",\"caption\":\"Reda\\u00e7\\u00e3o Abrelivros\"}}]}<\/script>\n<!-- \/ Yoast SEO plugin. -->","_links":{"self":[{"href":"https:\/\/abrelivros.org.br\/site\/wp-json\/wp\/v2\/posts\/13531","targetHints":{"allow":["GET"]}}],"collection":[{"href":"https:\/\/abrelivros.org.br\/site\/wp-json\/wp\/v2\/posts"}],"about":[{"href":"https:\/\/abrelivros.org.br\/site\/wp-json\/wp\/v2\/types\/post"}],"author":[{"embeddable":true,"href":"https:\/\/abrelivros.org.br\/site\/wp-json\/wp\/v2\/users\/4"}],"replies":[{"embeddable":true,"href":"https:\/\/abrelivros.org.br\/site\/wp-json\/wp\/v2\/comments?post=13531"}],"version-history":[{"count":7,"href":"https:\/\/abrelivros.org.br\/site\/wp-json\/wp\/v2\/posts\/13531\/revisions"}],"predecessor-version":[{"id":13553,"href":"https:\/\/abrelivros.org.br\/site\/wp-json\/wp\/v2\/posts\/13531\/revisions\/13553"}],"wp:attachment":[{"href":"https:\/\/abrelivros.org.br\/site\/wp-json\/wp\/v2\/media?parent=13531"}],"wp:term":[{"taxonomy":"category","embeddable":true,"href":"https:\/\/abrelivros.org.br\/site\/wp-json\/wp\/v2\/categories?post=13531"},{"taxonomy":"post_tag","embeddable":true,"href":"https:\/\/abrelivros.org.br\/site\/wp-json\/wp\/v2\/tags?post=13531"}],"curies":[{"name":"wp","href":"https:\/\/api.w.org\/{rel}","templated":true}]}}