{"id":13529,"date":"2021-03-22T12:38:20","date_gmt":"2021-03-22T15:38:20","guid":{"rendered":"https:\/\/abrelivros.org.br\/site\/?p=13529"},"modified":"2021-03-22T12:38:20","modified_gmt":"2021-03-22T15:38:20","slug":"seb-apresenta-acoes-para-reduzir-impacto-negativo-na-educacao-publica-durante-a-pandemia","status":"publish","type":"post","link":"https:\/\/abrelivros.org.br\/site\/seb-apresenta-acoes-para-reduzir-impacto-negativo-na-educacao-publica-durante-a-pandemia\/","title":{"rendered":"SEB apresenta a\u00e7\u00f5es para reduzir impacto negativo na educa\u00e7\u00e3o p\u00fablica durante a pandemia"},"content":{"rendered":"<p>Segundo a Organiza\u00e7\u00e3o das Na\u00e7\u00f5es Unidas para a Educa\u00e7\u00e3o, a Ci\u00eancia e a Cultura (UNESCO), milh\u00f5es de estudantes est\u00e3o sem aulas com o fechamento total ou parcial de escolas e universidades em mais de 150 pa\u00edses devido \u00e0 pandemia da COVID-19.<!--more--> A situa\u00e7\u00e3o no Brasil n\u00e3o \u00e9 diferente e grande parte das aulas presenciais ainda est\u00e3o suspensas em todo o territ\u00f3rio nacional.<\/p>\n<p>A Secretaria de Educa\u00e7\u00e3o B\u00e1sica (Seb), do Minist\u00e9rio da Educa\u00e7\u00e3o (MEC), \u00e9 respons\u00e1vel pela formula\u00e7\u00e3o de pol\u00edticas para a educa\u00e7\u00e3o infantil, o ensino fundamental e o ensino m\u00e9dio. Ela identificou os principais riscos decorrentes da suspens\u00e3o das atividades escolares presenciais, entre eles, o comprometimento do calend\u00e1rio escolar, os retrocessos do processo educacional e aprendizagem dos estudantes, os danos estruturais e sociais para estudantes e fam\u00edlias de baixa renda, abandono e o potencial aumento da evas\u00e3o escolar.<\/p>\n<p>Preocupada com essa realidade, a Seb elaborou uma s\u00e9rie de a\u00e7\u00f5es, visando minimizar o impacto negativo na educa\u00e7\u00e3o b\u00e1sica. Em articula\u00e7\u00e3o com os sistemas de ensino e participa\u00e7\u00e3o social, a Secretaria tamb\u00e9m planeja, orienta e coordena a implementa\u00e7\u00e3o dessas pol\u00edticas por meio da coopera\u00e7\u00e3o did\u00e1tico-pedag\u00f3gica, tecnol\u00f3gica, t\u00e9cnica e financeira.<\/p>\n<p>Destaque para Painel Nacional de Monitoramento da Educa\u00e7\u00e3o B\u00e1sica, que est\u00e1 em fase de constru\u00e7\u00e3o. Trata-se de um painel para acompanhar e disponibilizar informa\u00e7\u00f5es sobre o retorno \u00e0s aulas presenciais. Ser\u00e1 poss\u00edvel estimar o per\u00edodo de suspens\u00e3o das aulas presenciais e de implanta\u00e7\u00e3o de atividades remotas, bem como obter informa\u00e7\u00f5es que poder\u00e3o contribuir para o MEC propor a\u00e7\u00f5es e auxiliar as redes de ensino no processo de acompanhamento da retomada das aulas presenciais.<\/p>\n<p>Em outra a\u00e7\u00e3o, o MEC reservou cerca de R$ 525 milh\u00f5es para as escolas da rede estadual, municipal e distrital possam se preparar para retornar \u00e0s aulas com seguran\u00e7a.<\/p>\n<p>Com o objetivo de facilitar e incentivar o acesso da comunidade escolar e da sociedade \u00e0s principais informa\u00e7\u00f5es educacionais e financeiras da escola, a pasta lan\u00e7ou o aplicativo <a href=\"https:\/\/www.gov.br\/pt-br\/apps\/@@galeria-de-aplicativos\/clique-escola\" target=\"_blank\" rel=\"noopener noreferrer\">Clique Escola<\/a>. Com o app tamb\u00e9m \u00e9 poss\u00edvel obter not\u00edcias sobre educa\u00e7\u00e3o, de forma a facilitar a compreens\u00e3o e promover a transpar\u00eancia dos dados educacionais.<\/p>\n<p><strong>Abaixo as principais a\u00e7\u00f5es adotadas pela Seb:<\/strong><\/p>\n<p>A\u00e7\u00e3o 1 &#8211; Painel Nacional de Monitoramento da Educa\u00e7\u00e3o B\u00e1sica Brasileira;<\/p>\n<p>A\u00e7\u00e3o 2 &#8211; Programa de Inova\u00e7\u00e3o Educa\u00e7\u00e3o Conectada (PIEC);<\/p>\n<p>A\u00e7\u00e3o 3 &#8211; Projeto Norte Conectado;<\/p>\n<p>A\u00e7\u00e3o 4 &#8211; Forma\u00e7\u00e3o continuada de professores;<\/p>\n<p>A\u00e7\u00e3o 5 &#8211; Programa das Escolas C\u00edvico-Militares (PECIM);<\/p>\n<p>A\u00e7\u00e3o 6 &#8211; Guia de Implementa\u00e7\u00e3o de Protocolos de Retorno das Atividades Presenciais nas Escolas de Educa\u00e7\u00e3o B\u00e1sica;<\/p>\n<p>A\u00e7\u00e3o 7 &#8211; Programa Nacional de Alimenta\u00e7\u00e3o Escolar no Retorno Presencial \u00e0s Aulas Durante a Pandemia da Covid-19: educa\u00e7\u00e3o alimentar e nutricional, e seguran\u00e7a dos alimentos;<\/p>\n<p>A\u00e7\u00e3o 8 &#8211; PDDE Emergencial;<\/p>\n<p>A\u00e7\u00e3o 9 &#8211; Clique Escola;<\/p>\n<p>A\u00e7\u00e3o 10 &#8211; Programa Nacional do Livro e do Material Did\u00e1tico (PNLD);<\/p>\n<p>A\u00e7\u00e3o 11 &#8211; Documentos Normativos;<\/p>\n<p>A\u00e7\u00e3o 12 &#8211; Novo Ensino M\u00e9dio;<\/p>\n<p>A\u00e7\u00e3o 13 &#8211; Programa de Apoio \u00e0 Implementa\u00e7\u00e3o da Base Nacional Comum Curricular (ProBNCC);<\/p>\n<p>A\u00e7\u00e3o 14 &#8211; Programa de Inova\u00e7\u00e3o Educa\u00e7\u00e3o Conectada (PIEC);<\/p>\n<p>A\u00e7\u00e3o 15 \u2013 Capacita\u00e7\u00e3o e Apoio Pedag\u00f3gico;<\/p>\n<p>A\u00e7\u00e3o 16 &#8211; Forma\u00e7\u00e3o de Professores da Educa\u00e7\u00e3o B\u00e1sica;<\/p>\n<p>A\u00e7\u00e3o 17 &#8211; Curso de Aperfei\u00e7oamento de Preven\u00e7\u00e3o ao Suic\u00eddio e \u00e0 Autoles\u00e3o nas escolas; e<\/p>\n","protected":false},"excerpt":{"rendered":"<p>Segundo a Organiza\u00e7\u00e3o das Na\u00e7\u00f5es Unidas para a Educa\u00e7\u00e3o, a Ci\u00eancia e a Cultura (UNESCO), milh\u00f5es de estudantes est\u00e3o sem aulas com o fechamento total ou parcial de escolas e universidades em mais de 150 pa\u00edses devido \u00e0 pandemia da COVID-19.<\/p>\n","protected":false},"author":4,"featured_media":0,"comment_status":"closed","ping_status":"closed","sticky":false,"template":"","format":"standard","meta":{"footnotes":"","_links_to":"","_links_to_target":""},"categories":[9,10],"tags":[],"class_list":["post-13529","post","type-post","status-publish","format-standard","hentry","category-noticias-da-imprensa","category-pnld-programa-nacional-do-livro-e-do-material-didatico"],"yoast_head":"<!-- This site is optimized with the Yoast SEO plugin v15.1 - https:\/\/yoast.com\/wordpress\/plugins\/seo\/ -->\n<title>SEB apresenta a\u00e7\u00f5es para reduzir impacto negativo na educa\u00e7\u00e3o p\u00fablica durante a pandemia &raquo; Abrelivros<\/title>\n<meta name=\"robots\" content=\"index, follow, max-snippet:-1, max-image-preview:large, max-video-preview:-1\" \/>\n<link rel=\"canonical\" href=\"https:\/\/abrelivros.org.br\/site\/seb-apresenta-acoes-para-reduzir-impacto-negativo-na-educacao-publica-durante-a-pandemia\/\" \/>\n<meta property=\"og:locale\" content=\"pt_BR\" \/>\n<meta property=\"og:type\" content=\"article\" \/>\n<meta property=\"og:title\" content=\"SEB apresenta a\u00e7\u00f5es para reduzir impacto negativo na educa\u00e7\u00e3o p\u00fablica durante a pandemia &raquo; Abrelivros\" \/>\n<meta property=\"og:description\" content=\"Segundo a Organiza\u00e7\u00e3o das Na\u00e7\u00f5es Unidas para a Educa\u00e7\u00e3o, a Ci\u00eancia e a Cultura (UNESCO), milh\u00f5es de estudantes est\u00e3o sem aulas com o fechamento total ou parcial de escolas e universidades em mais de 150 pa\u00edses devido \u00e0 pandemia da COVID-19.\" \/>\n<meta property=\"og:url\" content=\"https:\/\/abrelivros.org.br\/site\/seb-apresenta-acoes-para-reduzir-impacto-negativo-na-educacao-publica-durante-a-pandemia\/\" \/>\n<meta property=\"og:site_name\" content=\"Abrelivros\" \/>\n<meta property=\"article:published_time\" content=\"2021-03-22T15:38:20+00:00\" \/>\n<meta name=\"twitter:card\" content=\"summary_large_image\" \/>\n<script type=\"application\/ld+json\" class=\"yoast-schema-graph\">{\"@context\":\"https:\/\/schema.org\",\"@graph\":[{\"@type\":\"WebSite\",\"@id\":\"https:\/\/abrelivros.org.br\/site\/#website\",\"url\":\"https:\/\/abrelivros.org.br\/site\/\",\"name\":\"Abrelivros\",\"description\":\"\",\"potentialAction\":[{\"@type\":\"SearchAction\",\"target\":\"https:\/\/abrelivros.org.br\/site\/?s={search_term_string}\",\"query-input\":\"required name=search_term_string\"}],\"inLanguage\":\"pt-BR\"},{\"@type\":\"WebPage\",\"@id\":\"https:\/\/abrelivros.org.br\/site\/seb-apresenta-acoes-para-reduzir-impacto-negativo-na-educacao-publica-durante-a-pandemia\/#webpage\",\"url\":\"https:\/\/abrelivros.org.br\/site\/seb-apresenta-acoes-para-reduzir-impacto-negativo-na-educacao-publica-durante-a-pandemia\/\",\"name\":\"SEB apresenta a\\u00e7\\u00f5es para reduzir impacto negativo na educa\\u00e7\\u00e3o p\\u00fablica durante a pandemia &raquo; Abrelivros\",\"isPartOf\":{\"@id\":\"https:\/\/abrelivros.org.br\/site\/#website\"},\"datePublished\":\"2021-03-22T15:38:20+00:00\",\"dateModified\":\"2021-03-22T15:38:20+00:00\",\"author\":{\"@id\":\"https:\/\/abrelivros.org.br\/site\/#\/schema\/person\/65db80e26409802ce15ac5feec6a15fd\"},\"breadcrumb\":{\"@id\":\"https:\/\/abrelivros.org.br\/site\/seb-apresenta-acoes-para-reduzir-impacto-negativo-na-educacao-publica-durante-a-pandemia\/#breadcrumb\"},\"inLanguage\":\"pt-BR\",\"potentialAction\":[{\"@type\":\"ReadAction\",\"target\":[\"https:\/\/abrelivros.org.br\/site\/seb-apresenta-acoes-para-reduzir-impacto-negativo-na-educacao-publica-durante-a-pandemia\/\"]}]},{\"@type\":\"BreadcrumbList\",\"@id\":\"https:\/\/abrelivros.org.br\/site\/seb-apresenta-acoes-para-reduzir-impacto-negativo-na-educacao-publica-durante-a-pandemia\/#breadcrumb\",\"itemListElement\":[{\"@type\":\"ListItem\",\"position\":1,\"item\":{\"@type\":\"WebPage\",\"@id\":\"https:\/\/abrelivros.org.br\/site\/\",\"url\":\"https:\/\/abrelivros.org.br\/site\/\",\"name\":\"In\\u00edcio\"}},{\"@type\":\"ListItem\",\"position\":2,\"item\":{\"@type\":\"WebPage\",\"@id\":\"https:\/\/abrelivros.org.br\/site\/category\/noticias\/\",\"url\":\"https:\/\/abrelivros.org.br\/site\/category\/noticias\/\",\"name\":\"Not\\u00edcias\"}},{\"@type\":\"ListItem\",\"position\":3,\"item\":{\"@type\":\"WebPage\",\"@id\":\"https:\/\/abrelivros.org.br\/site\/category\/noticias\/noticias-da-imprensa\/\",\"url\":\"https:\/\/abrelivros.org.br\/site\/category\/noticias\/noticias-da-imprensa\/\",\"name\":\"Not\\u00edcias da imprensa\"}},{\"@type\":\"ListItem\",\"position\":4,\"item\":{\"@type\":\"WebPage\",\"@id\":\"https:\/\/abrelivros.org.br\/site\/seb-apresenta-acoes-para-reduzir-impacto-negativo-na-educacao-publica-durante-a-pandemia\/\",\"url\":\"https:\/\/abrelivros.org.br\/site\/seb-apresenta-acoes-para-reduzir-impacto-negativo-na-educacao-publica-durante-a-pandemia\/\",\"name\":\"SEB apresenta a\\u00e7\\u00f5es para reduzir impacto negativo na educa\\u00e7\\u00e3o p\\u00fablica durante a pandemia\"}}]},{\"@type\":\"Person\",\"@id\":\"https:\/\/abrelivros.org.br\/site\/#\/schema\/person\/65db80e26409802ce15ac5feec6a15fd\",\"name\":\"Reda\\u00e7\\u00e3o Abrelivros\",\"image\":{\"@type\":\"ImageObject\",\"@id\":\"https:\/\/abrelivros.org.br\/site\/#personlogo\",\"inLanguage\":\"pt-BR\",\"url\":\"https:\/\/secure.gravatar.com\/avatar\/c4e57f9c7e3482965bd428192061218520756c39080b1d1820b679fa5e9af192?s=96&d=mm&r=g\",\"caption\":\"Reda\\u00e7\\u00e3o Abrelivros\"}}]}<\/script>\n<!-- \/ Yoast SEO plugin. -->","_links":{"self":[{"href":"https:\/\/abrelivros.org.br\/site\/wp-json\/wp\/v2\/posts\/13529","targetHints":{"allow":["GET"]}}],"collection":[{"href":"https:\/\/abrelivros.org.br\/site\/wp-json\/wp\/v2\/posts"}],"about":[{"href":"https:\/\/abrelivros.org.br\/site\/wp-json\/wp\/v2\/types\/post"}],"author":[{"embeddable":true,"href":"https:\/\/abrelivros.org.br\/site\/wp-json\/wp\/v2\/users\/4"}],"replies":[{"embeddable":true,"href":"https:\/\/abrelivros.org.br\/site\/wp-json\/wp\/v2\/comments?post=13529"}],"version-history":[{"count":1,"href":"https:\/\/abrelivros.org.br\/site\/wp-json\/wp\/v2\/posts\/13529\/revisions"}],"predecessor-version":[{"id":13530,"href":"https:\/\/abrelivros.org.br\/site\/wp-json\/wp\/v2\/posts\/13529\/revisions\/13530"}],"wp:attachment":[{"href":"https:\/\/abrelivros.org.br\/site\/wp-json\/wp\/v2\/media?parent=13529"}],"wp:term":[{"taxonomy":"category","embeddable":true,"href":"https:\/\/abrelivros.org.br\/site\/wp-json\/wp\/v2\/categories?post=13529"},{"taxonomy":"post_tag","embeddable":true,"href":"https:\/\/abrelivros.org.br\/site\/wp-json\/wp\/v2\/tags?post=13529"}],"curies":[{"name":"wp","href":"https:\/\/api.w.org\/{rel}","templated":true}]}}