{"id":13506,"date":"2021-03-19T13:14:08","date_gmt":"2021-03-19T16:14:08","guid":{"rendered":"https:\/\/abrelivros.org.br\/site\/?p=13506"},"modified":"2021-03-19T13:14:08","modified_gmt":"2021-03-19T16:14:08","slug":"vetado-projeto-que-dava-acesso-a-internet-a-alunos-e-professores-da-rede-publica","status":"publish","type":"post","link":"https:\/\/abrelivros.org.br\/site\/vetado-projeto-que-dava-acesso-a-internet-a-alunos-e-professores-da-rede-publica\/","title":{"rendered":"Vetado projeto que dava acesso \u00e0 internet a alunos e professores da rede p\u00fablica"},"content":{"rendered":"<p>O presidente da Rep\u00fablica, Jair Bolsonaro, vetou totalmente o projeto de lei (<a href=\"https:\/\/www25.senado.leg.br\/web\/atividade\/materias\/-\/materia\/146109\" target=\"_blank\" rel=\"noopener noreferrer\">PL 3.477\/2020<\/a>) que buscava garantir acesso \u00e0 internet, com fins educacionais, a alunos e professores da educa\u00e7\u00e3o b\u00e1sica p\u00fablica. Entre as raz\u00f5es do veto, o presidente afirma que a medida n\u00e3o apresentava estimativa do respectivo impacto or\u00e7ament\u00e1rio e financeiro.<!--more--> Os minist\u00e9rios da Economia e da Educa\u00e7\u00e3o destacaram que a proposta aumentaria a alta rigidez do or\u00e7amento, o que dificultaria o cumprimento da meta fiscal e da regra de ouro, prevista na Constitui\u00e7\u00e3o federal.<\/p>\n<p>O governo tamb\u00e9m afirma estar empregando esfor\u00e7os para aprimorar e ampliar programas espec\u00edficos para atender a demanda da sociedade por meio da contrata\u00e7\u00e3o de servi\u00e7os de acesso \u00e0 internet em banda larga nas escolas p\u00fablicas de educa\u00e7\u00e3o b\u00e1sica, como o Programa de Inova\u00e7\u00e3o Educa\u00e7\u00e3o Conectada (Piec), o Programa Banda Larga nas Escolas (PBLE) e o Programa Brasil de Aprendizagem, ainda em fase de elabora\u00e7\u00e3o.<\/p>\n<p>O veto ainda ser\u00e1 apreciado pelo Congresso em data a ser definida.<\/p>\n<p><strong>Proposta<\/strong><br \/>\nDe autoria da C\u00e2mara dos Deputados, o projeto foi <a href=\"https:\/\/www12.senado.leg.br\/noticias\/materias\/2021\/02\/24\/acesso-a-internet-para-alunos-e-professores-da-educacao-publica-vai-a-sancao\" target=\"_blank\" rel=\"noopener noreferrer\">aprovado pelo Senado em 24 de fevereiro<\/a>. Com relatoria do senador Alessandro Vieira (Cidadania-SE), a medida determinava repasse de R$ 3,5 bilh\u00f5es da Uni\u00e3o para estados, Distrito Federal e munic\u00edpios. A fonte de recursos para o programa seria o Fundo de Universaliza\u00e7\u00e3o dos Servi\u00e7os de Telecomunica\u00e7\u00f5es (Fust).<\/p>\n<p>De acordo com Alessandro, os recursos iriam assegurar a oferta mensal de 20 gigabytes de acesso \u00e0 internet para todos os professores do ensino fundamental e m\u00e9dio das redes estaduais e municipais. Al\u00e9m deles, seriam beneficiados os alunos da rede p\u00fablica do ensino fundamental e m\u00e9dio regulares pertencentes a fam\u00edlias vinculadas ao Cadastro \u00danico para Programas Sociais do Governo Federal (Cad\u00danico). Tamb\u00e9m seriam beneficiados os matriculados nas escolas das comunidades ind\u00edgenas e quilombolas.<\/p>\n<p>O texto estabelecia ainda um prazo de seis meses para o programa, tomando como refer\u00eancia o pre\u00e7o de R$ 0,62 por gigabyte.<\/p>\n<p>Ag\u00eancia Senado (Reprodu\u00e7\u00e3o autorizada mediante cita\u00e7\u00e3o da Ag\u00eancia Senado)<\/p>\n","protected":false},"excerpt":{"rendered":"<p>O presidente da Rep\u00fablica, Jair Bolsonaro, vetou totalmente o projeto de lei (PL 3.477\/2020) que buscava garantir acesso \u00e0 internet, com fins educacionais, a alunos e professores da educa\u00e7\u00e3o b\u00e1sica p\u00fablica. Entre as raz\u00f5es do veto, o presidente afirma que a medida n\u00e3o apresentava estimativa do respectivo impacto or\u00e7ament\u00e1rio e financeiro.<\/p>\n","protected":false},"author":4,"featured_media":0,"comment_status":"closed","ping_status":"closed","sticky":false,"template":"","format":"standard","meta":{"footnotes":"","_links_to":"","_links_to_target":""},"categories":[9],"tags":[],"class_list":["post-13506","post","type-post","status-publish","format-standard","hentry","category-noticias-da-imprensa"],"yoast_head":"<!-- This site is optimized with the Yoast SEO plugin v15.1 - https:\/\/yoast.com\/wordpress\/plugins\/seo\/ -->\n<title>Vetado projeto que dava acesso \u00e0 internet a alunos e professores da rede p\u00fablica &raquo; Abrelivros<\/title>\n<meta name=\"robots\" content=\"index, follow, max-snippet:-1, max-image-preview:large, max-video-preview:-1\" \/>\n<link rel=\"canonical\" href=\"https:\/\/abrelivros.org.br\/site\/vetado-projeto-que-dava-acesso-a-internet-a-alunos-e-professores-da-rede-publica\/\" \/>\n<meta property=\"og:locale\" content=\"pt_BR\" \/>\n<meta property=\"og:type\" content=\"article\" \/>\n<meta property=\"og:title\" content=\"Vetado projeto que dava acesso \u00e0 internet a alunos e professores da rede p\u00fablica &raquo; Abrelivros\" \/>\n<meta property=\"og:description\" content=\"O presidente da Rep\u00fablica, Jair Bolsonaro, vetou totalmente o projeto de lei (PL 3.477\/2020) que buscava garantir acesso \u00e0 internet, com fins educacionais, a alunos e professores da educa\u00e7\u00e3o b\u00e1sica p\u00fablica. Entre as raz\u00f5es do veto, o presidente afirma que a medida n\u00e3o apresentava estimativa do respectivo impacto or\u00e7ament\u00e1rio e financeiro.\" \/>\n<meta property=\"og:url\" content=\"https:\/\/abrelivros.org.br\/site\/vetado-projeto-que-dava-acesso-a-internet-a-alunos-e-professores-da-rede-publica\/\" \/>\n<meta property=\"og:site_name\" content=\"Abrelivros\" \/>\n<meta property=\"article:published_time\" content=\"2021-03-19T16:14:08+00:00\" \/>\n<meta name=\"twitter:card\" content=\"summary_large_image\" \/>\n<script type=\"application\/ld+json\" class=\"yoast-schema-graph\">{\"@context\":\"https:\/\/schema.org\",\"@graph\":[{\"@type\":\"WebSite\",\"@id\":\"https:\/\/abrelivros.org.br\/site\/#website\",\"url\":\"https:\/\/abrelivros.org.br\/site\/\",\"name\":\"Abrelivros\",\"description\":\"\",\"potentialAction\":[{\"@type\":\"SearchAction\",\"target\":\"https:\/\/abrelivros.org.br\/site\/?s={search_term_string}\",\"query-input\":\"required name=search_term_string\"}],\"inLanguage\":\"pt-BR\"},{\"@type\":\"WebPage\",\"@id\":\"https:\/\/abrelivros.org.br\/site\/vetado-projeto-que-dava-acesso-a-internet-a-alunos-e-professores-da-rede-publica\/#webpage\",\"url\":\"https:\/\/abrelivros.org.br\/site\/vetado-projeto-que-dava-acesso-a-internet-a-alunos-e-professores-da-rede-publica\/\",\"name\":\"Vetado projeto que dava acesso \\u00e0 internet a alunos e professores da rede p\\u00fablica &raquo; Abrelivros\",\"isPartOf\":{\"@id\":\"https:\/\/abrelivros.org.br\/site\/#website\"},\"datePublished\":\"2021-03-19T16:14:08+00:00\",\"dateModified\":\"2021-03-19T16:14:08+00:00\",\"author\":{\"@id\":\"https:\/\/abrelivros.org.br\/site\/#\/schema\/person\/65db80e26409802ce15ac5feec6a15fd\"},\"breadcrumb\":{\"@id\":\"https:\/\/abrelivros.org.br\/site\/vetado-projeto-que-dava-acesso-a-internet-a-alunos-e-professores-da-rede-publica\/#breadcrumb\"},\"inLanguage\":\"pt-BR\",\"potentialAction\":[{\"@type\":\"ReadAction\",\"target\":[\"https:\/\/abrelivros.org.br\/site\/vetado-projeto-que-dava-acesso-a-internet-a-alunos-e-professores-da-rede-publica\/\"]}]},{\"@type\":\"BreadcrumbList\",\"@id\":\"https:\/\/abrelivros.org.br\/site\/vetado-projeto-que-dava-acesso-a-internet-a-alunos-e-professores-da-rede-publica\/#breadcrumb\",\"itemListElement\":[{\"@type\":\"ListItem\",\"position\":1,\"item\":{\"@type\":\"WebPage\",\"@id\":\"https:\/\/abrelivros.org.br\/site\/\",\"url\":\"https:\/\/abrelivros.org.br\/site\/\",\"name\":\"In\\u00edcio\"}},{\"@type\":\"ListItem\",\"position\":2,\"item\":{\"@type\":\"WebPage\",\"@id\":\"https:\/\/abrelivros.org.br\/site\/category\/noticias\/\",\"url\":\"https:\/\/abrelivros.org.br\/site\/category\/noticias\/\",\"name\":\"Not\\u00edcias\"}},{\"@type\":\"ListItem\",\"position\":3,\"item\":{\"@type\":\"WebPage\",\"@id\":\"https:\/\/abrelivros.org.br\/site\/category\/noticias\/noticias-da-imprensa\/\",\"url\":\"https:\/\/abrelivros.org.br\/site\/category\/noticias\/noticias-da-imprensa\/\",\"name\":\"Not\\u00edcias da imprensa\"}},{\"@type\":\"ListItem\",\"position\":4,\"item\":{\"@type\":\"WebPage\",\"@id\":\"https:\/\/abrelivros.org.br\/site\/vetado-projeto-que-dava-acesso-a-internet-a-alunos-e-professores-da-rede-publica\/\",\"url\":\"https:\/\/abrelivros.org.br\/site\/vetado-projeto-que-dava-acesso-a-internet-a-alunos-e-professores-da-rede-publica\/\",\"name\":\"Vetado projeto que dava acesso \\u00e0 internet a alunos e professores da rede p\\u00fablica\"}}]},{\"@type\":\"Person\",\"@id\":\"https:\/\/abrelivros.org.br\/site\/#\/schema\/person\/65db80e26409802ce15ac5feec6a15fd\",\"name\":\"Reda\\u00e7\\u00e3o Abrelivros\",\"image\":{\"@type\":\"ImageObject\",\"@id\":\"https:\/\/abrelivros.org.br\/site\/#personlogo\",\"inLanguage\":\"pt-BR\",\"url\":\"https:\/\/secure.gravatar.com\/avatar\/c4e57f9c7e3482965bd428192061218520756c39080b1d1820b679fa5e9af192?s=96&d=mm&r=g\",\"caption\":\"Reda\\u00e7\\u00e3o Abrelivros\"}}]}<\/script>\n<!-- \/ Yoast SEO plugin. -->","_links":{"self":[{"href":"https:\/\/abrelivros.org.br\/site\/wp-json\/wp\/v2\/posts\/13506","targetHints":{"allow":["GET"]}}],"collection":[{"href":"https:\/\/abrelivros.org.br\/site\/wp-json\/wp\/v2\/posts"}],"about":[{"href":"https:\/\/abrelivros.org.br\/site\/wp-json\/wp\/v2\/types\/post"}],"author":[{"embeddable":true,"href":"https:\/\/abrelivros.org.br\/site\/wp-json\/wp\/v2\/users\/4"}],"replies":[{"embeddable":true,"href":"https:\/\/abrelivros.org.br\/site\/wp-json\/wp\/v2\/comments?post=13506"}],"version-history":[{"count":1,"href":"https:\/\/abrelivros.org.br\/site\/wp-json\/wp\/v2\/posts\/13506\/revisions"}],"predecessor-version":[{"id":13507,"href":"https:\/\/abrelivros.org.br\/site\/wp-json\/wp\/v2\/posts\/13506\/revisions\/13507"}],"wp:attachment":[{"href":"https:\/\/abrelivros.org.br\/site\/wp-json\/wp\/v2\/media?parent=13506"}],"wp:term":[{"taxonomy":"category","embeddable":true,"href":"https:\/\/abrelivros.org.br\/site\/wp-json\/wp\/v2\/categories?post=13506"},{"taxonomy":"post_tag","embeddable":true,"href":"https:\/\/abrelivros.org.br\/site\/wp-json\/wp\/v2\/tags?post=13506"}],"curies":[{"name":"wp","href":"https:\/\/api.w.org\/{rel}","templated":true}]}}