{"id":13503,"date":"2021-03-19T13:05:29","date_gmt":"2021-03-19T16:05:29","guid":{"rendered":"https:\/\/abrelivros.org.br\/site\/?p=13503"},"modified":"2021-03-19T13:16:19","modified_gmt":"2021-03-19T16:16:19","slug":"a-importancia-dos-pais-na-vida-escolar-dos-filhos","status":"publish","type":"post","link":"https:\/\/abrelivros.org.br\/site\/a-importancia-dos-pais-na-vida-escolar-dos-filhos\/","title":{"rendered":"A Import\u00e2ncia dos Pais na Vida Escolar dos Filhos"},"content":{"rendered":"<p>Dentre as vari\u00e1veis para equacionar uma educa\u00e7\u00e3o de boa qualidade, uma das mais relevantes \u00e9 a fam\u00edlia, ou seja, o acompanhamento dos pais e\/ou respons\u00e1vel(eis).<\/p>\n<p>Esta pandemia chegou, e o isolamento implicou em mudan\u00e7as tanto did\u00e1ticas quanto pedag\u00f3gicas por parte das escolas e tamb\u00e9m atitudinais por parte da fam\u00edlia, j\u00e1 que antes, como ressaltado no livro Escola n\u00e3o \u00e9 Dep\u00f3sito de Crian\u00e7as<!--more-->: A Import\u00e2ncia da Fam\u00edlia na Educa\u00e7\u00e3o dos Filhos, publicado pela Wak em 2012, muitas fam\u00edlias com seus filhos em escolas p\u00fablicas, ficavam totalmente omissas com suas obriga\u00e7\u00f5es.<\/p>\n<p>No livro ressalto que a fam\u00edlia tem a obriga\u00e7\u00e3o de auxiliar na educa\u00e7\u00e3o do educando, lembrando que ela \u00e9 a principal respons\u00e1vel pela educa\u00e7\u00e3o dos filhos e ela \u00e9 a base para a constru\u00e7\u00e3o do car\u00e1ter de seus filhos, bem como valores, \u00e9tica, calor emocional, sentimento de bem estar, respeito e pertencimento, sentimento este esquecido tanto pelos pais quanto pelos filhos.<\/p>\n<p>Muitos pais, eram omissos quanto a obriga\u00e7\u00e3o e tarefa em auxiliar seus filhos em rela\u00e7\u00e3o a esta educa\u00e7\u00e3o formal, e destes, a maioria sequer sabia o nome dos professores e tampouco o ano e\/ou turma.<\/p>\n<p>Eles faziam da escola um deposit\u00e1rio, e responsabilizava-a por tudo, e como agravante, estes pais sequer atendiam telefonemas ou compareciam a reuni\u00f5es para acompanharem os rendimentos de seus filhos e se sentiam no direito de agredir, f\u00edsica ou verbalmente professores que ousassem corrigir seus rebeldes rebentos, pois como \u00e9 ensinado erroneamente hoje claro, que escola \u00e9 uma extens\u00e3o da casa, tais alunos se sentiam no direito de fazerem o que bem entendesse, faltando inclusive com respeito a seus professores.<\/p>\n<p>Hoje, a situa\u00e7\u00e3o mudou. Alguns pais passaram a reconhecer a import\u00e2ncia do professor e percebeu a dificuldade que alguns `filhos` apresentam e qu\u00e3o \u00e9 trabalhoso para o professor, pois muitos lidam apenas com um filho, e o professor com 20 a 30 alunos, e dependendo de certas escolas, as classes costumam ter at\u00e9 mais alunos.<\/p>\n<p>Vale lembrar que s\u00e3o turmas heterog\u00eaneas, ou seja, lida com alunos de inclus\u00e3o valorizando assim as diversidades, o que exige um pouco mais deste her\u00f3i chamado professor.<\/p>\n<p>\u00c9 ressaltado no livro supracitado que todo educador sabe que o apoio da fam\u00edlia \u00e9 crucial no desempenho escolar de seu filho, e com base nisso, \u00e9 esclarecido no Estatuto da Crian\u00e7a e do Adolescente, no Art. 4\u00b0, que a responsabilidade em cuidar e educar os filhos \u00e9 da fam\u00edlia. Deflui ainda neste Estatuto no Art. 129, Inciso V, que<\/p>\n<p>` Os pais, al\u00e9m da matr\u00edcula, t\u00eam o dever de acompanhar a frequ\u00eancia e o aproveitamento escolar do filho [&#8230;] garantir a perman\u00eancia, bem como observar e participar da evolu\u00e7\u00e3o escolar da crian\u00e7a ou adolescente, avaliando seus progressos individuais e estimulando-os para que o estudo seja-lhes rendoso`.<\/p>\n<p>Existe um projeto parado no Senado Federal em que obriga a participa\u00e7\u00e3o dos pais na vida escolar de seu filho. Tal projeto ressalta que os pais ter\u00e3o que comparecer a pelo menos, 4 reuni\u00f5es por ano na escola do filho e caso n\u00e3o ocorra, os mesmos: ficar\u00e3o impedidos de prestar concurso p\u00fablico; n\u00e3o poder\u00e3o receber remunera\u00e7\u00e3o de emprego p\u00fablico; n\u00e3o poder\u00e3o fazer empr\u00e9stimos em bancos estatais e n\u00e3o poder\u00e3o tirar passaportes.<\/p>\n<p>Trata-se ainda de um projeto que est\u00e1 em discuss\u00e3o, mas precisamos ser otimistas para que tal projeto seja analisado e acrescentado outras melhoras para que os pais n\u00e3o sejam mais omissos e tampouco levianos com a educa\u00e7\u00e3o de seus filhos.<\/p>\n<p>Dito isso, que a parceria entre escola e fam\u00edlia saia refor\u00e7ada neste isolamento, que apesar da situa\u00e7\u00e3o, trouxe um ponto favor\u00e1vel para que os filhos voltassem a se sentir amados e queridos por seus familiares, j\u00e1 que uma escola, por melhores profissionais e infraestrutura que venha a ter, ela nunca suprir\u00e1 a car\u00eancia que uma crian\u00e7a sente quando tem uma fam\u00edlia ausente, o que \u00e9 corroborado no livro Gest\u00e3o Afetiva: Sistema Educacional e Propostas Gerenciais onde ressalto que os professores sabem que jamais ir\u00e3o preencher o espa\u00e7o deixado pela fam\u00edlia de seus alunos, e dessa forma, faz-se necess\u00e1rio uma parceria entre educadores e fam\u00edlia, para que cada um preencha o seu espa\u00e7o na vida do educando.<\/p>\n<p>&nbsp;<\/p>\n","protected":false},"excerpt":{"rendered":"<p>Dentre as vari\u00e1veis para equacionar uma educa\u00e7\u00e3o de boa qualidade, uma das mais relevantes \u00e9 a fam\u00edlia, ou seja, o acompanhamento dos pais e\/ou respons\u00e1vel(eis). Esta pandemia chegou, e o isolamento implicou em mudan\u00e7as tanto did\u00e1ticas quanto pedag\u00f3gicas por parte das escolas e tamb\u00e9m atitudinais por parte da fam\u00edlia, j\u00e1 que antes, como ressaltado no [&hellip;]<\/p>\n","protected":false},"author":4,"featured_media":0,"comment_status":"closed","ping_status":"closed","sticky":false,"template":"","format":"standard","meta":{"footnotes":"","_links_to":"","_links_to_target":""},"categories":[9],"tags":[],"class_list":["post-13503","post","type-post","status-publish","format-standard","hentry","category-noticias-da-imprensa"],"yoast_head":"<!-- This site is optimized with the Yoast SEO plugin v15.1 - https:\/\/yoast.com\/wordpress\/plugins\/seo\/ -->\n<title>A Import\u00e2ncia dos Pais na Vida Escolar dos Filhos &raquo; Abrelivros<\/title>\n<meta name=\"robots\" content=\"index, follow, max-snippet:-1, max-image-preview:large, max-video-preview:-1\" \/>\n<link rel=\"canonical\" href=\"https:\/\/abrelivros.org.br\/site\/a-importancia-dos-pais-na-vida-escolar-dos-filhos\/\" \/>\n<meta property=\"og:locale\" content=\"pt_BR\" \/>\n<meta property=\"og:type\" content=\"article\" \/>\n<meta property=\"og:title\" content=\"A Import\u00e2ncia dos Pais na Vida Escolar dos Filhos &raquo; Abrelivros\" \/>\n<meta property=\"og:description\" content=\"Dentre as vari\u00e1veis para equacionar uma educa\u00e7\u00e3o de boa qualidade, uma das mais relevantes \u00e9 a fam\u00edlia, ou seja, o acompanhamento dos pais e\/ou respons\u00e1vel(eis). Esta pandemia chegou, e o isolamento implicou em mudan\u00e7as tanto did\u00e1ticas quanto pedag\u00f3gicas por parte das escolas e tamb\u00e9m atitudinais por parte da fam\u00edlia, j\u00e1 que antes, como ressaltado no [&hellip;]\" \/>\n<meta property=\"og:url\" content=\"https:\/\/abrelivros.org.br\/site\/a-importancia-dos-pais-na-vida-escolar-dos-filhos\/\" \/>\n<meta property=\"og:site_name\" content=\"Abrelivros\" \/>\n<meta property=\"article:published_time\" content=\"2021-03-19T16:05:29+00:00\" \/>\n<meta property=\"article:modified_time\" content=\"2021-03-19T16:16:19+00:00\" \/>\n<meta name=\"twitter:card\" content=\"summary_large_image\" \/>\n<script type=\"application\/ld+json\" class=\"yoast-schema-graph\">{\"@context\":\"https:\/\/schema.org\",\"@graph\":[{\"@type\":\"WebSite\",\"@id\":\"https:\/\/abrelivros.org.br\/site\/#website\",\"url\":\"https:\/\/abrelivros.org.br\/site\/\",\"name\":\"Abrelivros\",\"description\":\"\",\"potentialAction\":[{\"@type\":\"SearchAction\",\"target\":\"https:\/\/abrelivros.org.br\/site\/?s={search_term_string}\",\"query-input\":\"required name=search_term_string\"}],\"inLanguage\":\"pt-BR\"},{\"@type\":\"WebPage\",\"@id\":\"https:\/\/abrelivros.org.br\/site\/a-importancia-dos-pais-na-vida-escolar-dos-filhos\/#webpage\",\"url\":\"https:\/\/abrelivros.org.br\/site\/a-importancia-dos-pais-na-vida-escolar-dos-filhos\/\",\"name\":\"A Import\\u00e2ncia dos Pais na Vida Escolar dos Filhos &raquo; Abrelivros\",\"isPartOf\":{\"@id\":\"https:\/\/abrelivros.org.br\/site\/#website\"},\"datePublished\":\"2021-03-19T16:05:29+00:00\",\"dateModified\":\"2021-03-19T16:16:19+00:00\",\"author\":{\"@id\":\"https:\/\/abrelivros.org.br\/site\/#\/schema\/person\/65db80e26409802ce15ac5feec6a15fd\"},\"breadcrumb\":{\"@id\":\"https:\/\/abrelivros.org.br\/site\/a-importancia-dos-pais-na-vida-escolar-dos-filhos\/#breadcrumb\"},\"inLanguage\":\"pt-BR\",\"potentialAction\":[{\"@type\":\"ReadAction\",\"target\":[\"https:\/\/abrelivros.org.br\/site\/a-importancia-dos-pais-na-vida-escolar-dos-filhos\/\"]}]},{\"@type\":\"BreadcrumbList\",\"@id\":\"https:\/\/abrelivros.org.br\/site\/a-importancia-dos-pais-na-vida-escolar-dos-filhos\/#breadcrumb\",\"itemListElement\":[{\"@type\":\"ListItem\",\"position\":1,\"item\":{\"@type\":\"WebPage\",\"@id\":\"https:\/\/abrelivros.org.br\/site\/\",\"url\":\"https:\/\/abrelivros.org.br\/site\/\",\"name\":\"In\\u00edcio\"}},{\"@type\":\"ListItem\",\"position\":2,\"item\":{\"@type\":\"WebPage\",\"@id\":\"https:\/\/abrelivros.org.br\/site\/category\/noticias\/\",\"url\":\"https:\/\/abrelivros.org.br\/site\/category\/noticias\/\",\"name\":\"Not\\u00edcias\"}},{\"@type\":\"ListItem\",\"position\":3,\"item\":{\"@type\":\"WebPage\",\"@id\":\"https:\/\/abrelivros.org.br\/site\/category\/noticias\/noticias-da-imprensa\/\",\"url\":\"https:\/\/abrelivros.org.br\/site\/category\/noticias\/noticias-da-imprensa\/\",\"name\":\"Not\\u00edcias da imprensa\"}},{\"@type\":\"ListItem\",\"position\":4,\"item\":{\"@type\":\"WebPage\",\"@id\":\"https:\/\/abrelivros.org.br\/site\/a-importancia-dos-pais-na-vida-escolar-dos-filhos\/\",\"url\":\"https:\/\/abrelivros.org.br\/site\/a-importancia-dos-pais-na-vida-escolar-dos-filhos\/\",\"name\":\"A Import\\u00e2ncia dos Pais na Vida Escolar dos Filhos\"}}]},{\"@type\":\"Person\",\"@id\":\"https:\/\/abrelivros.org.br\/site\/#\/schema\/person\/65db80e26409802ce15ac5feec6a15fd\",\"name\":\"Reda\\u00e7\\u00e3o Abrelivros\",\"image\":{\"@type\":\"ImageObject\",\"@id\":\"https:\/\/abrelivros.org.br\/site\/#personlogo\",\"inLanguage\":\"pt-BR\",\"url\":\"https:\/\/secure.gravatar.com\/avatar\/c4e57f9c7e3482965bd428192061218520756c39080b1d1820b679fa5e9af192?s=96&d=mm&r=g\",\"caption\":\"Reda\\u00e7\\u00e3o Abrelivros\"}}]}<\/script>\n<!-- \/ Yoast SEO plugin. -->","_links":{"self":[{"href":"https:\/\/abrelivros.org.br\/site\/wp-json\/wp\/v2\/posts\/13503","targetHints":{"allow":["GET"]}}],"collection":[{"href":"https:\/\/abrelivros.org.br\/site\/wp-json\/wp\/v2\/posts"}],"about":[{"href":"https:\/\/abrelivros.org.br\/site\/wp-json\/wp\/v2\/types\/post"}],"author":[{"embeddable":true,"href":"https:\/\/abrelivros.org.br\/site\/wp-json\/wp\/v2\/users\/4"}],"replies":[{"embeddable":true,"href":"https:\/\/abrelivros.org.br\/site\/wp-json\/wp\/v2\/comments?post=13503"}],"version-history":[{"count":2,"href":"https:\/\/abrelivros.org.br\/site\/wp-json\/wp\/v2\/posts\/13503\/revisions"}],"predecessor-version":[{"id":13508,"href":"https:\/\/abrelivros.org.br\/site\/wp-json\/wp\/v2\/posts\/13503\/revisions\/13508"}],"wp:attachment":[{"href":"https:\/\/abrelivros.org.br\/site\/wp-json\/wp\/v2\/media?parent=13503"}],"wp:term":[{"taxonomy":"category","embeddable":true,"href":"https:\/\/abrelivros.org.br\/site\/wp-json\/wp\/v2\/categories?post=13503"},{"taxonomy":"post_tag","embeddable":true,"href":"https:\/\/abrelivros.org.br\/site\/wp-json\/wp\/v2\/tags?post=13503"}],"curies":[{"name":"wp","href":"https:\/\/api.w.org\/{rel}","templated":true}]}}