{"id":13501,"date":"2021-03-19T13:04:01","date_gmt":"2021-03-19T16:04:01","guid":{"rendered":"https:\/\/abrelivros.org.br\/site\/?p=13501"},"modified":"2021-03-19T13:04:01","modified_gmt":"2021-03-19T16:04:01","slug":"projeto-internacional-busca-acoes-inovadoras-para-formacao-de-professores","status":"publish","type":"post","link":"https:\/\/abrelivros.org.br\/site\/projeto-internacional-busca-acoes-inovadoras-para-formacao-de-professores\/","title":{"rendered":"Projeto internacional busca a\u00e7\u00f5es inovadoras para forma\u00e7\u00e3o de professores"},"content":{"rendered":"<p>Uma parceria do Banco Mundial e da plataforma finlandesa HundrED lan\u00e7a uma chamada para identificar e compartilhar inova\u00e7\u00f5es em programas ou solu\u00e7\u00f5es baseadas em tecnologia para melhorar forma\u00e7\u00e3o de professores ao redor do mundo. As inscri\u00e7\u00f5es est\u00e3o abertas at\u00e9 o dia 20 de mar\u00e7o.<!--more--><\/p>\n<p>Denominada \u201cProfessores para um mundo em mudan\u00e7a: Transformar o DesenvolvimentoProfissional dos Professores\u201d, a iniciativa \u00e9 especialmente relevante por conta das dificuldades impostas \u00e0 educa\u00e7\u00e3o pela pandemia de Covid-19 e tamb\u00e9m por conta de situa\u00e7\u00f5es em que a mobilidade \u00e9 afetada pela fragilidade, conflitos e\/ou viol\u00eancia.<\/p>\n<p>Em diferentes partes do mundo j\u00e1 existem plataformas, software e recursos de baixa tecnologia t\u00eam o potencial de oferecer solu\u00e7\u00f5es escal\u00e1veis (em n\u00edvel nacional ou regional) com a capacidade de beneficiar e envolver um grande n\u00famero de professores, remotamente ou presencialmente. O projeto Banco Mundial e da HundrED busca destacar tais a\u00e7\u00f5es.<\/p>\n<p>Entre os crit\u00e9rios exigidos est\u00e3o o foco em beneficiar professores ou l\u00edderes pedag\u00f3gicos, a possibilidade de aplica\u00e7\u00e3o em paises pobres ou em desenvolvimento, demonstrar potencial de escala nos mais diversos contextos e j\u00e1 ter sido implementada pelo menos duas vezes, desde 2015, em n\u00edvel regional ou nacional. A chamada exige ainda que o programa ou solu\u00e7\u00e3o tenha como p\u00fablico-alvo a educa\u00e7\u00e3o b\u00e1sica e que necessite de baixa conectividade.<\/p>\n<p>Os projetos selecionados v\u00e3o ser divulgados em v\u00eddeos e tamb\u00e9m estar presentes em um relat\u00f3rio distribu\u00eddo em diferentes pa\u00edses no segundo semestre de 2021. Al\u00e9m disso, ter\u00e3o espa\u00e7o no site do Banco Mundial e ainda ter\u00e3o a chance de integrar comunidade HundrED, que tem participantes do ecossistema de educa\u00e7\u00e3o em mais de 100 pa\u00edses.<\/p>\n<p>Os esfor\u00e7os tamb\u00e9m incluem apresenta\u00e7\u00f5es a l\u00edderes educacionais e tomadores de decis\u00e3o em reuni\u00f5es e eventos online.<\/p>\n","protected":false},"excerpt":{"rendered":"<p>Uma parceria do Banco Mundial e da plataforma finlandesa HundrED lan\u00e7a uma chamada para identificar e compartilhar inova\u00e7\u00f5es em programas ou solu\u00e7\u00f5es baseadas em tecnologia para melhorar forma\u00e7\u00e3o de professores ao redor do mundo. As inscri\u00e7\u00f5es est\u00e3o abertas at\u00e9 o dia 20 de mar\u00e7o.<\/p>\n","protected":false},"author":4,"featured_media":0,"comment_status":"closed","ping_status":"closed","sticky":false,"template":"","format":"standard","meta":{"footnotes":"","_links_to":"","_links_to_target":""},"categories":[9],"tags":[],"class_list":["post-13501","post","type-post","status-publish","format-standard","hentry","category-noticias-da-imprensa"],"yoast_head":"<!-- This site is optimized with the Yoast SEO plugin v15.1 - https:\/\/yoast.com\/wordpress\/plugins\/seo\/ -->\n<title>Projeto internacional busca a\u00e7\u00f5es inovadoras para forma\u00e7\u00e3o de professores &raquo; Abrelivros<\/title>\n<meta name=\"robots\" content=\"index, follow, max-snippet:-1, max-image-preview:large, max-video-preview:-1\" \/>\n<link rel=\"canonical\" href=\"https:\/\/abrelivros.org.br\/site\/projeto-internacional-busca-acoes-inovadoras-para-formacao-de-professores\/\" \/>\n<meta property=\"og:locale\" content=\"pt_BR\" \/>\n<meta property=\"og:type\" content=\"article\" \/>\n<meta property=\"og:title\" content=\"Projeto internacional busca a\u00e7\u00f5es inovadoras para forma\u00e7\u00e3o de professores &raquo; Abrelivros\" \/>\n<meta property=\"og:description\" content=\"Uma parceria do Banco Mundial e da plataforma finlandesa HundrED lan\u00e7a uma chamada para identificar e compartilhar inova\u00e7\u00f5es em programas ou solu\u00e7\u00f5es baseadas em tecnologia para melhorar forma\u00e7\u00e3o de professores ao redor do mundo. As inscri\u00e7\u00f5es est\u00e3o abertas at\u00e9 o dia 20 de mar\u00e7o.\" \/>\n<meta property=\"og:url\" content=\"https:\/\/abrelivros.org.br\/site\/projeto-internacional-busca-acoes-inovadoras-para-formacao-de-professores\/\" \/>\n<meta property=\"og:site_name\" content=\"Abrelivros\" \/>\n<meta property=\"article:published_time\" content=\"2021-03-19T16:04:01+00:00\" \/>\n<meta name=\"twitter:card\" content=\"summary_large_image\" \/>\n<script type=\"application\/ld+json\" class=\"yoast-schema-graph\">{\"@context\":\"https:\/\/schema.org\",\"@graph\":[{\"@type\":\"WebSite\",\"@id\":\"https:\/\/abrelivros.org.br\/site\/#website\",\"url\":\"https:\/\/abrelivros.org.br\/site\/\",\"name\":\"Abrelivros\",\"description\":\"\",\"potentialAction\":[{\"@type\":\"SearchAction\",\"target\":\"https:\/\/abrelivros.org.br\/site\/?s={search_term_string}\",\"query-input\":\"required name=search_term_string\"}],\"inLanguage\":\"pt-BR\"},{\"@type\":\"WebPage\",\"@id\":\"https:\/\/abrelivros.org.br\/site\/projeto-internacional-busca-acoes-inovadoras-para-formacao-de-professores\/#webpage\",\"url\":\"https:\/\/abrelivros.org.br\/site\/projeto-internacional-busca-acoes-inovadoras-para-formacao-de-professores\/\",\"name\":\"Projeto internacional busca a\\u00e7\\u00f5es inovadoras para forma\\u00e7\\u00e3o de professores &raquo; Abrelivros\",\"isPartOf\":{\"@id\":\"https:\/\/abrelivros.org.br\/site\/#website\"},\"datePublished\":\"2021-03-19T16:04:01+00:00\",\"dateModified\":\"2021-03-19T16:04:01+00:00\",\"author\":{\"@id\":\"https:\/\/abrelivros.org.br\/site\/#\/schema\/person\/65db80e26409802ce15ac5feec6a15fd\"},\"breadcrumb\":{\"@id\":\"https:\/\/abrelivros.org.br\/site\/projeto-internacional-busca-acoes-inovadoras-para-formacao-de-professores\/#breadcrumb\"},\"inLanguage\":\"pt-BR\",\"potentialAction\":[{\"@type\":\"ReadAction\",\"target\":[\"https:\/\/abrelivros.org.br\/site\/projeto-internacional-busca-acoes-inovadoras-para-formacao-de-professores\/\"]}]},{\"@type\":\"BreadcrumbList\",\"@id\":\"https:\/\/abrelivros.org.br\/site\/projeto-internacional-busca-acoes-inovadoras-para-formacao-de-professores\/#breadcrumb\",\"itemListElement\":[{\"@type\":\"ListItem\",\"position\":1,\"item\":{\"@type\":\"WebPage\",\"@id\":\"https:\/\/abrelivros.org.br\/site\/\",\"url\":\"https:\/\/abrelivros.org.br\/site\/\",\"name\":\"In\\u00edcio\"}},{\"@type\":\"ListItem\",\"position\":2,\"item\":{\"@type\":\"WebPage\",\"@id\":\"https:\/\/abrelivros.org.br\/site\/category\/noticias\/\",\"url\":\"https:\/\/abrelivros.org.br\/site\/category\/noticias\/\",\"name\":\"Not\\u00edcias\"}},{\"@type\":\"ListItem\",\"position\":3,\"item\":{\"@type\":\"WebPage\",\"@id\":\"https:\/\/abrelivros.org.br\/site\/category\/noticias\/noticias-da-imprensa\/\",\"url\":\"https:\/\/abrelivros.org.br\/site\/category\/noticias\/noticias-da-imprensa\/\",\"name\":\"Not\\u00edcias da imprensa\"}},{\"@type\":\"ListItem\",\"position\":4,\"item\":{\"@type\":\"WebPage\",\"@id\":\"https:\/\/abrelivros.org.br\/site\/projeto-internacional-busca-acoes-inovadoras-para-formacao-de-professores\/\",\"url\":\"https:\/\/abrelivros.org.br\/site\/projeto-internacional-busca-acoes-inovadoras-para-formacao-de-professores\/\",\"name\":\"Projeto internacional busca a\\u00e7\\u00f5es inovadoras para forma\\u00e7\\u00e3o de professores\"}}]},{\"@type\":\"Person\",\"@id\":\"https:\/\/abrelivros.org.br\/site\/#\/schema\/person\/65db80e26409802ce15ac5feec6a15fd\",\"name\":\"Reda\\u00e7\\u00e3o Abrelivros\",\"image\":{\"@type\":\"ImageObject\",\"@id\":\"https:\/\/abrelivros.org.br\/site\/#personlogo\",\"inLanguage\":\"pt-BR\",\"url\":\"https:\/\/secure.gravatar.com\/avatar\/c4e57f9c7e3482965bd428192061218520756c39080b1d1820b679fa5e9af192?s=96&d=mm&r=g\",\"caption\":\"Reda\\u00e7\\u00e3o Abrelivros\"}}]}<\/script>\n<!-- \/ Yoast SEO plugin. -->","_links":{"self":[{"href":"https:\/\/abrelivros.org.br\/site\/wp-json\/wp\/v2\/posts\/13501","targetHints":{"allow":["GET"]}}],"collection":[{"href":"https:\/\/abrelivros.org.br\/site\/wp-json\/wp\/v2\/posts"}],"about":[{"href":"https:\/\/abrelivros.org.br\/site\/wp-json\/wp\/v2\/types\/post"}],"author":[{"embeddable":true,"href":"https:\/\/abrelivros.org.br\/site\/wp-json\/wp\/v2\/users\/4"}],"replies":[{"embeddable":true,"href":"https:\/\/abrelivros.org.br\/site\/wp-json\/wp\/v2\/comments?post=13501"}],"version-history":[{"count":1,"href":"https:\/\/abrelivros.org.br\/site\/wp-json\/wp\/v2\/posts\/13501\/revisions"}],"predecessor-version":[{"id":13502,"href":"https:\/\/abrelivros.org.br\/site\/wp-json\/wp\/v2\/posts\/13501\/revisions\/13502"}],"wp:attachment":[{"href":"https:\/\/abrelivros.org.br\/site\/wp-json\/wp\/v2\/media?parent=13501"}],"wp:term":[{"taxonomy":"category","embeddable":true,"href":"https:\/\/abrelivros.org.br\/site\/wp-json\/wp\/v2\/categories?post=13501"},{"taxonomy":"post_tag","embeddable":true,"href":"https:\/\/abrelivros.org.br\/site\/wp-json\/wp\/v2\/tags?post=13501"}],"curies":[{"name":"wp","href":"https:\/\/api.w.org\/{rel}","templated":true}]}}