{"id":13489,"date":"2021-03-18T15:34:00","date_gmt":"2021-03-18T18:34:00","guid":{"rendered":"https:\/\/abrelivros.org.br\/site\/?p=13489"},"modified":"2021-03-18T15:34:00","modified_gmt":"2021-03-18T18:34:00","slug":"editores-se-unem-contra-pressao-da-amazon-por-mais-descontos","status":"publish","type":"post","link":"https:\/\/abrelivros.org.br\/site\/editores-se-unem-contra-pressao-da-amazon-por-mais-descontos\/","title":{"rendered":"Editores se unem contra press\u00e3o da Amazon por mais descontos"},"content":{"rendered":"<p>Na \u00faltima semana, fornecedores da Amazon receberam uma carta <a href=\"https:\/\/www.publishnews.com.br\/materias\/2021\/03\/16\/amazon-arrocha-editoras-e-pede-mais-descontos-na-compra-de-livros\" target=\"_blank\" rel=\"noopener noreferrer\">propondo um novo acordo<\/a> para descontos sobre o pre\u00e7o de capa de livros. Para as editoras que vinham praticando descontos inferiores a 55%, a varejista prop\u00f4s descontos que variam de 55% a 58% mais 5% de \u201cplano de marketing\u201d.<!--more--><br \/>\nNesta quarta, <a href=\"https:\/\/www.publishnews.com.br\/materias\/2021\/03\/17\/bibliodiversidade-x-distribuicao\" target=\"_blank\" rel=\"noopener noreferrer\">Tomaz Adour<\/a>, presidente da Libre publicou um artigo no qual defendeu que as editoras digam n\u00e3o \u00e0 proposta da Amazon e hoje, o grupo Juntos pelo Livro, que re\u00fane mais de 120 editoras, divulgou uma carta de resposta \u00e0 varejista com o intuito de expor a inviabilidade de aceitar a eleva\u00e7\u00e3o dos descontos.<\/p>\n<p>No documento o grupo considera as propostas da Amazon \u201cimposs\u00edveis de atender\u201d e ressalta que \u201cas condi\u00e7\u00f5es solicitadas est\u00e3o muito al\u00e9m das possibilidades\u201d. O grupo destaca ainda a inaugura\u00e7\u00e3o dos novos centros de distribui\u00e7\u00e3o da Amazon. Se por um lado o movimento agilizou e ampliou o trabalho da varejista, por outro onerou ainda mais as editoras \u201cuma vez que agora gastam significativamente mais com log\u00edstica, em vez de concentrarem as entregas em um \u00fanico local\u201d. O documento termina refor\u00e7ando que \u00e9 poss\u00edvel manter a opera\u00e7\u00e3o com a Amazon sadia por meio de a\u00e7\u00f5es criativas e discutidas com o mercado editorial e pede que o aumento no desconto n\u00e3o seja levado em conta.<\/p>\n<p>No fechamento desta edi\u00e7\u00e3o, a carta j\u00e1 tinha sido assinada pelas seguintes editoras: Alameda, Aletria, Alfabeto, Ali\u00e1s, Armaz\u00e9m da Cultura, Arquip\u00e9lago, Arte Impressa, Associa\u00e7\u00e3o Quatro Cinco Um, Autonomia Liter\u00e1ria, Bamboozinho, Bandeirola, Bazar do Tempo, Belas Letras, BesouroBox, Boitat\u00e1, Boitempo, Carochinha, Cartola, Catapulta, Claraboia, Cobog\u00f3, Concordia, Contraponto, Cortez, Crivo, (Editora de) Cultura, Dita Livros, Draco, Dublinense, Duna Dueto, DVS, Edelbra, Edi\u00e7\u00f5es Pinakotheke, EIS, Elementar, \u00c9 Realiza\u00e7\u00f5es, Estrela Cultural, Est\u00fadio \u00c1gua, \u00c9vora, Fabbrica de Ideias, Filosofia, Folia de Letras, Francesinha, Gera\u00e7\u00e3o, GG, Gryphus, Gulliver, Impress\u00f5es de Minas, Instante, Intel\u00edtera, InterVidas, Jaguatirica, Janda\u00edra, Jardim dos Livros, Jujuba, Libretos, Kinoruss Edic\u00f5es e Cultura, Kitembo, Laboralivros, L\u00ea, Lendari, Letramento, Livros da Matriz, Luas, L\u00facida Letra, Luz da Serra, Matrix, Mauad, Mazza Edi\u00e7\u00f5es, Mem\u00f3ria Visual, Meridional\/Sulina, Moinhos, Metamorfose, Monomito, MRN, Mundar\u00e9u, NegaLilu, N\u00f3s, Nova Alexandria, Numa, Olhares, P\u00e1ginas, Pallas, Palavras, PanaPan\u00e1, Panda Books, Par\u00e1bola Editorial, Piu, Promobook, Raphus Press, Relic\u00e1rio, Semente Editorial, Senac, Solisluna, Sopa, Sunderman, Sur, Telos, Terceiro Nome, Tomo Editorial, Troia, Ubu, Uni Duni, Valentina, Viajante do Tempo, Volta e Meia, Vermelho Marinho, W4, Zouk.<\/p>\n<p>Confira a \u00edntegra do documento.<\/p>\n<p>A maioria dos editores do Grupo de Editores Juntos pelo Livro recebeu propostas da Amazon de aumentos de descontos sobre os pre\u00e7os de capa, os quais consideramos imposs\u00edveis de atender.<\/p>\n<p>A Amazon tem sido uma parceira importante para fomentar a venda de livros no Brasil, com um significativo crescimento nos neg\u00f3cios de todas as editoras. Como membros do Grupo de Editores Juntos pelo Livro, no entanto, ressaltamos que as condi\u00e7\u00f5es solicitadas est\u00e3o muito al\u00e9m das nossas possibilidades. Quando negociamos o desconto sobre o pre\u00e7o de capa, na chegada da empresa ao nosso pa\u00eds, o fizemos de maneira transparente e imagin\u00e1vamos que o percentual estabelecido fosse o teto, salvo em algumas negocia\u00e7\u00f5es espec\u00edficas.<\/p>\n<p>Al\u00e9m disso, \u00e9 importante destacar tamb\u00e9m que a inaugura\u00e7\u00e3o dos novos centros de distribui\u00e7\u00e3o, se por um lado agilizou e ampliou o trabalho da Amazon, por outro onerou ainda mais as editoras, uma vez que agora gastam significativamente mais com log\u00edstica, em vez de concentrarem as entregas em um \u00fanico local.<\/p>\n<p>Estamos certos de que \u00e9 poss\u00edvel manter a opera\u00e7\u00e3o com a Amazon cada vez mais sadia por meio de a\u00e7\u00f5es criativas e discutidas com o mercado editorial, mas que n\u00e3o levem em conta o aumento de desconto, que j\u00e1 \u00e9 superior \u00e0queles praticados em outros mercados importantes<\/p>\n","protected":false},"excerpt":{"rendered":"<p>Na \u00faltima semana, fornecedores da Amazon receberam uma carta propondo um novo acordo para descontos sobre o pre\u00e7o de capa de livros. Para as editoras que vinham praticando descontos inferiores a 55%, a varejista prop\u00f4s descontos que variam de 55% a 58% mais 5% de \u201cplano de marketing\u201d.<\/p>\n","protected":false},"author":4,"featured_media":0,"comment_status":"closed","ping_status":"closed","sticky":false,"template":"","format":"standard","meta":{"footnotes":"","_links_to":"","_links_to_target":""},"categories":[9],"tags":[],"class_list":["post-13489","post","type-post","status-publish","format-standard","hentry","category-noticias-da-imprensa"],"yoast_head":"<!-- This site is optimized with the Yoast SEO plugin v15.1 - https:\/\/yoast.com\/wordpress\/plugins\/seo\/ -->\n<title>Editores se unem contra press\u00e3o da Amazon por mais descontos &raquo; Abrelivros<\/title>\n<meta name=\"robots\" content=\"index, follow, max-snippet:-1, max-image-preview:large, max-video-preview:-1\" \/>\n<link rel=\"canonical\" href=\"https:\/\/abrelivros.org.br\/site\/editores-se-unem-contra-pressao-da-amazon-por-mais-descontos\/\" \/>\n<meta property=\"og:locale\" content=\"pt_BR\" \/>\n<meta property=\"og:type\" content=\"article\" \/>\n<meta property=\"og:title\" content=\"Editores se unem contra press\u00e3o da Amazon por mais descontos &raquo; Abrelivros\" \/>\n<meta property=\"og:description\" content=\"Na \u00faltima semana, fornecedores da Amazon receberam uma carta propondo um novo acordo para descontos sobre o pre\u00e7o de capa de livros. Para as editoras que vinham praticando descontos inferiores a 55%, a varejista prop\u00f4s descontos que variam de 55% a 58% mais 5% de \u201cplano de marketing\u201d.\" \/>\n<meta property=\"og:url\" content=\"https:\/\/abrelivros.org.br\/site\/editores-se-unem-contra-pressao-da-amazon-por-mais-descontos\/\" \/>\n<meta property=\"og:site_name\" content=\"Abrelivros\" \/>\n<meta property=\"article:published_time\" content=\"2021-03-18T18:34:00+00:00\" \/>\n<meta name=\"twitter:card\" content=\"summary_large_image\" \/>\n<script type=\"application\/ld+json\" class=\"yoast-schema-graph\">{\"@context\":\"https:\/\/schema.org\",\"@graph\":[{\"@type\":\"WebSite\",\"@id\":\"https:\/\/abrelivros.org.br\/site\/#website\",\"url\":\"https:\/\/abrelivros.org.br\/site\/\",\"name\":\"Abrelivros\",\"description\":\"\",\"potentialAction\":[{\"@type\":\"SearchAction\",\"target\":\"https:\/\/abrelivros.org.br\/site\/?s={search_term_string}\",\"query-input\":\"required name=search_term_string\"}],\"inLanguage\":\"pt-BR\"},{\"@type\":\"WebPage\",\"@id\":\"https:\/\/abrelivros.org.br\/site\/editores-se-unem-contra-pressao-da-amazon-por-mais-descontos\/#webpage\",\"url\":\"https:\/\/abrelivros.org.br\/site\/editores-se-unem-contra-pressao-da-amazon-por-mais-descontos\/\",\"name\":\"Editores se unem contra press\\u00e3o da Amazon por mais descontos &raquo; Abrelivros\",\"isPartOf\":{\"@id\":\"https:\/\/abrelivros.org.br\/site\/#website\"},\"datePublished\":\"2021-03-18T18:34:00+00:00\",\"dateModified\":\"2021-03-18T18:34:00+00:00\",\"author\":{\"@id\":\"https:\/\/abrelivros.org.br\/site\/#\/schema\/person\/65db80e26409802ce15ac5feec6a15fd\"},\"breadcrumb\":{\"@id\":\"https:\/\/abrelivros.org.br\/site\/editores-se-unem-contra-pressao-da-amazon-por-mais-descontos\/#breadcrumb\"},\"inLanguage\":\"pt-BR\",\"potentialAction\":[{\"@type\":\"ReadAction\",\"target\":[\"https:\/\/abrelivros.org.br\/site\/editores-se-unem-contra-pressao-da-amazon-por-mais-descontos\/\"]}]},{\"@type\":\"BreadcrumbList\",\"@id\":\"https:\/\/abrelivros.org.br\/site\/editores-se-unem-contra-pressao-da-amazon-por-mais-descontos\/#breadcrumb\",\"itemListElement\":[{\"@type\":\"ListItem\",\"position\":1,\"item\":{\"@type\":\"WebPage\",\"@id\":\"https:\/\/abrelivros.org.br\/site\/\",\"url\":\"https:\/\/abrelivros.org.br\/site\/\",\"name\":\"In\\u00edcio\"}},{\"@type\":\"ListItem\",\"position\":2,\"item\":{\"@type\":\"WebPage\",\"@id\":\"https:\/\/abrelivros.org.br\/site\/category\/noticias\/\",\"url\":\"https:\/\/abrelivros.org.br\/site\/category\/noticias\/\",\"name\":\"Not\\u00edcias\"}},{\"@type\":\"ListItem\",\"position\":3,\"item\":{\"@type\":\"WebPage\",\"@id\":\"https:\/\/abrelivros.org.br\/site\/category\/noticias\/noticias-da-imprensa\/\",\"url\":\"https:\/\/abrelivros.org.br\/site\/category\/noticias\/noticias-da-imprensa\/\",\"name\":\"Not\\u00edcias da imprensa\"}},{\"@type\":\"ListItem\",\"position\":4,\"item\":{\"@type\":\"WebPage\",\"@id\":\"https:\/\/abrelivros.org.br\/site\/editores-se-unem-contra-pressao-da-amazon-por-mais-descontos\/\",\"url\":\"https:\/\/abrelivros.org.br\/site\/editores-se-unem-contra-pressao-da-amazon-por-mais-descontos\/\",\"name\":\"Editores se unem contra press\\u00e3o da Amazon por mais descontos\"}}]},{\"@type\":\"Person\",\"@id\":\"https:\/\/abrelivros.org.br\/site\/#\/schema\/person\/65db80e26409802ce15ac5feec6a15fd\",\"name\":\"Reda\\u00e7\\u00e3o Abrelivros\",\"image\":{\"@type\":\"ImageObject\",\"@id\":\"https:\/\/abrelivros.org.br\/site\/#personlogo\",\"inLanguage\":\"pt-BR\",\"url\":\"https:\/\/secure.gravatar.com\/avatar\/c4e57f9c7e3482965bd428192061218520756c39080b1d1820b679fa5e9af192?s=96&d=mm&r=g\",\"caption\":\"Reda\\u00e7\\u00e3o Abrelivros\"}}]}<\/script>\n<!-- \/ Yoast SEO plugin. -->","_links":{"self":[{"href":"https:\/\/abrelivros.org.br\/site\/wp-json\/wp\/v2\/posts\/13489","targetHints":{"allow":["GET"]}}],"collection":[{"href":"https:\/\/abrelivros.org.br\/site\/wp-json\/wp\/v2\/posts"}],"about":[{"href":"https:\/\/abrelivros.org.br\/site\/wp-json\/wp\/v2\/types\/post"}],"author":[{"embeddable":true,"href":"https:\/\/abrelivros.org.br\/site\/wp-json\/wp\/v2\/users\/4"}],"replies":[{"embeddable":true,"href":"https:\/\/abrelivros.org.br\/site\/wp-json\/wp\/v2\/comments?post=13489"}],"version-history":[{"count":1,"href":"https:\/\/abrelivros.org.br\/site\/wp-json\/wp\/v2\/posts\/13489\/revisions"}],"predecessor-version":[{"id":13490,"href":"https:\/\/abrelivros.org.br\/site\/wp-json\/wp\/v2\/posts\/13489\/revisions\/13490"}],"wp:attachment":[{"href":"https:\/\/abrelivros.org.br\/site\/wp-json\/wp\/v2\/media?parent=13489"}],"wp:term":[{"taxonomy":"category","embeddable":true,"href":"https:\/\/abrelivros.org.br\/site\/wp-json\/wp\/v2\/categories?post=13489"},{"taxonomy":"post_tag","embeddable":true,"href":"https:\/\/abrelivros.org.br\/site\/wp-json\/wp\/v2\/tags?post=13489"}],"curies":[{"name":"wp","href":"https:\/\/api.w.org\/{rel}","templated":true}]}}