{"id":13487,"date":"2021-03-18T15:27:16","date_gmt":"2021-03-18T18:27:16","guid":{"rendered":"https:\/\/abrelivros.org.br\/site\/?p=13487"},"modified":"2021-03-18T15:27:16","modified_gmt":"2021-03-18T18:27:16","slug":"programa-do-mec-preve-bonus-a-escola-do-6o-ao-9o-ano-que-reduzir-desigualdade","status":"publish","type":"post","link":"https:\/\/abrelivros.org.br\/site\/programa-do-mec-preve-bonus-a-escola-do-6o-ao-9o-ano-que-reduzir-desigualdade\/","title":{"rendered":"Programa do MEC prev\u00ea b\u00f4nus a escola do 6\u00ba ao 9\u00ba ano que reduzir desigualdade"},"content":{"rendered":"<p>O Minist\u00e9rio da Educa\u00e7\u00e3o vai lan\u00e7ar um programa com foco nos anos finais do ensino fundamental (do 6\u00ba ao 9\u00ba ano) que prev\u00ea bonifica\u00e7\u00e3o a escolas carentes que melhorem resultados de abandono, aprendizado e desigualdade.<!--more--><\/p>\n<p>O projeto inclui, segundo informa\u00e7\u00f5es obtidas pela Folha, apoio t\u00e9cnico e financeiro, bonifica\u00e7\u00e3o \u00e0s unidades por resultados a partir do ano que vem e valoriza\u00e7\u00e3o por redu\u00e7\u00e3o de desigualdades. Ainda haver\u00e1 o fomento a 54 escolas com pr\u00e1ticas de inova\u00e7\u00e3o. O lan\u00e7amento est\u00e1 previsto para ocorrer at\u00e9 abril.<\/p>\n<p>Se sair do papel, ser\u00e1 a primeira pol\u00edtica de fato estruturada para a educa\u00e7\u00e3o b\u00e1sica, com preocupa\u00e7\u00e3o na equidade, do governo Jair Bolsonaro (sem partido) ap\u00f3s mais de dois anos de gest\u00e3o.<\/p>\n<p>O <a href=\"https:\/\/www1.folha.uol.com.br\/educacao\/2020\/02\/projeto-de-alfabetizacao-do-mec-reserva-r-45-mi-para-formacoes-de-educadores-e-r-23-mi-para-avaliacao.shtml\" target=\"_blank\" rel=\"noopener noreferrer\">programa de alfabetiza\u00e7\u00e3o<\/a> ainda n\u00e3o mostrou a que veio e a pasta patina at\u00e9 mesmo nos <a href=\"https:\/\/www1.folha.uol.com.br\/educacao\/2021\/02\/sob-bolsonaro-gasto-do-mec-com-investimentos-e-o-menor-desde-2015.shtml\" target=\"_blank\" rel=\"noopener noreferrer\">repasses financeiros de iniciativas existentes<\/a> anteriormente.<\/p>\n<p>O or\u00e7amento total previsto \u00e9 de R$ 255 milh\u00f5es, sendo R$ 102 milh\u00f5es ainda neste ano. O valor \u00e9 baixo se comparado com o projeto de <a href=\"https:\/\/www1.folha.uol.com.br\/educacao\/2019\/11\/mais-da-metade-do-orcamento-de-escolas-civico-militares-em-2020-vai-pagar-oficiais-da-reserva.shtml\" target=\"_blank\" rel=\"noopener noreferrer\">escolas c\u00edvico-militares, bandeira do governo Bolsonaro<\/a>, mas de <a href=\"https:\/\/www1.folha.uol.com.br\/educacao\/2019\/02\/escolas-militares-e-colegios-civis-com-mesmo-perfil-tem-desempenho-similar.shtml\" target=\"_blank\" rel=\"noopener noreferrer\">impacto reduzido na rede p\u00fablica<\/a> como um todo.<\/p>\n<p>Cada uma das 5.000 unidades do foco principal do programa dos anos finais poder\u00e1 receber no m\u00e1ximo R$ 45.000 em dois anos. Cada unidade c\u00edvico-militar tem investimento previsto de R$ 1 milh\u00e3o \u2014valor 25 vezes maior.<\/p>\n<p>O governo promete criar 216 escolas c\u00edvico-militares at\u00e9 2023. J\u00e1 as 5.000 escolas representam 10,5% das unidades da etapa, e cerca de 1 milh\u00e3o de alunos.<\/p>\n<p>O MEC foi questionado pela Folha, mas n\u00e3o respondeu.<\/p>\n<p>H\u00e1 uma crise persistente nos anos finais do ensino fundamental. A melhora de resultados no primeiro ciclo (1\u00ba ao 5\u00ba ano) que houve no Brasil n\u00e3o se sustenta nas s\u00e9ries subsequentes. H\u00e1 forte evas\u00e3o nos anos finais e poucas pol\u00edticas voltadas para a etapa.<\/p>\n<p>O foco do novo projeto ser\u00e1 em escolas\u200b que <a href=\"https:\/\/www1.folha.uol.com.br\/educacao\/2020\/09\/media-de-gasto-por-aluno-faz-ideb-de-municipios-variar-ate-14-ponto.shtml\" target=\"_blank\" rel=\"noopener noreferrer\">enfrentam dificuldades em indicadores educacionais<\/a> e com mais de 80% de alunos pobres, beneficiados pelo Bolsa Fam\u00edlia. O plano do MEC \u00e9 que cada uma das 5.000 escolas receba inicialmente R$ 10 mil de apoio financeiro, o que ocorreria ainda neste ano.<\/p>\n<p>O pagamento de bonifica\u00e7\u00f5es viria a partir do atendimento a metas de acompanhamento e de melhoria de taxas de fluxo (aprova\u00e7\u00e3o, reprova\u00e7\u00e3o e abandono) e aprendizado da pr\u00f3pria unidade. Os recursos seriam destinados \u00e0s escolas e n\u00e3o a educadores \u2014<a href=\"https:\/\/www1.folha.uol.com.br\/educacao\/2018\/05\/gestao-alckmin-manteve-bonus-a-professor-apesar-de-admitir-sua-ineficacia.shtml\" target=\"_blank\" rel=\"noopener noreferrer\">faltam evid\u00eancia de efetividade desta \u00faltima alternativa<\/a>.<\/p>\n<p>O MEC prev\u00ea atrelar as metas de resultados a um leque de solu\u00e7\u00f5es pr\u00e9-qualificadas \u00e0s escolas, que v\u00e3o desde ferramentas de busca ativa de jovens fora da escola \u00e0 melhorias na gest\u00e3o. A ideia \u00e9 que n\u00e3o haja um cartilha engessada para todas as unidades e cada escola possa adotar um conjunto de estrat\u00e9gias a partir de seu plano de interven\u00e7\u00e3o.<\/p>\n<p>Uma outra linha de valoriza\u00e7\u00e3o de boas pr\u00e1ticas vai pagar R$ 5.000 a 10.000 escolas que reduzirem as desigualdades de aprendizado (diminuindo o percentual de alunos com baixo desempenho). Isso ocorreria at\u00e9 o fim de 2022.<\/p>\n<p>H\u00e1, em paralelo, previs\u00e3o de fomento a escolas com projetos inovadores, que possam servir de piloto para outras unidades. O plano \u00e9 fazer um chamamento p\u00fablico para escolher 54 unidades, duas por unidade da federa\u00e7\u00e3o, para receber R$ 100 mil anuais no per\u00edodo de 5 anos.<\/p>\n<p>Para Luiz Miguel Garcia, presidente da Undime (que agrega secret\u00e1rios de Educa\u00e7\u00e3o dos munic\u00edpios), o programa tem foco adequado, mas ele v\u00ea desafios de implementa\u00e7\u00e3o. &#8220;O MEC precisa deixar claro o que as escolas v\u00e3o fazer e como devem utilizar os recursos&#8221;.<\/p>\n<p>O pesquisador da FGV Jo\u00e3o Marcelo Borges elogia a iniciativa por ela se preocupar com a equidade e sair da l\u00f3gica de interven\u00e7\u00e3o padronizada, o que aumenta potencial de engajamento. Borges v\u00ea, no entanto, a necessidade de incentivar o regime de colabora\u00e7\u00e3o,<a href=\"https:\/\/temas.folha.uol.com.br\/e-agora-brasil-educacao\/projeto-de-sucesso\/troca-de-experiencias-alavanca-desempenho-de-escola-no-ceara.shtml\" target=\"_blank\" rel=\"noopener noreferrer\"> como interc\u00e2mbio entre escolas boas e ruins<\/a>, que tem hist\u00f3rico de sucesso no Cear\u00e1.<\/p>\n<p>&#8220;\u00c9 o primeiro programa da educa\u00e7\u00e3o b\u00e1sica com cara de pol\u00edtica p\u00fablica desse governo, e que responde a uma real necessidade do pa\u00eds, uma vez que o fundamental 2 \u00e9 o gargalo que transforma o ensino m\u00e9dio em um problema\u00e7o&#8221;, diz. &#8220;\u00c9 um alento, agora precisamos olhar o or\u00e7amento, porque nem temos or\u00e7amento ainda&#8221;.<\/p>\n<p>O or\u00e7amento federal de 2021 ainda est\u00e1 em discuss\u00e3o no Congresso. H\u00e1 previs\u00e3o de queda recursos do MEC, em especial para a educa\u00e7\u00e3o b\u00e1sica e profissional.<\/p>\n<p>Os anos finais do ensino fundamental acumulam 10 milh\u00f5es de alunos na rede p\u00fablica, divididos entre as redes municipais e estaduais.<\/p>\n<p>Desde 2013 a <a href=\"https:\/\/www1.folha.uol.com.br\/educacao\/2020\/09\/ensino-fundamental-publico-melhora-no-ideb-e-reduz-abismo-com-rede-privada-que-fica-estagnada.shtml\" target=\"_blank\" rel=\"noopener noreferrer\">etapa est\u00e1 abaixo da meta no Ideb<\/a> (\u00edndice de Desenvolvimento da Educa\u00e7\u00e3o B\u00e1sica), realizado a cada dois anos. A \u00faltima edi\u00e7\u00e3o foi em 2019 e houve avan\u00e7o, apesar de abaixo da meta.<\/p>\n","protected":false},"excerpt":{"rendered":"<p>O Minist\u00e9rio da Educa\u00e7\u00e3o vai lan\u00e7ar um programa com foco nos anos finais do ensino fundamental (do 6\u00ba ao 9\u00ba ano) que prev\u00ea bonifica\u00e7\u00e3o a escolas carentes que melhorem resultados de abandono, aprendizado e desigualdade.<\/p>\n","protected":false},"author":4,"featured_media":0,"comment_status":"closed","ping_status":"closed","sticky":false,"template":"","format":"standard","meta":{"footnotes":"","_links_to":"","_links_to_target":""},"categories":[9],"tags":[],"class_list":["post-13487","post","type-post","status-publish","format-standard","hentry","category-noticias-da-imprensa"],"yoast_head":"<!-- This site is optimized with the Yoast SEO plugin v15.1 - https:\/\/yoast.com\/wordpress\/plugins\/seo\/ -->\n<title>Programa do MEC prev\u00ea b\u00f4nus a escola do 6\u00ba ao 9\u00ba ano que reduzir desigualdade &raquo; Abrelivros<\/title>\n<meta name=\"robots\" content=\"index, follow, max-snippet:-1, max-image-preview:large, max-video-preview:-1\" \/>\n<link rel=\"canonical\" href=\"https:\/\/abrelivros.org.br\/site\/programa-do-mec-preve-bonus-a-escola-do-6o-ao-9o-ano-que-reduzir-desigualdade\/\" \/>\n<meta property=\"og:locale\" content=\"pt_BR\" \/>\n<meta property=\"og:type\" content=\"article\" \/>\n<meta property=\"og:title\" content=\"Programa do MEC prev\u00ea b\u00f4nus a escola do 6\u00ba ao 9\u00ba ano que reduzir desigualdade &raquo; Abrelivros\" \/>\n<meta property=\"og:description\" content=\"O Minist\u00e9rio da Educa\u00e7\u00e3o vai lan\u00e7ar um programa com foco nos anos finais do ensino fundamental (do 6\u00ba ao 9\u00ba ano) que prev\u00ea bonifica\u00e7\u00e3o a escolas carentes que melhorem resultados de abandono, aprendizado e desigualdade.\" \/>\n<meta property=\"og:url\" content=\"https:\/\/abrelivros.org.br\/site\/programa-do-mec-preve-bonus-a-escola-do-6o-ao-9o-ano-que-reduzir-desigualdade\/\" \/>\n<meta property=\"og:site_name\" content=\"Abrelivros\" \/>\n<meta property=\"article:published_time\" content=\"2021-03-18T18:27:16+00:00\" \/>\n<meta name=\"twitter:card\" content=\"summary_large_image\" \/>\n<script type=\"application\/ld+json\" class=\"yoast-schema-graph\">{\"@context\":\"https:\/\/schema.org\",\"@graph\":[{\"@type\":\"WebSite\",\"@id\":\"https:\/\/abrelivros.org.br\/site\/#website\",\"url\":\"https:\/\/abrelivros.org.br\/site\/\",\"name\":\"Abrelivros\",\"description\":\"\",\"potentialAction\":[{\"@type\":\"SearchAction\",\"target\":\"https:\/\/abrelivros.org.br\/site\/?s={search_term_string}\",\"query-input\":\"required name=search_term_string\"}],\"inLanguage\":\"pt-BR\"},{\"@type\":\"WebPage\",\"@id\":\"https:\/\/abrelivros.org.br\/site\/programa-do-mec-preve-bonus-a-escola-do-6o-ao-9o-ano-que-reduzir-desigualdade\/#webpage\",\"url\":\"https:\/\/abrelivros.org.br\/site\/programa-do-mec-preve-bonus-a-escola-do-6o-ao-9o-ano-que-reduzir-desigualdade\/\",\"name\":\"Programa do MEC prev\\u00ea b\\u00f4nus a escola do 6\\u00ba ao 9\\u00ba ano que reduzir desigualdade &raquo; Abrelivros\",\"isPartOf\":{\"@id\":\"https:\/\/abrelivros.org.br\/site\/#website\"},\"datePublished\":\"2021-03-18T18:27:16+00:00\",\"dateModified\":\"2021-03-18T18:27:16+00:00\",\"author\":{\"@id\":\"https:\/\/abrelivros.org.br\/site\/#\/schema\/person\/65db80e26409802ce15ac5feec6a15fd\"},\"breadcrumb\":{\"@id\":\"https:\/\/abrelivros.org.br\/site\/programa-do-mec-preve-bonus-a-escola-do-6o-ao-9o-ano-que-reduzir-desigualdade\/#breadcrumb\"},\"inLanguage\":\"pt-BR\",\"potentialAction\":[{\"@type\":\"ReadAction\",\"target\":[\"https:\/\/abrelivros.org.br\/site\/programa-do-mec-preve-bonus-a-escola-do-6o-ao-9o-ano-que-reduzir-desigualdade\/\"]}]},{\"@type\":\"BreadcrumbList\",\"@id\":\"https:\/\/abrelivros.org.br\/site\/programa-do-mec-preve-bonus-a-escola-do-6o-ao-9o-ano-que-reduzir-desigualdade\/#breadcrumb\",\"itemListElement\":[{\"@type\":\"ListItem\",\"position\":1,\"item\":{\"@type\":\"WebPage\",\"@id\":\"https:\/\/abrelivros.org.br\/site\/\",\"url\":\"https:\/\/abrelivros.org.br\/site\/\",\"name\":\"In\\u00edcio\"}},{\"@type\":\"ListItem\",\"position\":2,\"item\":{\"@type\":\"WebPage\",\"@id\":\"https:\/\/abrelivros.org.br\/site\/category\/noticias\/\",\"url\":\"https:\/\/abrelivros.org.br\/site\/category\/noticias\/\",\"name\":\"Not\\u00edcias\"}},{\"@type\":\"ListItem\",\"position\":3,\"item\":{\"@type\":\"WebPage\",\"@id\":\"https:\/\/abrelivros.org.br\/site\/category\/noticias\/noticias-da-imprensa\/\",\"url\":\"https:\/\/abrelivros.org.br\/site\/category\/noticias\/noticias-da-imprensa\/\",\"name\":\"Not\\u00edcias da imprensa\"}},{\"@type\":\"ListItem\",\"position\":4,\"item\":{\"@type\":\"WebPage\",\"@id\":\"https:\/\/abrelivros.org.br\/site\/programa-do-mec-preve-bonus-a-escola-do-6o-ao-9o-ano-que-reduzir-desigualdade\/\",\"url\":\"https:\/\/abrelivros.org.br\/site\/programa-do-mec-preve-bonus-a-escola-do-6o-ao-9o-ano-que-reduzir-desigualdade\/\",\"name\":\"Programa do MEC prev\\u00ea b\\u00f4nus a escola do 6\\u00ba ao 9\\u00ba ano que reduzir desigualdade\"}}]},{\"@type\":\"Person\",\"@id\":\"https:\/\/abrelivros.org.br\/site\/#\/schema\/person\/65db80e26409802ce15ac5feec6a15fd\",\"name\":\"Reda\\u00e7\\u00e3o Abrelivros\",\"image\":{\"@type\":\"ImageObject\",\"@id\":\"https:\/\/abrelivros.org.br\/site\/#personlogo\",\"inLanguage\":\"pt-BR\",\"url\":\"https:\/\/secure.gravatar.com\/avatar\/c4e57f9c7e3482965bd428192061218520756c39080b1d1820b679fa5e9af192?s=96&d=mm&r=g\",\"caption\":\"Reda\\u00e7\\u00e3o Abrelivros\"}}]}<\/script>\n<!-- \/ Yoast SEO plugin. -->","_links":{"self":[{"href":"https:\/\/abrelivros.org.br\/site\/wp-json\/wp\/v2\/posts\/13487","targetHints":{"allow":["GET"]}}],"collection":[{"href":"https:\/\/abrelivros.org.br\/site\/wp-json\/wp\/v2\/posts"}],"about":[{"href":"https:\/\/abrelivros.org.br\/site\/wp-json\/wp\/v2\/types\/post"}],"author":[{"embeddable":true,"href":"https:\/\/abrelivros.org.br\/site\/wp-json\/wp\/v2\/users\/4"}],"replies":[{"embeddable":true,"href":"https:\/\/abrelivros.org.br\/site\/wp-json\/wp\/v2\/comments?post=13487"}],"version-history":[{"count":1,"href":"https:\/\/abrelivros.org.br\/site\/wp-json\/wp\/v2\/posts\/13487\/revisions"}],"predecessor-version":[{"id":13488,"href":"https:\/\/abrelivros.org.br\/site\/wp-json\/wp\/v2\/posts\/13487\/revisions\/13488"}],"wp:attachment":[{"href":"https:\/\/abrelivros.org.br\/site\/wp-json\/wp\/v2\/media?parent=13487"}],"wp:term":[{"taxonomy":"category","embeddable":true,"href":"https:\/\/abrelivros.org.br\/site\/wp-json\/wp\/v2\/categories?post=13487"},{"taxonomy":"post_tag","embeddable":true,"href":"https:\/\/abrelivros.org.br\/site\/wp-json\/wp\/v2\/tags?post=13487"}],"curies":[{"name":"wp","href":"https:\/\/api.w.org\/{rel}","templated":true}]}}