{"id":13483,"date":"2021-03-18T15:08:53","date_gmt":"2021-03-18T18:08:53","guid":{"rendered":"https:\/\/abrelivros.org.br\/site\/?p=13483"},"modified":"2021-03-18T15:08:53","modified_gmt":"2021-03-18T18:08:53","slug":"fnde-vai-elaborar-plano-estrategico-de-compra-nacional-para-educacao","status":"publish","type":"post","link":"https:\/\/abrelivros.org.br\/site\/fnde-vai-elaborar-plano-estrategico-de-compra-nacional-para-educacao\/","title":{"rendered":"FNDE vai elaborar Plano Estrat\u00e9gico de Compra Nacional para Educa\u00e7\u00e3o"},"content":{"rendered":"<p>Pela primeira vez em sua hist\u00f3ria, o Fundo Nacional de Desenvolvimento da Educa\u00e7\u00e3o (FNDE) vai ter um Plano Estrat\u00e9gico de Compra Nacional para Educa\u00e7\u00e3o (PECNE), instrumento para auxiliar na consecu\u00e7\u00e3o das metas do Plano Nacional de Educa\u00e7\u00e3o \u2013 PNE 2014\/2024 (<a href=\"http:\/\/www.planalto.gov.br\/CCIVIL_03\/_Ato2011-2014\/2014\/Lei\/L13005.htm\" target=\"_blank\" rel=\"noopener noreferrer\">Lei n\u00ba 13.005\/2014<\/a>), por meio da assist\u00eancia t\u00e9cnica do FNDE aos sistemas de educa\u00e7\u00e3o no \u00e2mbito das compras governamentais.<!--more--> A decis\u00e3o foi validada ontem \u00e0 tarde pelo Comit\u00ea Deliberativo de Compra Nacional (CDCN) da autarquia, em sua 17\u00aa reuni\u00e3o.<\/p>\n<p>Agora ser\u00e1 formado um grupo de trabalho para elaborar o PECNE e o Plano de Compra Nacional para a Educa\u00e7\u00e3o (PCNE), ferramenta de planejamento e avalia\u00e7\u00e3o das compras nacionais empreendidas pelo FNDE em benef\u00edcio das redes de ensino de munic\u00edpios, estados e Distrito Federal.<\/p>\n<p>O Plano Estrat\u00e9gico \u00e9 mais amplo, com vig\u00eancia de quatro anos, em conson\u00e2ncia com o ciclo do PAR, e revis\u00f5es peri\u00f3dicas. Ele vai identificar as metas e estrat\u00e9gias do PNE a serem contempladas nos processos de compras nacionais para educa\u00e7\u00e3o. Apontar\u00e1 a periodicidade dos procedimentos de aquisi\u00e7\u00e3o, de acordo com as caracter\u00edsticas de cada objeto, e classificar\u00e1 os objetos estrat\u00e9gicos para as compras nacionais, entre outras diretrizes.<\/p>\n<p>J\u00e1 o Plano de Compra Nacional, com vig\u00eancia de dois anos, \u00e9 mais operacional e tem como objetivo reduzir ao m\u00e1ximo o interst\u00edcio de vig\u00eancia entre atas de registro de pre\u00e7os do mesmo objeto. O PCNE abranger\u00e1 os objetos a serem licitados pelo FNDE durante seu per\u00edodo de vig\u00eancia; vai categorizar os objetos, segundo n\u00edveis de prioridade; apresentar\u00e1 cronograma das atividades; e indicar\u00e1 parcerias para especifica\u00e7\u00e3o dos produtos e controle de qualidade.<\/p>\n<p>O cronograma inicial indica que os dois planos devem estar prontos e aprovados pelo CDCN ainda neste semestre. A reuni\u00e3o do comit\u00ea tamb\u00e9m fez um balan\u00e7o dos resultados das atas de registro de pre\u00e7os vigentes no ano passado, deliberou sobre objetos em planejamento para o Registro de Pre\u00e7os Nacional (RPN) e aprovou mudan\u00e7as no Regimento Interno do CDCN.<\/p>\n<p>Criado em dezembro de 2015, o Comit\u00ea Deliberativo de Compra Nacional \u00e9 respons\u00e1vel por deliberar sobre os processos de compras da autarquia, voltados a atender as necessidades dos sistemas de ensino por meio do Registro de Pre\u00e7os Nacional (RPN). Compete ao comit\u00ea definir os objetos a serem licitados; aprovar os planos de compras; estabelecer as estrat\u00e9gias a serem adotadas nos processos de aquisi\u00e7\u00e3o; e avaliar os procedimentos realizados, entre outras atribui\u00e7\u00f5es.<\/p>\n<p><strong>RPN<\/strong> \u2013 Adotado pelo FNDE, o Registro de Pre\u00e7os Nacional (RPN) \u00e9 um modelo de compra governamental compartilhada por meio do qual a autarquia presta assist\u00eancia t\u00e9cnica a estados, DF e munic\u00edpios. Para tanto, realiza uma licita\u00e7\u00e3o centralizada, na modalidade preg\u00e3o eletr\u00f4nico, e registra pre\u00e7os e fornecedores de diversos produtos, como \u00f4nibus escolar, mobili\u00e1rio escolar e infantil, material escolar, ventilador, entre outros.<\/p>\n<p>Assim, os entes federados economizam tempo e recursos t\u00e9cnicos e financeiros, pois n\u00e3o precisam repetir licita\u00e7\u00f5es semelhantes para adquirirem os produtos, firmando os contratos diretamente com os fornecedores registrados pelo FNDE, ap\u00f3s aderirem \u00e0s atas de registro de pre\u00e7o. Como as licita\u00e7\u00f5es se referem a grandes volumes, \u00e9 poss\u00edvel alcan\u00e7ar pre\u00e7os mais atraentes em cada item. Al\u00e9m disso, a sistem\u00e1tica de compras do FNDE traz outras vantagens, como celeridade nas contrata\u00e7\u00f5es, transpar\u00eancia, padroniza\u00e7\u00e3o e controle de qualidade dos produtos.<\/p>\n<p>&nbsp;<\/p>\n","protected":false},"excerpt":{"rendered":"<p>Pela primeira vez em sua hist\u00f3ria, o Fundo Nacional de Desenvolvimento da Educa\u00e7\u00e3o (FNDE) vai ter um Plano Estrat\u00e9gico de Compra Nacional para Educa\u00e7\u00e3o (PECNE), instrumento para auxiliar na consecu\u00e7\u00e3o das metas do Plano Nacional de Educa\u00e7\u00e3o \u2013 PNE 2014\/2024 (Lei n\u00ba 13.005\/2014), por meio da assist\u00eancia t\u00e9cnica do FNDE aos sistemas de educa\u00e7\u00e3o no [&hellip;]<\/p>\n","protected":false},"author":4,"featured_media":0,"comment_status":"closed","ping_status":"closed","sticky":false,"template":"","format":"standard","meta":{"footnotes":"","_links_to":"","_links_to_target":""},"categories":[9],"tags":[],"class_list":["post-13483","post","type-post","status-publish","format-standard","hentry","category-noticias-da-imprensa"],"yoast_head":"<!-- This site is optimized with the Yoast SEO plugin v15.1 - https:\/\/yoast.com\/wordpress\/plugins\/seo\/ -->\n<title>FNDE vai elaborar Plano Estrat\u00e9gico de Compra Nacional para Educa\u00e7\u00e3o &raquo; Abrelivros<\/title>\n<meta name=\"robots\" content=\"index, follow, max-snippet:-1, max-image-preview:large, max-video-preview:-1\" \/>\n<link rel=\"canonical\" href=\"https:\/\/abrelivros.org.br\/site\/fnde-vai-elaborar-plano-estrategico-de-compra-nacional-para-educacao\/\" \/>\n<meta property=\"og:locale\" content=\"pt_BR\" \/>\n<meta property=\"og:type\" content=\"article\" \/>\n<meta property=\"og:title\" content=\"FNDE vai elaborar Plano Estrat\u00e9gico de Compra Nacional para Educa\u00e7\u00e3o &raquo; Abrelivros\" \/>\n<meta property=\"og:description\" content=\"Pela primeira vez em sua hist\u00f3ria, o Fundo Nacional de Desenvolvimento da Educa\u00e7\u00e3o (FNDE) vai ter um Plano Estrat\u00e9gico de Compra Nacional para Educa\u00e7\u00e3o (PECNE), instrumento para auxiliar na consecu\u00e7\u00e3o das metas do Plano Nacional de Educa\u00e7\u00e3o \u2013 PNE 2014\/2024 (Lei n\u00ba 13.005\/2014), por meio da assist\u00eancia t\u00e9cnica do FNDE aos sistemas de educa\u00e7\u00e3o no [&hellip;]\" \/>\n<meta property=\"og:url\" content=\"https:\/\/abrelivros.org.br\/site\/fnde-vai-elaborar-plano-estrategico-de-compra-nacional-para-educacao\/\" \/>\n<meta property=\"og:site_name\" content=\"Abrelivros\" \/>\n<meta property=\"article:published_time\" content=\"2021-03-18T18:08:53+00:00\" \/>\n<meta name=\"twitter:card\" content=\"summary_large_image\" \/>\n<script type=\"application\/ld+json\" class=\"yoast-schema-graph\">{\"@context\":\"https:\/\/schema.org\",\"@graph\":[{\"@type\":\"WebSite\",\"@id\":\"https:\/\/abrelivros.org.br\/site\/#website\",\"url\":\"https:\/\/abrelivros.org.br\/site\/\",\"name\":\"Abrelivros\",\"description\":\"\",\"potentialAction\":[{\"@type\":\"SearchAction\",\"target\":\"https:\/\/abrelivros.org.br\/site\/?s={search_term_string}\",\"query-input\":\"required name=search_term_string\"}],\"inLanguage\":\"pt-BR\"},{\"@type\":\"WebPage\",\"@id\":\"https:\/\/abrelivros.org.br\/site\/fnde-vai-elaborar-plano-estrategico-de-compra-nacional-para-educacao\/#webpage\",\"url\":\"https:\/\/abrelivros.org.br\/site\/fnde-vai-elaborar-plano-estrategico-de-compra-nacional-para-educacao\/\",\"name\":\"FNDE vai elaborar Plano Estrat\\u00e9gico de Compra Nacional para Educa\\u00e7\\u00e3o &raquo; Abrelivros\",\"isPartOf\":{\"@id\":\"https:\/\/abrelivros.org.br\/site\/#website\"},\"datePublished\":\"2021-03-18T18:08:53+00:00\",\"dateModified\":\"2021-03-18T18:08:53+00:00\",\"author\":{\"@id\":\"https:\/\/abrelivros.org.br\/site\/#\/schema\/person\/65db80e26409802ce15ac5feec6a15fd\"},\"breadcrumb\":{\"@id\":\"https:\/\/abrelivros.org.br\/site\/fnde-vai-elaborar-plano-estrategico-de-compra-nacional-para-educacao\/#breadcrumb\"},\"inLanguage\":\"pt-BR\",\"potentialAction\":[{\"@type\":\"ReadAction\",\"target\":[\"https:\/\/abrelivros.org.br\/site\/fnde-vai-elaborar-plano-estrategico-de-compra-nacional-para-educacao\/\"]}]},{\"@type\":\"BreadcrumbList\",\"@id\":\"https:\/\/abrelivros.org.br\/site\/fnde-vai-elaborar-plano-estrategico-de-compra-nacional-para-educacao\/#breadcrumb\",\"itemListElement\":[{\"@type\":\"ListItem\",\"position\":1,\"item\":{\"@type\":\"WebPage\",\"@id\":\"https:\/\/abrelivros.org.br\/site\/\",\"url\":\"https:\/\/abrelivros.org.br\/site\/\",\"name\":\"In\\u00edcio\"}},{\"@type\":\"ListItem\",\"position\":2,\"item\":{\"@type\":\"WebPage\",\"@id\":\"https:\/\/abrelivros.org.br\/site\/category\/noticias\/\",\"url\":\"https:\/\/abrelivros.org.br\/site\/category\/noticias\/\",\"name\":\"Not\\u00edcias\"}},{\"@type\":\"ListItem\",\"position\":3,\"item\":{\"@type\":\"WebPage\",\"@id\":\"https:\/\/abrelivros.org.br\/site\/category\/noticias\/noticias-da-imprensa\/\",\"url\":\"https:\/\/abrelivros.org.br\/site\/category\/noticias\/noticias-da-imprensa\/\",\"name\":\"Not\\u00edcias da imprensa\"}},{\"@type\":\"ListItem\",\"position\":4,\"item\":{\"@type\":\"WebPage\",\"@id\":\"https:\/\/abrelivros.org.br\/site\/fnde-vai-elaborar-plano-estrategico-de-compra-nacional-para-educacao\/\",\"url\":\"https:\/\/abrelivros.org.br\/site\/fnde-vai-elaborar-plano-estrategico-de-compra-nacional-para-educacao\/\",\"name\":\"FNDE vai elaborar Plano Estrat\\u00e9gico de Compra Nacional para Educa\\u00e7\\u00e3o\"}}]},{\"@type\":\"Person\",\"@id\":\"https:\/\/abrelivros.org.br\/site\/#\/schema\/person\/65db80e26409802ce15ac5feec6a15fd\",\"name\":\"Reda\\u00e7\\u00e3o Abrelivros\",\"image\":{\"@type\":\"ImageObject\",\"@id\":\"https:\/\/abrelivros.org.br\/site\/#personlogo\",\"inLanguage\":\"pt-BR\",\"url\":\"https:\/\/secure.gravatar.com\/avatar\/c4e57f9c7e3482965bd428192061218520756c39080b1d1820b679fa5e9af192?s=96&d=mm&r=g\",\"caption\":\"Reda\\u00e7\\u00e3o Abrelivros\"}}]}<\/script>\n<!-- \/ Yoast SEO plugin. -->","_links":{"self":[{"href":"https:\/\/abrelivros.org.br\/site\/wp-json\/wp\/v2\/posts\/13483","targetHints":{"allow":["GET"]}}],"collection":[{"href":"https:\/\/abrelivros.org.br\/site\/wp-json\/wp\/v2\/posts"}],"about":[{"href":"https:\/\/abrelivros.org.br\/site\/wp-json\/wp\/v2\/types\/post"}],"author":[{"embeddable":true,"href":"https:\/\/abrelivros.org.br\/site\/wp-json\/wp\/v2\/users\/4"}],"replies":[{"embeddable":true,"href":"https:\/\/abrelivros.org.br\/site\/wp-json\/wp\/v2\/comments?post=13483"}],"version-history":[{"count":1,"href":"https:\/\/abrelivros.org.br\/site\/wp-json\/wp\/v2\/posts\/13483\/revisions"}],"predecessor-version":[{"id":13484,"href":"https:\/\/abrelivros.org.br\/site\/wp-json\/wp\/v2\/posts\/13483\/revisions\/13484"}],"wp:attachment":[{"href":"https:\/\/abrelivros.org.br\/site\/wp-json\/wp\/v2\/media?parent=13483"}],"wp:term":[{"taxonomy":"category","embeddable":true,"href":"https:\/\/abrelivros.org.br\/site\/wp-json\/wp\/v2\/categories?post=13483"},{"taxonomy":"post_tag","embeddable":true,"href":"https:\/\/abrelivros.org.br\/site\/wp-json\/wp\/v2\/tags?post=13483"}],"curies":[{"name":"wp","href":"https:\/\/api.w.org\/{rel}","templated":true}]}}