{"id":13481,"date":"2021-03-18T15:03:44","date_gmt":"2021-03-18T18:03:44","guid":{"rendered":"https:\/\/abrelivros.org.br\/site\/?p=13481"},"modified":"2021-03-18T15:03:44","modified_gmt":"2021-03-18T18:03:44","slug":"projeto-mentoria-se-destina-a-formacao-de-diretores-de-escolas-publicas","status":"publish","type":"post","link":"https:\/\/abrelivros.org.br\/site\/projeto-mentoria-se-destina-a-formacao-de-diretores-de-escolas-publicas\/","title":{"rendered":"Projeto Mentoria se destina \u00e0 forma\u00e7\u00e3o de diretores de escolas p\u00fablicas"},"content":{"rendered":"<p>Com o objetivo de desenvolver metodologia de mentoria para forma\u00e7\u00e3o de diretores de escolas p\u00fablicas de todo o pa\u00eds, a Secretaria de Educa\u00e7\u00e3o B\u00e1sica (SEB), do Minist\u00e9rio da Educa\u00e7\u00e3o (MEC), est\u00e1 desenvolvendo, em parceria com a Universidade Federal de S\u00e3o Carlos (UFSCar), o Projeto Mentoria e Coopera\u00e7\u00e3o em Gest\u00e3o Escolar.<!--more--> Uma a\u00e7\u00e3o estruturante do Projeto \u00e9 a Oficina de Forma\u00e7\u00e3o que ser\u00e1 ofertada em ambiente virtual de aprendizagem, com in\u00edcio no dia 22 de mar\u00e7o e previs\u00e3o de t\u00e9rmino no dia 5 de julho de 2021.<\/p>\n<p>Ser\u00e3o ofertadas nove salas de aprendizagem com temas como a mentoria e as bases t\u00e9cnicas de apoio ao mentor; os saberes dos diretores e a cultura colaborativa; e a avalia\u00e7\u00e3o de aprendizagem institucional e de larga escala.<\/p>\n<p>Nesse primeiro momento, foram selecionadas dez secretarias estaduais de educa\u00e7\u00e3o: Rond\u00f4nia, Par\u00e1, Cear\u00e1, Pernambuco, Rio Grande do Norte, Goi\u00e1s, Mato Grosso, S\u00e3o Paulo, Rio de Janeiro e Santa Catarina. Elas foram escolhidas para participarem como piloto do Projeto. e foram selecionadas, de acordo com a representatividade das regi\u00f5es brasileiras, bem como, a m\u00e9dia da s\u00e9rie hist\u00f3rica do Instituto Nacional de Estudos e Pesquisas Educacionais An\u00edsio Teixeira (INEP) para a 3\u00aa s\u00e9rie do Ensino M\u00e9dio, da rede p\u00fablica estadual.<\/p>\n<p>Assim, diretores escolares poder\u00e3o encontrar solu\u00e7\u00f5es para os desafios de forma mais colaborativa, com potencial em avan\u00e7os pedag\u00f3gicos e, consequentemente, conseguir reduzir poss\u00edveis problemas nas institui\u00e7\u00f5es em que atuam. Esse processo n\u00e3o consiste em uma metodologia de \u201censino\u201d de diretores e sim em instaurar uma cultura colaborativa e participativa nas escolas. Por isso, conceituar saberes e pr\u00e1ticas s\u00e3o importantes para essas trocas.<\/p>\n<p>Segundo o diretor de Forma\u00e7\u00e3o Docente e Valoriza\u00e7\u00e3o de Profissionais da Educa\u00e7\u00e3o, da SEB, Renato de Oliveira Brito, o projeto foi criado a partir de evid\u00eancias cient\u00edficas e experi\u00eancias internacionais, que demonstraram que a forma\u00e7\u00e3o de diretores por meio de mentoria, pode contribuir significativamente para potencializar e organizar o aprendizado entre diretores escolares. \u201cUma vez elaborada e testada, essa metodologia ser\u00e1 disponibilizada para as demais secretarias estaduais e, tamb\u00e9m, para as secretarias municipais de educa\u00e7\u00e3o\u201d, explicou.<\/p>\n<p>De acordo com Renato Brito, a metodologia de mentoria possui a finalidade de contribuir para o aprimoramento da gest\u00e3o administrativa, financeira e pedag\u00f3gica das escolas p\u00fablicas da Educa\u00e7\u00e3o B\u00e1sica, por meio da forma\u00e7\u00e3o continuada de diretores escolares para serem mentores. \u201cOu seja, o diretor escolar experiente, apoiar\u00e1 outro diretor escolar menos experiente ou em processo de forma\u00e7\u00e3o, com o objetivo de melhorar a gest\u00e3o escolar e consequentemente os resultados educacionais\u201d, acrescentou o diretor da SEB.<\/p>\n<p>&nbsp;<\/p>\n","protected":false},"excerpt":{"rendered":"<p>Com o objetivo de desenvolver metodologia de mentoria para forma\u00e7\u00e3o de diretores de escolas p\u00fablicas de todo o pa\u00eds, a Secretaria de Educa\u00e7\u00e3o B\u00e1sica (SEB), do Minist\u00e9rio da Educa\u00e7\u00e3o (MEC), est\u00e1 desenvolvendo, em parceria com a Universidade Federal de S\u00e3o Carlos (UFSCar), o Projeto Mentoria e Coopera\u00e7\u00e3o em Gest\u00e3o Escolar.<\/p>\n","protected":false},"author":4,"featured_media":0,"comment_status":"closed","ping_status":"closed","sticky":false,"template":"","format":"standard","meta":{"footnotes":"","_links_to":"","_links_to_target":""},"categories":[9],"tags":[],"class_list":["post-13481","post","type-post","status-publish","format-standard","hentry","category-noticias-da-imprensa"],"yoast_head":"<!-- This site is optimized with the Yoast SEO plugin v15.1 - https:\/\/yoast.com\/wordpress\/plugins\/seo\/ -->\n<title>Projeto Mentoria se destina \u00e0 forma\u00e7\u00e3o de diretores de escolas p\u00fablicas &raquo; Abrelivros<\/title>\n<meta name=\"robots\" content=\"index, follow, max-snippet:-1, max-image-preview:large, max-video-preview:-1\" \/>\n<link rel=\"canonical\" href=\"https:\/\/abrelivros.org.br\/site\/projeto-mentoria-se-destina-a-formacao-de-diretores-de-escolas-publicas\/\" \/>\n<meta property=\"og:locale\" content=\"pt_BR\" \/>\n<meta property=\"og:type\" content=\"article\" \/>\n<meta property=\"og:title\" content=\"Projeto Mentoria se destina \u00e0 forma\u00e7\u00e3o de diretores de escolas p\u00fablicas &raquo; Abrelivros\" \/>\n<meta property=\"og:description\" content=\"Com o objetivo de desenvolver metodologia de mentoria para forma\u00e7\u00e3o de diretores de escolas p\u00fablicas de todo o pa\u00eds, a Secretaria de Educa\u00e7\u00e3o B\u00e1sica (SEB), do Minist\u00e9rio da Educa\u00e7\u00e3o (MEC), est\u00e1 desenvolvendo, em parceria com a Universidade Federal de S\u00e3o Carlos (UFSCar), o Projeto Mentoria e Coopera\u00e7\u00e3o em Gest\u00e3o Escolar.\" \/>\n<meta property=\"og:url\" content=\"https:\/\/abrelivros.org.br\/site\/projeto-mentoria-se-destina-a-formacao-de-diretores-de-escolas-publicas\/\" \/>\n<meta property=\"og:site_name\" content=\"Abrelivros\" \/>\n<meta property=\"article:published_time\" content=\"2021-03-18T18:03:44+00:00\" \/>\n<meta name=\"twitter:card\" content=\"summary_large_image\" \/>\n<script type=\"application\/ld+json\" class=\"yoast-schema-graph\">{\"@context\":\"https:\/\/schema.org\",\"@graph\":[{\"@type\":\"WebSite\",\"@id\":\"https:\/\/abrelivros.org.br\/site\/#website\",\"url\":\"https:\/\/abrelivros.org.br\/site\/\",\"name\":\"Abrelivros\",\"description\":\"\",\"potentialAction\":[{\"@type\":\"SearchAction\",\"target\":\"https:\/\/abrelivros.org.br\/site\/?s={search_term_string}\",\"query-input\":\"required name=search_term_string\"}],\"inLanguage\":\"pt-BR\"},{\"@type\":\"WebPage\",\"@id\":\"https:\/\/abrelivros.org.br\/site\/projeto-mentoria-se-destina-a-formacao-de-diretores-de-escolas-publicas\/#webpage\",\"url\":\"https:\/\/abrelivros.org.br\/site\/projeto-mentoria-se-destina-a-formacao-de-diretores-de-escolas-publicas\/\",\"name\":\"Projeto Mentoria se destina \\u00e0 forma\\u00e7\\u00e3o de diretores de escolas p\\u00fablicas &raquo; Abrelivros\",\"isPartOf\":{\"@id\":\"https:\/\/abrelivros.org.br\/site\/#website\"},\"datePublished\":\"2021-03-18T18:03:44+00:00\",\"dateModified\":\"2021-03-18T18:03:44+00:00\",\"author\":{\"@id\":\"https:\/\/abrelivros.org.br\/site\/#\/schema\/person\/65db80e26409802ce15ac5feec6a15fd\"},\"breadcrumb\":{\"@id\":\"https:\/\/abrelivros.org.br\/site\/projeto-mentoria-se-destina-a-formacao-de-diretores-de-escolas-publicas\/#breadcrumb\"},\"inLanguage\":\"pt-BR\",\"potentialAction\":[{\"@type\":\"ReadAction\",\"target\":[\"https:\/\/abrelivros.org.br\/site\/projeto-mentoria-se-destina-a-formacao-de-diretores-de-escolas-publicas\/\"]}]},{\"@type\":\"BreadcrumbList\",\"@id\":\"https:\/\/abrelivros.org.br\/site\/projeto-mentoria-se-destina-a-formacao-de-diretores-de-escolas-publicas\/#breadcrumb\",\"itemListElement\":[{\"@type\":\"ListItem\",\"position\":1,\"item\":{\"@type\":\"WebPage\",\"@id\":\"https:\/\/abrelivros.org.br\/site\/\",\"url\":\"https:\/\/abrelivros.org.br\/site\/\",\"name\":\"In\\u00edcio\"}},{\"@type\":\"ListItem\",\"position\":2,\"item\":{\"@type\":\"WebPage\",\"@id\":\"https:\/\/abrelivros.org.br\/site\/category\/noticias\/\",\"url\":\"https:\/\/abrelivros.org.br\/site\/category\/noticias\/\",\"name\":\"Not\\u00edcias\"}},{\"@type\":\"ListItem\",\"position\":3,\"item\":{\"@type\":\"WebPage\",\"@id\":\"https:\/\/abrelivros.org.br\/site\/category\/noticias\/noticias-da-imprensa\/\",\"url\":\"https:\/\/abrelivros.org.br\/site\/category\/noticias\/noticias-da-imprensa\/\",\"name\":\"Not\\u00edcias da imprensa\"}},{\"@type\":\"ListItem\",\"position\":4,\"item\":{\"@type\":\"WebPage\",\"@id\":\"https:\/\/abrelivros.org.br\/site\/projeto-mentoria-se-destina-a-formacao-de-diretores-de-escolas-publicas\/\",\"url\":\"https:\/\/abrelivros.org.br\/site\/projeto-mentoria-se-destina-a-formacao-de-diretores-de-escolas-publicas\/\",\"name\":\"Projeto Mentoria se destina \\u00e0 forma\\u00e7\\u00e3o de diretores de escolas p\\u00fablicas\"}}]},{\"@type\":\"Person\",\"@id\":\"https:\/\/abrelivros.org.br\/site\/#\/schema\/person\/65db80e26409802ce15ac5feec6a15fd\",\"name\":\"Reda\\u00e7\\u00e3o Abrelivros\",\"image\":{\"@type\":\"ImageObject\",\"@id\":\"https:\/\/abrelivros.org.br\/site\/#personlogo\",\"inLanguage\":\"pt-BR\",\"url\":\"https:\/\/secure.gravatar.com\/avatar\/c4e57f9c7e3482965bd428192061218520756c39080b1d1820b679fa5e9af192?s=96&d=mm&r=g\",\"caption\":\"Reda\\u00e7\\u00e3o Abrelivros\"}}]}<\/script>\n<!-- \/ Yoast SEO plugin. -->","_links":{"self":[{"href":"https:\/\/abrelivros.org.br\/site\/wp-json\/wp\/v2\/posts\/13481","targetHints":{"allow":["GET"]}}],"collection":[{"href":"https:\/\/abrelivros.org.br\/site\/wp-json\/wp\/v2\/posts"}],"about":[{"href":"https:\/\/abrelivros.org.br\/site\/wp-json\/wp\/v2\/types\/post"}],"author":[{"embeddable":true,"href":"https:\/\/abrelivros.org.br\/site\/wp-json\/wp\/v2\/users\/4"}],"replies":[{"embeddable":true,"href":"https:\/\/abrelivros.org.br\/site\/wp-json\/wp\/v2\/comments?post=13481"}],"version-history":[{"count":1,"href":"https:\/\/abrelivros.org.br\/site\/wp-json\/wp\/v2\/posts\/13481\/revisions"}],"predecessor-version":[{"id":13482,"href":"https:\/\/abrelivros.org.br\/site\/wp-json\/wp\/v2\/posts\/13481\/revisions\/13482"}],"wp:attachment":[{"href":"https:\/\/abrelivros.org.br\/site\/wp-json\/wp\/v2\/media?parent=13481"}],"wp:term":[{"taxonomy":"category","embeddable":true,"href":"https:\/\/abrelivros.org.br\/site\/wp-json\/wp\/v2\/categories?post=13481"},{"taxonomy":"post_tag","embeddable":true,"href":"https:\/\/abrelivros.org.br\/site\/wp-json\/wp\/v2\/tags?post=13481"}],"curies":[{"name":"wp","href":"https:\/\/api.w.org\/{rel}","templated":true}]}}