{"id":13479,"date":"2021-03-17T13:36:22","date_gmt":"2021-03-17T16:36:22","guid":{"rendered":"https:\/\/abrelivros.org.br\/site\/?p=13479"},"modified":"2021-03-17T13:36:22","modified_gmt":"2021-03-17T16:36:22","slug":"curso-abc-finaliza-primeiro-modulo","status":"publish","type":"post","link":"https:\/\/abrelivros.org.br\/site\/curso-abc-finaliza-primeiro-modulo\/","title":{"rendered":"Curso ABC finaliza primeiro m\u00f3dulo"},"content":{"rendered":"<p>Cumprindo o cronograma previsto, o Curso Alfabetiza\u00e7\u00e3o Baseada na Ci\u00eancia (ABC) liberou a \u00faltima parte do M\u00f3dulo A, nesta segunda-feira, 15. O cap\u00edtulo traz o tema \u201cDo som \u00e0 linguagem: perspectiva neurocognitiva entre a faculdade universal da linguagem e diferen\u00e7as interlingu\u00edsticas no processamento\u201d.<!--more--><\/p>\n<p>Escrita por Tom\u00e1s Goucha, do Instituto Max Planck para as Ci\u00eancias Cognitivas e Neuroci\u00eancias, em Leipzig (Alemanha), a unidade aponta os dom\u00ednios nos quais o estudo cient\u00edfico da linguagem se divide: categoriza\u00e7\u00e3o dos sons da fala (fon\u00e9tica), an\u00e1lise dos significados veiculados pelas palavras (sem\u00e2ntica) e descri\u00e7\u00e3o das regras, segundo as quais estas se juntam para formar frases (sintaxe).<\/p>\n<p>O cap\u00edtulo anterior foi moldado por Diana Alves, professora auxiliar da Faculdade de Psicologia e Ci\u00eancias da Educa\u00e7\u00e3o da Universidade do Porto (Portugal). Essa etapa apresentou aos alfabetizadores o Modelo de Resposta \u00e0 Interven\u00e7\u00e3o (RTI) \u2013 do ingl\u00eas Response to Intervention Model \u2013 uma metodologia para lidar com as dificuldades dos alunos.<\/p>\n<p>Conforme o material, o RTI deve garantir a cada aluno as melhores oportunidades para o sucesso escolar. Al\u00e9m disso, permite identificar aqueles que est\u00e3o em risco e monitorar o progresso de todos para ajustar o tipo, a intensidade e a frequ\u00eancia da interven\u00e7\u00e3o. Diana Alves conta que o modelo \u201cpermite mapear os grupos, conhecer as diferen\u00e7as que esses grupos integram e planejar, de maneira rigorosa, uma interven\u00e7\u00e3o que atenda essas mesmas diferen\u00e7as, otimize os recursos e se ajuste ao progresso de cada um\u201d.<\/p>\n<p><strong>Capacita\u00e7\u00e3o<\/strong><\/p>\n<p>Al\u00e9m desses, no M\u00f3dulo A foram oferecidos outros quatro assuntos: Pol\u00edticas de Leitura, As Bases Neurobiol\u00f3gicas da Leitura e Fonologia, Ortografia do Portugu\u00eas do Brasil e Ensino e Aprendizagem da Leitura: Fundamentos e Aplica\u00e7\u00f5es.<\/p>\n<p>O curso come\u00e7ou em 11 de janeiro e 162.760 alfabetizadores e alunos de licenciatura j\u00e1 est\u00e3o participando das aulas. Ao todo, a forma\u00e7\u00e3o abriu 180 mil vagas, por isso, os interessados ainda podem se inscrever pelo Ambiente Virtual do MEC (<a href=\"https:\/\/r.search.yahoo.com\/_ylt=A2KLfRfL5FBgyK0AdArz6Qt.;_ylu=Y29sbwNiZjEEcG9zAzEEdnRpZAMEc2VjA3Ny\/RV=2\/RE=1615942987\/RO=10\/RU=https%3a%2f%2favamec.mec.gov.br%2f\/RK=2\/RS=Im_J6cnRK3Atgh8WZEJRu1Di0ak-\" target=\"_blank\" rel=\"noopener noreferrer\">Avamec<\/a>) e ter\u00e3o acesso a todo o conte\u00fado j\u00e1 oferecido e aos pr\u00f3ximos tr\u00eas m\u00f3dulos previstos.<\/p>\n<p><strong>Curso ABC<\/strong><\/p>\n<p>A\u00e7\u00e3o do Minist\u00e9rio da Educa\u00e7\u00e3o (MEC), por meio da CAPES e da Secretaria de Alfabetiza\u00e7\u00e3o (Sealf), o Curso ABC ir\u00e1 preparar alfabetizadores infantis e estudantes de licenciatura. Parte do programa <a href=\"http:\/\/alfabetizacao.mec.gov.br\/tempo-de-aprender\" target=\"_blank\" rel=\"noopener noreferrer\">Tempo de Aprender<\/a>, a capacita\u00e7\u00e3o envolve ainda outras tr\u00eas institui\u00e7\u00f5es de ensino portuguesas: <a href=\"https:\/\/portal.uab.pt\/\" target=\"_blank\" rel=\"noopener noreferrer\">Universidade Aberta de Portugal<\/a> (UAB), o <a href=\"https:\/\/www.ipp.pt\/\" target=\"_blank\" rel=\"noopener noreferrer\">Instituto Polit\u00e9cnico do Porto<\/a> e a <a href=\"https:\/\/sigarra.up.pt\/up\/pt\/web_base.gera_pagina?p_pagina=home\" target=\"_blank\" rel=\"noopener noreferrer\">Universidade do Porto<\/a>.<\/p>\n","protected":false},"excerpt":{"rendered":"<p>Cumprindo o cronograma previsto, o Curso Alfabetiza\u00e7\u00e3o Baseada na Ci\u00eancia (ABC) liberou a \u00faltima parte do M\u00f3dulo A, nesta segunda-feira, 15. O cap\u00edtulo traz o tema \u201cDo som \u00e0 linguagem: perspectiva neurocognitiva entre a faculdade universal da linguagem e diferen\u00e7as interlingu\u00edsticas no processamento\u201d.<\/p>\n","protected":false},"author":4,"featured_media":0,"comment_status":"closed","ping_status":"closed","sticky":false,"template":"","format":"standard","meta":{"footnotes":"","_links_to":"","_links_to_target":""},"categories":[9],"tags":[],"class_list":["post-13479","post","type-post","status-publish","format-standard","hentry","category-noticias-da-imprensa"],"yoast_head":"<!-- This site is optimized with the Yoast SEO plugin v15.1 - https:\/\/yoast.com\/wordpress\/plugins\/seo\/ -->\n<title>Curso ABC finaliza primeiro m\u00f3dulo &raquo; Abrelivros<\/title>\n<meta name=\"robots\" content=\"index, follow, max-snippet:-1, max-image-preview:large, max-video-preview:-1\" \/>\n<link rel=\"canonical\" href=\"https:\/\/abrelivros.org.br\/site\/curso-abc-finaliza-primeiro-modulo\/\" \/>\n<meta property=\"og:locale\" content=\"pt_BR\" \/>\n<meta property=\"og:type\" content=\"article\" \/>\n<meta property=\"og:title\" content=\"Curso ABC finaliza primeiro m\u00f3dulo &raquo; Abrelivros\" \/>\n<meta property=\"og:description\" content=\"Cumprindo o cronograma previsto, o Curso Alfabetiza\u00e7\u00e3o Baseada na Ci\u00eancia (ABC) liberou a \u00faltima parte do M\u00f3dulo A, nesta segunda-feira, 15. O cap\u00edtulo traz o tema \u201cDo som \u00e0 linguagem: perspectiva neurocognitiva entre a faculdade universal da linguagem e diferen\u00e7as interlingu\u00edsticas no processamento\u201d.\" \/>\n<meta property=\"og:url\" content=\"https:\/\/abrelivros.org.br\/site\/curso-abc-finaliza-primeiro-modulo\/\" \/>\n<meta property=\"og:site_name\" content=\"Abrelivros\" \/>\n<meta property=\"article:published_time\" content=\"2021-03-17T16:36:22+00:00\" \/>\n<meta name=\"twitter:card\" content=\"summary_large_image\" \/>\n<script type=\"application\/ld+json\" class=\"yoast-schema-graph\">{\"@context\":\"https:\/\/schema.org\",\"@graph\":[{\"@type\":\"WebSite\",\"@id\":\"https:\/\/abrelivros.org.br\/site\/#website\",\"url\":\"https:\/\/abrelivros.org.br\/site\/\",\"name\":\"Abrelivros\",\"description\":\"\",\"potentialAction\":[{\"@type\":\"SearchAction\",\"target\":\"https:\/\/abrelivros.org.br\/site\/?s={search_term_string}\",\"query-input\":\"required name=search_term_string\"}],\"inLanguage\":\"pt-BR\"},{\"@type\":\"WebPage\",\"@id\":\"https:\/\/abrelivros.org.br\/site\/curso-abc-finaliza-primeiro-modulo\/#webpage\",\"url\":\"https:\/\/abrelivros.org.br\/site\/curso-abc-finaliza-primeiro-modulo\/\",\"name\":\"Curso ABC finaliza primeiro m\\u00f3dulo &raquo; Abrelivros\",\"isPartOf\":{\"@id\":\"https:\/\/abrelivros.org.br\/site\/#website\"},\"datePublished\":\"2021-03-17T16:36:22+00:00\",\"dateModified\":\"2021-03-17T16:36:22+00:00\",\"author\":{\"@id\":\"https:\/\/abrelivros.org.br\/site\/#\/schema\/person\/65db80e26409802ce15ac5feec6a15fd\"},\"breadcrumb\":{\"@id\":\"https:\/\/abrelivros.org.br\/site\/curso-abc-finaliza-primeiro-modulo\/#breadcrumb\"},\"inLanguage\":\"pt-BR\",\"potentialAction\":[{\"@type\":\"ReadAction\",\"target\":[\"https:\/\/abrelivros.org.br\/site\/curso-abc-finaliza-primeiro-modulo\/\"]}]},{\"@type\":\"BreadcrumbList\",\"@id\":\"https:\/\/abrelivros.org.br\/site\/curso-abc-finaliza-primeiro-modulo\/#breadcrumb\",\"itemListElement\":[{\"@type\":\"ListItem\",\"position\":1,\"item\":{\"@type\":\"WebPage\",\"@id\":\"https:\/\/abrelivros.org.br\/site\/\",\"url\":\"https:\/\/abrelivros.org.br\/site\/\",\"name\":\"In\\u00edcio\"}},{\"@type\":\"ListItem\",\"position\":2,\"item\":{\"@type\":\"WebPage\",\"@id\":\"https:\/\/abrelivros.org.br\/site\/category\/noticias\/\",\"url\":\"https:\/\/abrelivros.org.br\/site\/category\/noticias\/\",\"name\":\"Not\\u00edcias\"}},{\"@type\":\"ListItem\",\"position\":3,\"item\":{\"@type\":\"WebPage\",\"@id\":\"https:\/\/abrelivros.org.br\/site\/category\/noticias\/noticias-da-imprensa\/\",\"url\":\"https:\/\/abrelivros.org.br\/site\/category\/noticias\/noticias-da-imprensa\/\",\"name\":\"Not\\u00edcias da imprensa\"}},{\"@type\":\"ListItem\",\"position\":4,\"item\":{\"@type\":\"WebPage\",\"@id\":\"https:\/\/abrelivros.org.br\/site\/curso-abc-finaliza-primeiro-modulo\/\",\"url\":\"https:\/\/abrelivros.org.br\/site\/curso-abc-finaliza-primeiro-modulo\/\",\"name\":\"Curso ABC finaliza primeiro m\\u00f3dulo\"}}]},{\"@type\":\"Person\",\"@id\":\"https:\/\/abrelivros.org.br\/site\/#\/schema\/person\/65db80e26409802ce15ac5feec6a15fd\",\"name\":\"Reda\\u00e7\\u00e3o Abrelivros\",\"image\":{\"@type\":\"ImageObject\",\"@id\":\"https:\/\/abrelivros.org.br\/site\/#personlogo\",\"inLanguage\":\"pt-BR\",\"url\":\"https:\/\/secure.gravatar.com\/avatar\/c4e57f9c7e3482965bd428192061218520756c39080b1d1820b679fa5e9af192?s=96&d=mm&r=g\",\"caption\":\"Reda\\u00e7\\u00e3o Abrelivros\"}}]}<\/script>\n<!-- \/ Yoast SEO plugin. -->","_links":{"self":[{"href":"https:\/\/abrelivros.org.br\/site\/wp-json\/wp\/v2\/posts\/13479","targetHints":{"allow":["GET"]}}],"collection":[{"href":"https:\/\/abrelivros.org.br\/site\/wp-json\/wp\/v2\/posts"}],"about":[{"href":"https:\/\/abrelivros.org.br\/site\/wp-json\/wp\/v2\/types\/post"}],"author":[{"embeddable":true,"href":"https:\/\/abrelivros.org.br\/site\/wp-json\/wp\/v2\/users\/4"}],"replies":[{"embeddable":true,"href":"https:\/\/abrelivros.org.br\/site\/wp-json\/wp\/v2\/comments?post=13479"}],"version-history":[{"count":1,"href":"https:\/\/abrelivros.org.br\/site\/wp-json\/wp\/v2\/posts\/13479\/revisions"}],"predecessor-version":[{"id":13480,"href":"https:\/\/abrelivros.org.br\/site\/wp-json\/wp\/v2\/posts\/13479\/revisions\/13480"}],"wp:attachment":[{"href":"https:\/\/abrelivros.org.br\/site\/wp-json\/wp\/v2\/media?parent=13479"}],"wp:term":[{"taxonomy":"category","embeddable":true,"href":"https:\/\/abrelivros.org.br\/site\/wp-json\/wp\/v2\/categories?post=13479"},{"taxonomy":"post_tag","embeddable":true,"href":"https:\/\/abrelivros.org.br\/site\/wp-json\/wp\/v2\/tags?post=13479"}],"curies":[{"name":"wp","href":"https:\/\/api.w.org\/{rel}","templated":true}]}}