{"id":13477,"date":"2021-03-17T13:28:38","date_gmt":"2021-03-17T16:28:38","guid":{"rendered":"https:\/\/abrelivros.org.br\/site\/?p=13477"},"modified":"2021-03-17T13:28:38","modified_gmt":"2021-03-17T16:28:38","slug":"milton-ribeiro-diz-esperar-vacinacao-de-professores-a-partir-de-abril","status":"publish","type":"post","link":"https:\/\/abrelivros.org.br\/site\/milton-ribeiro-diz-esperar-vacinacao-de-professores-a-partir-de-abril\/","title":{"rendered":"Milton Ribeiro diz esperar vacina\u00e7\u00e3o de professores a partir de abril"},"content":{"rendered":"<p>Ap\u00f3s reuni\u00e3o no Minist\u00e9rio da Sa\u00fade, o ministro da Educa\u00e7\u00e3o, o pastor Milton Ribeiro, disse nesta ter\u00e7a-feira (16) esperar que a vacina\u00e7\u00e3o contra a Covid-19 de professores e demais trabalhadores de educa\u00e7\u00e3o ocorra ainda em abril.<!--more--><\/p>\n<p>O pedido para adiantar o cronograma foi feito por Ribeiro ao general Eduardo Pazuello, <a href=\"https:\/\/www1.folha.uol.com.br\/equilibrioesaude\/2021\/03\/politica-e-do-governo-bolsonaro-nao-do-ministro-da-saude-diz-marcelo-queiroga.shtml\" target=\"_blank\" rel=\"noopener noreferrer\">que se prepara para deixar o comando da Sa\u00fade<\/a>, e a equipe da pasta. O governo Jair Bolsonaro (sem partido)<a href=\"https:\/\/www1.folha.uol.com.br\/equilibrioesaude\/2021\/03\/vacinacao-contra-covid-so-atingiu-um-terco-das-pessoas-nos-grupos-prioritarios-diz-estudo.shtml\" target=\"_blank\" rel=\"noopener noreferrer\"> n\u00e3o tem conseguido acelerar o plano de vacina\u00e7\u00e3o contra a doen\u00e7a<\/a>.<\/p>\n<p>Atualmente, trabalhadores de educa\u00e7\u00e3o j\u00e1 est\u00e3o previstos entre os grupos priorit\u00e1rios para receber a vacina contra a Covid, mas ainda n\u00e3o havia informa\u00e7\u00f5es de quando isso pode ocorrer.<\/p>\n<p>&#8220;Vim aqui pedir para que analisem a possibilidade de vacinar todos os professores para que possamos retomar a quest\u00e3o das aulas presenciais. Esse foi nosso objetivo&#8221;, disse ele, segundo quem o pedido se referia tanto \u00e0 rede p\u00fablica quanto privada.<\/p>\n<p>&#8220;A resposta \u00e9 que ser\u00e1 analisado o mais cedo poss\u00edvel, e que isso vai entrar na escala. Acredito que antes de maio, em abril, j\u00e1 vai ser poss\u00edvel&#8221;, completou.<\/p>\n<p>O pa\u00eds tem entre 2,5 milh\u00f5es e 3 milh\u00f5es de profissionais que poderiam ser alvo da estrat\u00e9gia de vacina\u00e7\u00e3o. A possibilidade de antecipar a vacina\u00e7\u00e3o de professores tamb\u00e9m tem sido pleiteada por associa\u00e7\u00f5es que re\u00fanem prefeitos.<\/p>\n<p>Em fevereiro, Pazuello <a href=\"https:\/\/www1.folha.uol.com.br\/equilibrioesaude\/2021\/02\/ministro-diz-a-prefeitos-que-nao-precisam-mais-reservar-2a-dose-e-ira-antecipar-vacinacao-de-professores.shtml\" target=\"_blank\" rel=\"noopener noreferrer\">chegou a dizer em reuni\u00e3o com gestores municipais que tentaria antecipar a vacina\u00e7\u00e3o de professores para mar\u00e7o<\/a>. A data, por\u00e9m, n\u00e3o foi confirmada.<\/p>\n<p>Recentemente, a pasta tem feito altera\u00e7\u00f5es no cronograma de doses, atribuindo o atraso a produtores.<\/p>\n<p>No in\u00edcio de mar\u00e7o, o ministro Milton Ribeiro publicou em suas redes sociais mensagem em que comemorava a inclus\u00e3o de profissionais da educa\u00e7\u00e3o por parte do governo ap\u00f3s demanda do MEC.<\/p>\n<p>A pasta n\u00e3o explicou, mesmo questionada na ocasi\u00e3o, a que se referia a celebra\u00e7\u00e3o, uma vez que o grupo j\u00e1 estava contemplado nos planos de prioriza\u00e7\u00e3o do Minist\u00e9rio da Sa\u00fade. O que faltava era uma data, segundo Ribeiro.<\/p>\n<p>Atualmente, a vacina\u00e7\u00e3o de professores e trabalhadores de educa\u00e7\u00e3o \u00e9 prevista como o 19\u00ba grupo priorit\u00e1rio, depois de idosos, pessoas com comorbidades e da popula\u00e7\u00e3o carcer\u00e1ria.<\/p>\n<p>O ministro j\u00e1 declarou ser favor\u00e1vel <a href=\"https:\/\/www1.folha.uol.com.br\/educacao\/2021\/03\/internet-e-infraestrutura-sao-maiores-entraves-para-volta-as-aulas-nos-municipios.shtml\" target=\"_blank\" rel=\"noopener noreferrer\">ao retorno \u00e0s aulas presenciais em meio \u00e0 pandemia<\/a>. Com aulas presenciais interrompidas desde mar\u00e7o do ano passado, redes p\u00fablicas planejaram o retorno a partir do m\u00eas passado.<\/p>\n<p>A alta de casos da Covid-19 neste ano, entretanto, pressionou redes<a href=\"https:\/\/agora.folha.uol.com.br\/sao-paulo\/2021\/03\/aulas-presenciais-em-sao-paulo-serao-suspensas-a-partir-de-quarta-feira-17.shtml\" target=\"_blank\" rel=\"noopener noreferrer\"> como a municipal e estadual de S\u00e3o Paulo, que recuaram<\/a>.<\/p>\n<p>Ao visitar o Minist\u00e9rio da Sa\u00fade, Ribeiro tenta ganhar relev\u00e2ncia na Esplanada dos Minist\u00e9rios, onde \u00e9<a href=\"https:\/\/www1.folha.uol.com.br\/educacao\/2020\/11\/visto-como-decorativo-ministro-da-educacao-privilegia-viagens-e-agendas-com-bolsonaro.shtml\" target=\"_blank\" rel=\"noopener noreferrer\"> visto como decorativo e distante dos assuntos da pasta.<\/a> Desde que assumiu o cargo, tem priorizado agendas com o presidente Jair Bolsonaro (sem partido).<\/p>\n","protected":false},"excerpt":{"rendered":"<p>Ap\u00f3s reuni\u00e3o no Minist\u00e9rio da Sa\u00fade, o ministro da Educa\u00e7\u00e3o, o pastor Milton Ribeiro, disse nesta ter\u00e7a-feira (16) esperar que a vacina\u00e7\u00e3o contra a Covid-19 de professores e demais trabalhadores de educa\u00e7\u00e3o ocorra ainda em abril.<\/p>\n","protected":false},"author":4,"featured_media":0,"comment_status":"closed","ping_status":"closed","sticky":false,"template":"","format":"standard","meta":{"footnotes":"","_links_to":"","_links_to_target":""},"categories":[9],"tags":[],"class_list":["post-13477","post","type-post","status-publish","format-standard","hentry","category-noticias-da-imprensa"],"yoast_head":"<!-- This site is optimized with the Yoast SEO plugin v15.1 - https:\/\/yoast.com\/wordpress\/plugins\/seo\/ -->\n<title>Milton Ribeiro diz esperar vacina\u00e7\u00e3o de professores a partir de abril &raquo; Abrelivros<\/title>\n<meta name=\"robots\" content=\"index, follow, max-snippet:-1, max-image-preview:large, max-video-preview:-1\" \/>\n<link rel=\"canonical\" href=\"https:\/\/abrelivros.org.br\/site\/milton-ribeiro-diz-esperar-vacinacao-de-professores-a-partir-de-abril\/\" \/>\n<meta property=\"og:locale\" content=\"pt_BR\" \/>\n<meta property=\"og:type\" content=\"article\" \/>\n<meta property=\"og:title\" content=\"Milton Ribeiro diz esperar vacina\u00e7\u00e3o de professores a partir de abril &raquo; Abrelivros\" \/>\n<meta property=\"og:description\" content=\"Ap\u00f3s reuni\u00e3o no Minist\u00e9rio da Sa\u00fade, o ministro da Educa\u00e7\u00e3o, o pastor Milton Ribeiro, disse nesta ter\u00e7a-feira (16) esperar que a vacina\u00e7\u00e3o contra a Covid-19 de professores e demais trabalhadores de educa\u00e7\u00e3o ocorra ainda em abril.\" \/>\n<meta property=\"og:url\" content=\"https:\/\/abrelivros.org.br\/site\/milton-ribeiro-diz-esperar-vacinacao-de-professores-a-partir-de-abril\/\" \/>\n<meta property=\"og:site_name\" content=\"Abrelivros\" \/>\n<meta property=\"article:published_time\" content=\"2021-03-17T16:28:38+00:00\" \/>\n<meta name=\"twitter:card\" content=\"summary_large_image\" \/>\n<script type=\"application\/ld+json\" class=\"yoast-schema-graph\">{\"@context\":\"https:\/\/schema.org\",\"@graph\":[{\"@type\":\"WebSite\",\"@id\":\"https:\/\/abrelivros.org.br\/site\/#website\",\"url\":\"https:\/\/abrelivros.org.br\/site\/\",\"name\":\"Abrelivros\",\"description\":\"\",\"potentialAction\":[{\"@type\":\"SearchAction\",\"target\":\"https:\/\/abrelivros.org.br\/site\/?s={search_term_string}\",\"query-input\":\"required name=search_term_string\"}],\"inLanguage\":\"pt-BR\"},{\"@type\":\"WebPage\",\"@id\":\"https:\/\/abrelivros.org.br\/site\/milton-ribeiro-diz-esperar-vacinacao-de-professores-a-partir-de-abril\/#webpage\",\"url\":\"https:\/\/abrelivros.org.br\/site\/milton-ribeiro-diz-esperar-vacinacao-de-professores-a-partir-de-abril\/\",\"name\":\"Milton Ribeiro diz esperar vacina\\u00e7\\u00e3o de professores a partir de abril &raquo; Abrelivros\",\"isPartOf\":{\"@id\":\"https:\/\/abrelivros.org.br\/site\/#website\"},\"datePublished\":\"2021-03-17T16:28:38+00:00\",\"dateModified\":\"2021-03-17T16:28:38+00:00\",\"author\":{\"@id\":\"https:\/\/abrelivros.org.br\/site\/#\/schema\/person\/65db80e26409802ce15ac5feec6a15fd\"},\"breadcrumb\":{\"@id\":\"https:\/\/abrelivros.org.br\/site\/milton-ribeiro-diz-esperar-vacinacao-de-professores-a-partir-de-abril\/#breadcrumb\"},\"inLanguage\":\"pt-BR\",\"potentialAction\":[{\"@type\":\"ReadAction\",\"target\":[\"https:\/\/abrelivros.org.br\/site\/milton-ribeiro-diz-esperar-vacinacao-de-professores-a-partir-de-abril\/\"]}]},{\"@type\":\"BreadcrumbList\",\"@id\":\"https:\/\/abrelivros.org.br\/site\/milton-ribeiro-diz-esperar-vacinacao-de-professores-a-partir-de-abril\/#breadcrumb\",\"itemListElement\":[{\"@type\":\"ListItem\",\"position\":1,\"item\":{\"@type\":\"WebPage\",\"@id\":\"https:\/\/abrelivros.org.br\/site\/\",\"url\":\"https:\/\/abrelivros.org.br\/site\/\",\"name\":\"In\\u00edcio\"}},{\"@type\":\"ListItem\",\"position\":2,\"item\":{\"@type\":\"WebPage\",\"@id\":\"https:\/\/abrelivros.org.br\/site\/category\/noticias\/\",\"url\":\"https:\/\/abrelivros.org.br\/site\/category\/noticias\/\",\"name\":\"Not\\u00edcias\"}},{\"@type\":\"ListItem\",\"position\":3,\"item\":{\"@type\":\"WebPage\",\"@id\":\"https:\/\/abrelivros.org.br\/site\/category\/noticias\/noticias-da-imprensa\/\",\"url\":\"https:\/\/abrelivros.org.br\/site\/category\/noticias\/noticias-da-imprensa\/\",\"name\":\"Not\\u00edcias da imprensa\"}},{\"@type\":\"ListItem\",\"position\":4,\"item\":{\"@type\":\"WebPage\",\"@id\":\"https:\/\/abrelivros.org.br\/site\/milton-ribeiro-diz-esperar-vacinacao-de-professores-a-partir-de-abril\/\",\"url\":\"https:\/\/abrelivros.org.br\/site\/milton-ribeiro-diz-esperar-vacinacao-de-professores-a-partir-de-abril\/\",\"name\":\"Milton Ribeiro diz esperar vacina\\u00e7\\u00e3o de professores a partir de abril\"}}]},{\"@type\":\"Person\",\"@id\":\"https:\/\/abrelivros.org.br\/site\/#\/schema\/person\/65db80e26409802ce15ac5feec6a15fd\",\"name\":\"Reda\\u00e7\\u00e3o Abrelivros\",\"image\":{\"@type\":\"ImageObject\",\"@id\":\"https:\/\/abrelivros.org.br\/site\/#personlogo\",\"inLanguage\":\"pt-BR\",\"url\":\"https:\/\/secure.gravatar.com\/avatar\/c4e57f9c7e3482965bd428192061218520756c39080b1d1820b679fa5e9af192?s=96&d=mm&r=g\",\"caption\":\"Reda\\u00e7\\u00e3o Abrelivros\"}}]}<\/script>\n<!-- \/ Yoast SEO plugin. -->","_links":{"self":[{"href":"https:\/\/abrelivros.org.br\/site\/wp-json\/wp\/v2\/posts\/13477","targetHints":{"allow":["GET"]}}],"collection":[{"href":"https:\/\/abrelivros.org.br\/site\/wp-json\/wp\/v2\/posts"}],"about":[{"href":"https:\/\/abrelivros.org.br\/site\/wp-json\/wp\/v2\/types\/post"}],"author":[{"embeddable":true,"href":"https:\/\/abrelivros.org.br\/site\/wp-json\/wp\/v2\/users\/4"}],"replies":[{"embeddable":true,"href":"https:\/\/abrelivros.org.br\/site\/wp-json\/wp\/v2\/comments?post=13477"}],"version-history":[{"count":1,"href":"https:\/\/abrelivros.org.br\/site\/wp-json\/wp\/v2\/posts\/13477\/revisions"}],"predecessor-version":[{"id":13478,"href":"https:\/\/abrelivros.org.br\/site\/wp-json\/wp\/v2\/posts\/13477\/revisions\/13478"}],"wp:attachment":[{"href":"https:\/\/abrelivros.org.br\/site\/wp-json\/wp\/v2\/media?parent=13477"}],"wp:term":[{"taxonomy":"category","embeddable":true,"href":"https:\/\/abrelivros.org.br\/site\/wp-json\/wp\/v2\/categories?post=13477"},{"taxonomy":"post_tag","embeddable":true,"href":"https:\/\/abrelivros.org.br\/site\/wp-json\/wp\/v2\/tags?post=13477"}],"curies":[{"name":"wp","href":"https:\/\/api.w.org\/{rel}","templated":true}]}}