{"id":13475,"date":"2021-03-17T13:19:12","date_gmt":"2021-03-17T16:19:12","guid":{"rendered":"https:\/\/abrelivros.org.br\/site\/?p=13475"},"modified":"2021-03-17T13:19:12","modified_gmt":"2021-03-17T16:19:12","slug":"ministro-da-educacao-reforca-pedido-para-que-professores-sejam-vacinados","status":"publish","type":"post","link":"https:\/\/abrelivros.org.br\/site\/ministro-da-educacao-reforca-pedido-para-que-professores-sejam-vacinados\/","title":{"rendered":"Ministro da Educa\u00e7\u00e3o refor\u00e7a pedido para que professores sejam vacinados"},"content":{"rendered":"<p>O ministro da Educa\u00e7\u00e3o, Milton Ribeiro, refor\u00e7ou nesta ter\u00e7a-feira (16) pedido para que professores e profissionais da educa\u00e7\u00e3o possam ser vacinados contra a covid-19 a fim de garantir a retomada das aulas presenciais. Segundo informou, o pedido &#8220;est\u00e1 sendo analisado&#8221;.<!--more--><\/p>\n<p>&#8220;Eu vim aqui pedir pra que eles analisem a possibilidade de vacinar todos os professores para que a gente possa retomar a quest\u00e3o da aulas presenciais, esse foi o nosso objetivo, mais nenhum&#8221;, afirmou Ribeiro na sa\u00edda da reuni\u00e3o com o m\u00e9dico Marcelo Queiroga indicado para assumir o Minist\u00e9rio da Sa\u00fade. Conforme refor\u00e7ou, este pedido j\u00e1 havia sido feito em outubro do \u00faltimo ano e refor\u00e7ado nesta reuni\u00e3o.<\/p>\n<p>A previs\u00e3o de Ribeiro \u00e9 que at\u00e9 antes de maio seja poss\u00edvel iniciar a vacina\u00e7\u00e3o deste grupo, com expectativa de incluir de 2 milh\u00f5es a 3 milh\u00f5es, entre professores, porteiros, merendeiros e seguran\u00e7as escolares. Segundo o ministro, o pedido atende \u00e0 demanda do Conselho Nacional de Secret\u00e1rios de Educa\u00e7\u00e3o (Consed) e Uni\u00e3o Nacional dos Dirigentes Municipais de Educa\u00e7\u00e3o (Undime).<\/p>\n","protected":false},"excerpt":{"rendered":"<p>O ministro da Educa\u00e7\u00e3o, Milton Ribeiro, refor\u00e7ou nesta ter\u00e7a-feira (16) pedido para que professores e profissionais da educa\u00e7\u00e3o possam ser vacinados contra a covid-19 a fim de garantir a retomada das aulas presenciais. Segundo informou, o pedido &#8220;est\u00e1 sendo analisado&#8221;.<\/p>\n","protected":false},"author":4,"featured_media":0,"comment_status":"closed","ping_status":"closed","sticky":false,"template":"","format":"standard","meta":{"footnotes":"","_links_to":"","_links_to_target":""},"categories":[9],"tags":[],"class_list":["post-13475","post","type-post","status-publish","format-standard","hentry","category-noticias-da-imprensa"],"yoast_head":"<!-- This site is optimized with the Yoast SEO plugin v15.1 - https:\/\/yoast.com\/wordpress\/plugins\/seo\/ -->\n<title>Ministro da Educa\u00e7\u00e3o refor\u00e7a pedido para que professores sejam vacinados &raquo; Abrelivros<\/title>\n<meta name=\"robots\" content=\"index, follow, max-snippet:-1, max-image-preview:large, max-video-preview:-1\" \/>\n<link rel=\"canonical\" href=\"https:\/\/abrelivros.org.br\/site\/ministro-da-educacao-reforca-pedido-para-que-professores-sejam-vacinados\/\" \/>\n<meta property=\"og:locale\" content=\"pt_BR\" \/>\n<meta property=\"og:type\" content=\"article\" \/>\n<meta property=\"og:title\" content=\"Ministro da Educa\u00e7\u00e3o refor\u00e7a pedido para que professores sejam vacinados &raquo; Abrelivros\" \/>\n<meta property=\"og:description\" content=\"O ministro da Educa\u00e7\u00e3o, Milton Ribeiro, refor\u00e7ou nesta ter\u00e7a-feira (16) pedido para que professores e profissionais da educa\u00e7\u00e3o possam ser vacinados contra a covid-19 a fim de garantir a retomada das aulas presenciais. Segundo informou, o pedido &#8220;est\u00e1 sendo analisado&#8221;.\" \/>\n<meta property=\"og:url\" content=\"https:\/\/abrelivros.org.br\/site\/ministro-da-educacao-reforca-pedido-para-que-professores-sejam-vacinados\/\" \/>\n<meta property=\"og:site_name\" content=\"Abrelivros\" \/>\n<meta property=\"article:published_time\" content=\"2021-03-17T16:19:12+00:00\" \/>\n<meta name=\"twitter:card\" content=\"summary_large_image\" \/>\n<script type=\"application\/ld+json\" class=\"yoast-schema-graph\">{\"@context\":\"https:\/\/schema.org\",\"@graph\":[{\"@type\":\"WebSite\",\"@id\":\"https:\/\/abrelivros.org.br\/site\/#website\",\"url\":\"https:\/\/abrelivros.org.br\/site\/\",\"name\":\"Abrelivros\",\"description\":\"\",\"potentialAction\":[{\"@type\":\"SearchAction\",\"target\":\"https:\/\/abrelivros.org.br\/site\/?s={search_term_string}\",\"query-input\":\"required name=search_term_string\"}],\"inLanguage\":\"pt-BR\"},{\"@type\":\"WebPage\",\"@id\":\"https:\/\/abrelivros.org.br\/site\/ministro-da-educacao-reforca-pedido-para-que-professores-sejam-vacinados\/#webpage\",\"url\":\"https:\/\/abrelivros.org.br\/site\/ministro-da-educacao-reforca-pedido-para-que-professores-sejam-vacinados\/\",\"name\":\"Ministro da Educa\\u00e7\\u00e3o refor\\u00e7a pedido para que professores sejam vacinados &raquo; Abrelivros\",\"isPartOf\":{\"@id\":\"https:\/\/abrelivros.org.br\/site\/#website\"},\"datePublished\":\"2021-03-17T16:19:12+00:00\",\"dateModified\":\"2021-03-17T16:19:12+00:00\",\"author\":{\"@id\":\"https:\/\/abrelivros.org.br\/site\/#\/schema\/person\/65db80e26409802ce15ac5feec6a15fd\"},\"breadcrumb\":{\"@id\":\"https:\/\/abrelivros.org.br\/site\/ministro-da-educacao-reforca-pedido-para-que-professores-sejam-vacinados\/#breadcrumb\"},\"inLanguage\":\"pt-BR\",\"potentialAction\":[{\"@type\":\"ReadAction\",\"target\":[\"https:\/\/abrelivros.org.br\/site\/ministro-da-educacao-reforca-pedido-para-que-professores-sejam-vacinados\/\"]}]},{\"@type\":\"BreadcrumbList\",\"@id\":\"https:\/\/abrelivros.org.br\/site\/ministro-da-educacao-reforca-pedido-para-que-professores-sejam-vacinados\/#breadcrumb\",\"itemListElement\":[{\"@type\":\"ListItem\",\"position\":1,\"item\":{\"@type\":\"WebPage\",\"@id\":\"https:\/\/abrelivros.org.br\/site\/\",\"url\":\"https:\/\/abrelivros.org.br\/site\/\",\"name\":\"In\\u00edcio\"}},{\"@type\":\"ListItem\",\"position\":2,\"item\":{\"@type\":\"WebPage\",\"@id\":\"https:\/\/abrelivros.org.br\/site\/category\/noticias\/\",\"url\":\"https:\/\/abrelivros.org.br\/site\/category\/noticias\/\",\"name\":\"Not\\u00edcias\"}},{\"@type\":\"ListItem\",\"position\":3,\"item\":{\"@type\":\"WebPage\",\"@id\":\"https:\/\/abrelivros.org.br\/site\/category\/noticias\/noticias-da-imprensa\/\",\"url\":\"https:\/\/abrelivros.org.br\/site\/category\/noticias\/noticias-da-imprensa\/\",\"name\":\"Not\\u00edcias da imprensa\"}},{\"@type\":\"ListItem\",\"position\":4,\"item\":{\"@type\":\"WebPage\",\"@id\":\"https:\/\/abrelivros.org.br\/site\/ministro-da-educacao-reforca-pedido-para-que-professores-sejam-vacinados\/\",\"url\":\"https:\/\/abrelivros.org.br\/site\/ministro-da-educacao-reforca-pedido-para-que-professores-sejam-vacinados\/\",\"name\":\"Ministro da Educa\\u00e7\\u00e3o refor\\u00e7a pedido para que professores sejam vacinados\"}}]},{\"@type\":\"Person\",\"@id\":\"https:\/\/abrelivros.org.br\/site\/#\/schema\/person\/65db80e26409802ce15ac5feec6a15fd\",\"name\":\"Reda\\u00e7\\u00e3o Abrelivros\",\"image\":{\"@type\":\"ImageObject\",\"@id\":\"https:\/\/abrelivros.org.br\/site\/#personlogo\",\"inLanguage\":\"pt-BR\",\"url\":\"https:\/\/secure.gravatar.com\/avatar\/c4e57f9c7e3482965bd428192061218520756c39080b1d1820b679fa5e9af192?s=96&d=mm&r=g\",\"caption\":\"Reda\\u00e7\\u00e3o Abrelivros\"}}]}<\/script>\n<!-- \/ Yoast SEO plugin. -->","_links":{"self":[{"href":"https:\/\/abrelivros.org.br\/site\/wp-json\/wp\/v2\/posts\/13475","targetHints":{"allow":["GET"]}}],"collection":[{"href":"https:\/\/abrelivros.org.br\/site\/wp-json\/wp\/v2\/posts"}],"about":[{"href":"https:\/\/abrelivros.org.br\/site\/wp-json\/wp\/v2\/types\/post"}],"author":[{"embeddable":true,"href":"https:\/\/abrelivros.org.br\/site\/wp-json\/wp\/v2\/users\/4"}],"replies":[{"embeddable":true,"href":"https:\/\/abrelivros.org.br\/site\/wp-json\/wp\/v2\/comments?post=13475"}],"version-history":[{"count":1,"href":"https:\/\/abrelivros.org.br\/site\/wp-json\/wp\/v2\/posts\/13475\/revisions"}],"predecessor-version":[{"id":13476,"href":"https:\/\/abrelivros.org.br\/site\/wp-json\/wp\/v2\/posts\/13475\/revisions\/13476"}],"wp:attachment":[{"href":"https:\/\/abrelivros.org.br\/site\/wp-json\/wp\/v2\/media?parent=13475"}],"wp:term":[{"taxonomy":"category","embeddable":true,"href":"https:\/\/abrelivros.org.br\/site\/wp-json\/wp\/v2\/categories?post=13475"},{"taxonomy":"post_tag","embeddable":true,"href":"https:\/\/abrelivros.org.br\/site\/wp-json\/wp\/v2\/tags?post=13475"}],"curies":[{"name":"wp","href":"https:\/\/api.w.org\/{rel}","templated":true}]}}