{"id":13473,"date":"2021-03-16T13:18:20","date_gmt":"2021-03-16T16:18:20","guid":{"rendered":"https:\/\/abrelivros.org.br\/site\/?p=13473"},"modified":"2021-03-16T13:18:20","modified_gmt":"2021-03-16T16:18:20","slug":"conheca-o-panorama-das-escolas-brasileiras","status":"publish","type":"post","link":"https:\/\/abrelivros.org.br\/site\/conheca-o-panorama-das-escolas-brasileiras\/","title":{"rendered":"Conhe\u00e7a o panorama das escolas brasileiras"},"content":{"rendered":"<p>As etapas de ensino mais ofertadas nas 179.533 escolas da educa\u00e7\u00e3o b\u00e1sica brasileira s\u00e3o os anos iniciais do ensino fundamental e a pr\u00e9-escola. De acordo com o Censo Escolar 2020, 108.080 (60,2%) e 101.012 (56,3%) estabelecimentos oferecem os dois n\u00edveis educacionais respectivamente.<!--more--> Os dados fazem parte da primeira etapa da pesquisa estat\u00edstica, divulgada pelo Instituto Nacional de Estudos e Pesquisas Educacionais An\u00edsio Teixeira (Inep) em janeiro. Segundo o levantamento, a maioria das escolas contam com classes direcionadas aos primeiros anos da trajet\u00f3ria do aluno. A estrutura escolar se faz objeto de uma reflex\u00e3o especial, nesta segunda-feira, 15 de mar\u00e7o, por ocasi\u00e3o do Dia da Escola.<\/p>\n<p>Em 2020, 113.985 escolas ofertavam educa\u00e7\u00e3o infantil, sendo que 101.012 (88,6%) atendiam pr\u00e9-escola e 70.894 (62,2%), creche. Vale pontuar que o n\u00famero de escolas que oferecem creche aumentou gradualmente ao longo dos \u00faltimos cinco anos monitorados pelo censo. Apesar de uma pequena queda em 2020, houve um acr\u00e9scimo de 8,7% na quantidade de estabelecimentos com creche de 2016 para c\u00e1.<\/p>\n<p>No que diz respeito ao ensino fundamental, 124.840 escolas ofereceram a etapa, em 2020. Dessas, 61.608 (49,3%) contavam com classes de anos finais &#8211; o n\u00famero se manteve relativamente est\u00e1vel nos \u00faltimos cinco anos. O Censo revelou, ainda, uma redu\u00e7\u00e3o gradual no n\u00famero de escolas que oferecem os anos iniciais do ensino fundamental. Em rela\u00e7\u00e3o a 2019, foram registradas 1.564 escolas a menos. Apesar da queda de 1,4%, a etapa ainda est\u00e1 entre as mais ofertadas entre as escolas de educa\u00e7\u00e3o b\u00e1sica.<\/p>\n<p>A rede municipal \u00e9 respons\u00e1vel por aproximadamente dois ter\u00e7os (60,1%) das escolas de ensino b\u00e1sico no Brasil. Em seguida, vem a rede privada, com 22,9%. Os munic\u00edpios s\u00e3o protagonistas, tamb\u00e9m, quando se trata especificamente do per\u00edodo escolar entre o 1\u00ba e 9\u00ba anos. A rede abrange um total de 73.939 (94,7%) escolas nos anos iniciais e 28.769 (36,9%) nos anos finais do fundamental.<\/p>\n<p>J\u00e1 em rela\u00e7\u00e3o aos estabelecimentos educacionais que oferecem o ensino m\u00e9dio, o Censo 2020 registrou 28.933 escolas. O que revela um aumento gradual de institui\u00e7\u00f5es que ofertam a etapa, nos \u00faltimos cinco anos. No total, foi observado um crescimento de 2% entre 2016 e 2020.<\/p>\n<p><strong>Tecnologia<\/strong> &#8211; O Censo Escolar 2020 trouxe, em especial, um panorama da disponibilidade de equipamentos de tecnologia da informa\u00e7\u00e3o e comunica\u00e7\u00e3o na educa\u00e7\u00e3o b\u00e1sica brasileira. Os dados t\u00eam relev\u00e2ncia particular por revelar a infraestrutura dispon\u00edvel a alunos, professores e gestores, em um contexto que precedeu a pandemia de COVID-19 &#8211; situa\u00e7\u00e3o que ampliou a necessidade de alternativas para a dar continuidade ao processo de ensino e aprendizagem.<\/p>\n<p>Na educa\u00e7\u00e3o infantil, a internet banda larga est\u00e1 presente em 85% das escolas particulares. J\u00e1 na rede municipal, que \u00e9 a rede com a maior participa\u00e7\u00e3o na oferta de educa\u00e7\u00e3o infantil, o percentual \u00e9 de 52,7%. Quando se trata do ensino fundamental, a rede escolar dos munic\u00edpios, maior ofertante tamb\u00e9m nessa etapa de ensino, \u00e9 a que tem a menor capacidade tecnol\u00f3gica. Nesse caso, 9,9% das escolas possuem lousa digital, 54,4% t\u00eam projetor multim\u00eddia, 38,3% disp\u00f5em de computador de mesa, 23,8% contam com computadores port\u00e1teis, 52,0% possuem internet banda larga e 23,8% oferecem internet para uso dos estudantes.<\/p>\n<p>Por outro lado, a pesquisa mostra que, ao avan\u00e7ar na trajet\u00f3ria educacional, o aluno passa a contar com mais recursos. De acordo com o censo, a disponibilidade de equipamentos nas escolas de ensino m\u00e9dio \u00e9 maior do que nas do ensino fundamental. Na rede estadual, que tem a maior participa\u00e7\u00e3o na oferta do ensino m\u00e9dio, 80,4% das unidades t\u00eam internet banda larga e o percentual de computadores de mesa para alunos \u00e9 de 79,3%.<\/p>\n<p><strong>Data de refer\u00eancia<\/strong> \u2013 Em 2020, o Inep alterou a data de refer\u00eancia do censo, de maio para mar\u00e7o, em virtude da pandemia e da interrup\u00e7\u00e3o das atividades presenciais na maior parte das escolas. Desse modo, os resultados da primeira etapa da pesquisa retratam a situa\u00e7\u00e3o das escolas em um contexto anterior \u00e0 crise sanit\u00e1ria, n\u00e3o refletindo, ainda, o impacto do coronav\u00edrus na educa\u00e7\u00e3o. J\u00e1 na segunda etapa da pesquisa, em andamento, o instituto apura a chamada Situa\u00e7\u00e3o do Aluno, onde ser\u00e3o aferidos dados que ser\u00e3o fundamentais para a compreens\u00e3o das consequ\u00eancias causadas pela pandemia no sistema educacional brasileiro. O Inep desenvolveu um novo question\u00e1rio espec\u00edfico para a coleta de informa\u00e7\u00f5es sobre as estrat\u00e9gias adotadas pelas escolas para lidar com os desafios impostos no ano letivo de 2020. Os resultados ser\u00e3o publicados em junho.<\/p>\n<p><strong>Censo Escolar<\/strong> \u2013 Principal pesquisa estat\u00edstica da educa\u00e7\u00e3o b\u00e1sica, o censo \u00e9 coordenado pelo Inep e realizado, em regime de colabora\u00e7\u00e3o, entre as secretarias estaduais e municipais de Educa\u00e7\u00e3o, com a participa\u00e7\u00e3o de todas as escolas p\u00fablicas e privadas do pa\u00eds. O levantamento abrange as diferentes etapas e modalidades da educa\u00e7\u00e3o b\u00e1sica: ensino regular, educa\u00e7\u00e3o especial, educa\u00e7\u00e3o de jovens e adultos (EJA) e educa\u00e7\u00e3o profissional. O Censo Escolar \u00e9 uma pesquisa que coleta dados indiretos, com base nos documentos administrativos das escolas e redes de ensino, por meio de um question\u00e1rio eletr\u00f4nico (Sistema Educacenso).<\/p>\n<p><a href=\"https:\/\/www.gov.br\/inep\/pt-br\/areas-de-atuacao\/pesquisas-estatisticas-e-indicadores\/censo-escolar\/resultados\" target=\"_blank\" rel=\"noopener noreferrer\">Acesse todos os resultados do Censo Escolar 2020<\/a><\/p>\n<p><a href=\"https:\/\/download.inep.gov.br\/censo_escolar\/resultados\/2020\/apresentacao_coletiva.pdf\" target=\"_blank\" rel=\"noopener noreferrer\">Confira a apresenta\u00e7\u00e3o da primeira etapa do Censo Escolar 2020<\/a><\/p>\n<p><a href=\"https:\/\/download.inep.gov.br\/educacao_basica\/censo_escolar\/press_kit\/2020\/press_kit_censo_escolar_2020.pdf\" target=\"_blank\" rel=\"noopener noreferrer\">Acesse o Press kit Censo Escolar 2020<\/a><\/p>\n<p><a href=\"https:\/\/www.youtube.com\/watch?v=4NpD8skXmQE\" target=\"_blank\" rel=\"noopener noreferrer\">Confira a transmiss\u00e3o da coletiva de imprensa do Censo Escolar 2020<\/a><\/p>\n<p><a href=\"https:\/\/www.gov.br\/inep\/pt-br\/areas-de-atuacao\/pesquisas-estatisticas-e-indicadores\/censo-escolar\" target=\"_blank\" rel=\"noopener noreferrer\">Saiba mais sobre o Censo Escolar<\/a><\/p>\n","protected":false},"excerpt":{"rendered":"<p>As etapas de ensino mais ofertadas nas 179.533 escolas da educa\u00e7\u00e3o b\u00e1sica brasileira s\u00e3o os anos iniciais do ensino fundamental e a pr\u00e9-escola. De acordo com o Censo Escolar 2020, 108.080 (60,2%) e 101.012 (56,3%) estabelecimentos oferecem os dois n\u00edveis educacionais respectivamente.<\/p>\n","protected":false},"author":4,"featured_media":0,"comment_status":"closed","ping_status":"closed","sticky":false,"template":"","format":"standard","meta":{"footnotes":"","_links_to":"","_links_to_target":""},"categories":[9],"tags":[],"class_list":["post-13473","post","type-post","status-publish","format-standard","hentry","category-noticias-da-imprensa"],"yoast_head":"<!-- This site is optimized with the Yoast SEO plugin v15.1 - https:\/\/yoast.com\/wordpress\/plugins\/seo\/ -->\n<title>Conhe\u00e7a o panorama das escolas brasileiras &raquo; Abrelivros<\/title>\n<meta name=\"robots\" content=\"index, follow, max-snippet:-1, max-image-preview:large, max-video-preview:-1\" \/>\n<link rel=\"canonical\" href=\"https:\/\/abrelivros.org.br\/site\/conheca-o-panorama-das-escolas-brasileiras\/\" \/>\n<meta property=\"og:locale\" content=\"pt_BR\" \/>\n<meta property=\"og:type\" content=\"article\" \/>\n<meta property=\"og:title\" content=\"Conhe\u00e7a o panorama das escolas brasileiras &raquo; Abrelivros\" \/>\n<meta property=\"og:description\" content=\"As etapas de ensino mais ofertadas nas 179.533 escolas da educa\u00e7\u00e3o b\u00e1sica brasileira s\u00e3o os anos iniciais do ensino fundamental e a pr\u00e9-escola. De acordo com o Censo Escolar 2020, 108.080 (60,2%) e 101.012 (56,3%) estabelecimentos oferecem os dois n\u00edveis educacionais respectivamente.\" \/>\n<meta property=\"og:url\" content=\"https:\/\/abrelivros.org.br\/site\/conheca-o-panorama-das-escolas-brasileiras\/\" \/>\n<meta property=\"og:site_name\" content=\"Abrelivros\" \/>\n<meta property=\"article:published_time\" content=\"2021-03-16T16:18:20+00:00\" \/>\n<meta name=\"twitter:card\" content=\"summary_large_image\" \/>\n<script type=\"application\/ld+json\" class=\"yoast-schema-graph\">{\"@context\":\"https:\/\/schema.org\",\"@graph\":[{\"@type\":\"WebSite\",\"@id\":\"https:\/\/abrelivros.org.br\/site\/#website\",\"url\":\"https:\/\/abrelivros.org.br\/site\/\",\"name\":\"Abrelivros\",\"description\":\"\",\"potentialAction\":[{\"@type\":\"SearchAction\",\"target\":\"https:\/\/abrelivros.org.br\/site\/?s={search_term_string}\",\"query-input\":\"required name=search_term_string\"}],\"inLanguage\":\"pt-BR\"},{\"@type\":\"WebPage\",\"@id\":\"https:\/\/abrelivros.org.br\/site\/conheca-o-panorama-das-escolas-brasileiras\/#webpage\",\"url\":\"https:\/\/abrelivros.org.br\/site\/conheca-o-panorama-das-escolas-brasileiras\/\",\"name\":\"Conhe\\u00e7a o panorama das escolas brasileiras &raquo; Abrelivros\",\"isPartOf\":{\"@id\":\"https:\/\/abrelivros.org.br\/site\/#website\"},\"datePublished\":\"2021-03-16T16:18:20+00:00\",\"dateModified\":\"2021-03-16T16:18:20+00:00\",\"author\":{\"@id\":\"https:\/\/abrelivros.org.br\/site\/#\/schema\/person\/65db80e26409802ce15ac5feec6a15fd\"},\"breadcrumb\":{\"@id\":\"https:\/\/abrelivros.org.br\/site\/conheca-o-panorama-das-escolas-brasileiras\/#breadcrumb\"},\"inLanguage\":\"pt-BR\",\"potentialAction\":[{\"@type\":\"ReadAction\",\"target\":[\"https:\/\/abrelivros.org.br\/site\/conheca-o-panorama-das-escolas-brasileiras\/\"]}]},{\"@type\":\"BreadcrumbList\",\"@id\":\"https:\/\/abrelivros.org.br\/site\/conheca-o-panorama-das-escolas-brasileiras\/#breadcrumb\",\"itemListElement\":[{\"@type\":\"ListItem\",\"position\":1,\"item\":{\"@type\":\"WebPage\",\"@id\":\"https:\/\/abrelivros.org.br\/site\/\",\"url\":\"https:\/\/abrelivros.org.br\/site\/\",\"name\":\"In\\u00edcio\"}},{\"@type\":\"ListItem\",\"position\":2,\"item\":{\"@type\":\"WebPage\",\"@id\":\"https:\/\/abrelivros.org.br\/site\/category\/noticias\/\",\"url\":\"https:\/\/abrelivros.org.br\/site\/category\/noticias\/\",\"name\":\"Not\\u00edcias\"}},{\"@type\":\"ListItem\",\"position\":3,\"item\":{\"@type\":\"WebPage\",\"@id\":\"https:\/\/abrelivros.org.br\/site\/category\/noticias\/noticias-da-imprensa\/\",\"url\":\"https:\/\/abrelivros.org.br\/site\/category\/noticias\/noticias-da-imprensa\/\",\"name\":\"Not\\u00edcias da imprensa\"}},{\"@type\":\"ListItem\",\"position\":4,\"item\":{\"@type\":\"WebPage\",\"@id\":\"https:\/\/abrelivros.org.br\/site\/conheca-o-panorama-das-escolas-brasileiras\/\",\"url\":\"https:\/\/abrelivros.org.br\/site\/conheca-o-panorama-das-escolas-brasileiras\/\",\"name\":\"Conhe\\u00e7a o panorama das escolas brasileiras\"}}]},{\"@type\":\"Person\",\"@id\":\"https:\/\/abrelivros.org.br\/site\/#\/schema\/person\/65db80e26409802ce15ac5feec6a15fd\",\"name\":\"Reda\\u00e7\\u00e3o Abrelivros\",\"image\":{\"@type\":\"ImageObject\",\"@id\":\"https:\/\/abrelivros.org.br\/site\/#personlogo\",\"inLanguage\":\"pt-BR\",\"url\":\"https:\/\/secure.gravatar.com\/avatar\/c4e57f9c7e3482965bd428192061218520756c39080b1d1820b679fa5e9af192?s=96&d=mm&r=g\",\"caption\":\"Reda\\u00e7\\u00e3o Abrelivros\"}}]}<\/script>\n<!-- \/ Yoast SEO plugin. -->","_links":{"self":[{"href":"https:\/\/abrelivros.org.br\/site\/wp-json\/wp\/v2\/posts\/13473","targetHints":{"allow":["GET"]}}],"collection":[{"href":"https:\/\/abrelivros.org.br\/site\/wp-json\/wp\/v2\/posts"}],"about":[{"href":"https:\/\/abrelivros.org.br\/site\/wp-json\/wp\/v2\/types\/post"}],"author":[{"embeddable":true,"href":"https:\/\/abrelivros.org.br\/site\/wp-json\/wp\/v2\/users\/4"}],"replies":[{"embeddable":true,"href":"https:\/\/abrelivros.org.br\/site\/wp-json\/wp\/v2\/comments?post=13473"}],"version-history":[{"count":1,"href":"https:\/\/abrelivros.org.br\/site\/wp-json\/wp\/v2\/posts\/13473\/revisions"}],"predecessor-version":[{"id":13474,"href":"https:\/\/abrelivros.org.br\/site\/wp-json\/wp\/v2\/posts\/13473\/revisions\/13474"}],"wp:attachment":[{"href":"https:\/\/abrelivros.org.br\/site\/wp-json\/wp\/v2\/media?parent=13473"}],"wp:term":[{"taxonomy":"category","embeddable":true,"href":"https:\/\/abrelivros.org.br\/site\/wp-json\/wp\/v2\/categories?post=13473"},{"taxonomy":"post_tag","embeddable":true,"href":"https:\/\/abrelivros.org.br\/site\/wp-json\/wp\/v2\/tags?post=13473"}],"curies":[{"name":"wp","href":"https:\/\/api.w.org\/{rel}","templated":true}]}}