{"id":13467,"date":"2021-03-16T13:00:37","date_gmt":"2021-03-16T16:00:37","guid":{"rendered":"https:\/\/abrelivros.org.br\/site\/?p=13467"},"modified":"2021-03-16T13:00:37","modified_gmt":"2021-03-16T16:00:37","slug":"anl-realiza-serie-de-debates-sobre-as-varias-vertentes-do-mercado-do-livro","status":"publish","type":"post","link":"https:\/\/abrelivros.org.br\/site\/anl-realiza-serie-de-debates-sobre-as-varias-vertentes-do-mercado-do-livro\/","title":{"rendered":"ANL realiza s\u00e9rie de debates sobre as v\u00e1rias vertentes do mercado do livro"},"content":{"rendered":"<p>A Associa\u00e7\u00e3o Nacional das Livrarias (ANL) inicia, nesta quarta (17), uma s\u00e9rie de lives sobre as v\u00e1rias vertentes do livro. A primeira mesa ter\u00e1 o tema Media\u00e7\u00e3o e acordos em tempos de inova\u00e7\u00e3o, com Celeida Laporta \u2013 Head Consulting em media\u00e7\u00e3o.<!--more--> O encontro, realizado em parceria com a CS Views Media\u00e7\u00e3o e Arbitragem, acontece \u00e0s 15h e necessita de inscri\u00e7\u00e3o pr\u00e9via que pode ser feita <a href=\"https:\/\/www.sympla.com.br\/webinar-mediacao-e-acordos-em-tempos-de-inovacao---anl__1154405\" target=\"_blank\" rel=\"noopener noreferrer\">clicando aqui<\/a>. Nas pr\u00f3ximas semanas, as lives ter\u00e3o convidados ligados ao mercado do livro, com debates sobre o varejo nas cinco regi\u00f5es brasileiras \u2013 o da regi\u00e3o Sul<a href=\"https:\/\/www.anl.org.br\/v1\/o-mercado-no-sul-do-pais-video\/\" target=\"_blank\" rel=\"noopener noreferrer\"> aconteceu em dezembro<\/a> e contou com a participa\u00e7\u00e3o de Silvana Rovani, da Livrarias Delta. No dia 24, o tema ser\u00e1 a Regi\u00e3o Norte e ter\u00e1 como convidado o gestor da Livraria Leitura de Palmas (TO); no dia 31, a regi\u00e3o Sudeste ser\u00e1 tema da conversa que ser\u00e1 coordenada por Gerson Ramos, diretor comercial da Planeta e contar\u00e1 com a participa\u00e7\u00e3o de Marcus Telles, da Livraria Leitura. As lives ser\u00e3o transmitidas pelo Instagram da ANL (<a href=\"https:\/\/www.instagram.com\/livrariasanl\/\" target=\"_blank\" rel=\"noopener noreferrer\">@livrariasanl<\/a>). Em abril, os encontros acon<br \/>\ntecem nos dias 7, 14, 20 e 28, com informa\u00e7\u00f5es ainda a serem confirmadas.<\/p>\n","protected":false},"excerpt":{"rendered":"<p>A Associa\u00e7\u00e3o Nacional das Livrarias (ANL) inicia, nesta quarta (17), uma s\u00e9rie de lives sobre as v\u00e1rias vertentes do livro. A primeira mesa ter\u00e1 o tema Media\u00e7\u00e3o e acordos em tempos de inova\u00e7\u00e3o, com Celeida Laporta \u2013 Head Consulting em media\u00e7\u00e3o.<\/p>\n","protected":false},"author":4,"featured_media":0,"comment_status":"closed","ping_status":"closed","sticky":false,"template":"","format":"standard","meta":{"footnotes":"","_links_to":"","_links_to_target":""},"categories":[9],"tags":[],"class_list":["post-13467","post","type-post","status-publish","format-standard","hentry","category-noticias-da-imprensa"],"yoast_head":"<!-- This site is optimized with the Yoast SEO plugin v15.1 - https:\/\/yoast.com\/wordpress\/plugins\/seo\/ -->\n<title>ANL realiza s\u00e9rie de debates sobre as v\u00e1rias vertentes do mercado do livro &raquo; Abrelivros<\/title>\n<meta name=\"robots\" content=\"index, follow, max-snippet:-1, max-image-preview:large, max-video-preview:-1\" \/>\n<link rel=\"canonical\" href=\"https:\/\/abrelivros.org.br\/site\/anl-realiza-serie-de-debates-sobre-as-varias-vertentes-do-mercado-do-livro\/\" \/>\n<meta property=\"og:locale\" content=\"pt_BR\" \/>\n<meta property=\"og:type\" content=\"article\" \/>\n<meta property=\"og:title\" content=\"ANL realiza s\u00e9rie de debates sobre as v\u00e1rias vertentes do mercado do livro &raquo; Abrelivros\" \/>\n<meta property=\"og:description\" content=\"A Associa\u00e7\u00e3o Nacional das Livrarias (ANL) inicia, nesta quarta (17), uma s\u00e9rie de lives sobre as v\u00e1rias vertentes do livro. A primeira mesa ter\u00e1 o tema Media\u00e7\u00e3o e acordos em tempos de inova\u00e7\u00e3o, com Celeida Laporta \u2013 Head Consulting em media\u00e7\u00e3o.\" \/>\n<meta property=\"og:url\" content=\"https:\/\/abrelivros.org.br\/site\/anl-realiza-serie-de-debates-sobre-as-varias-vertentes-do-mercado-do-livro\/\" \/>\n<meta property=\"og:site_name\" content=\"Abrelivros\" \/>\n<meta property=\"article:published_time\" content=\"2021-03-16T16:00:37+00:00\" \/>\n<meta name=\"twitter:card\" content=\"summary_large_image\" \/>\n<script type=\"application\/ld+json\" class=\"yoast-schema-graph\">{\"@context\":\"https:\/\/schema.org\",\"@graph\":[{\"@type\":\"WebSite\",\"@id\":\"https:\/\/abrelivros.org.br\/site\/#website\",\"url\":\"https:\/\/abrelivros.org.br\/site\/\",\"name\":\"Abrelivros\",\"description\":\"\",\"potentialAction\":[{\"@type\":\"SearchAction\",\"target\":\"https:\/\/abrelivros.org.br\/site\/?s={search_term_string}\",\"query-input\":\"required name=search_term_string\"}],\"inLanguage\":\"pt-BR\"},{\"@type\":\"WebPage\",\"@id\":\"https:\/\/abrelivros.org.br\/site\/anl-realiza-serie-de-debates-sobre-as-varias-vertentes-do-mercado-do-livro\/#webpage\",\"url\":\"https:\/\/abrelivros.org.br\/site\/anl-realiza-serie-de-debates-sobre-as-varias-vertentes-do-mercado-do-livro\/\",\"name\":\"ANL realiza s\\u00e9rie de debates sobre as v\\u00e1rias vertentes do mercado do livro &raquo; Abrelivros\",\"isPartOf\":{\"@id\":\"https:\/\/abrelivros.org.br\/site\/#website\"},\"datePublished\":\"2021-03-16T16:00:37+00:00\",\"dateModified\":\"2021-03-16T16:00:37+00:00\",\"author\":{\"@id\":\"https:\/\/abrelivros.org.br\/site\/#\/schema\/person\/65db80e26409802ce15ac5feec6a15fd\"},\"breadcrumb\":{\"@id\":\"https:\/\/abrelivros.org.br\/site\/anl-realiza-serie-de-debates-sobre-as-varias-vertentes-do-mercado-do-livro\/#breadcrumb\"},\"inLanguage\":\"pt-BR\",\"potentialAction\":[{\"@type\":\"ReadAction\",\"target\":[\"https:\/\/abrelivros.org.br\/site\/anl-realiza-serie-de-debates-sobre-as-varias-vertentes-do-mercado-do-livro\/\"]}]},{\"@type\":\"BreadcrumbList\",\"@id\":\"https:\/\/abrelivros.org.br\/site\/anl-realiza-serie-de-debates-sobre-as-varias-vertentes-do-mercado-do-livro\/#breadcrumb\",\"itemListElement\":[{\"@type\":\"ListItem\",\"position\":1,\"item\":{\"@type\":\"WebPage\",\"@id\":\"https:\/\/abrelivros.org.br\/site\/\",\"url\":\"https:\/\/abrelivros.org.br\/site\/\",\"name\":\"In\\u00edcio\"}},{\"@type\":\"ListItem\",\"position\":2,\"item\":{\"@type\":\"WebPage\",\"@id\":\"https:\/\/abrelivros.org.br\/site\/category\/noticias\/\",\"url\":\"https:\/\/abrelivros.org.br\/site\/category\/noticias\/\",\"name\":\"Not\\u00edcias\"}},{\"@type\":\"ListItem\",\"position\":3,\"item\":{\"@type\":\"WebPage\",\"@id\":\"https:\/\/abrelivros.org.br\/site\/category\/noticias\/noticias-da-imprensa\/\",\"url\":\"https:\/\/abrelivros.org.br\/site\/category\/noticias\/noticias-da-imprensa\/\",\"name\":\"Not\\u00edcias da imprensa\"}},{\"@type\":\"ListItem\",\"position\":4,\"item\":{\"@type\":\"WebPage\",\"@id\":\"https:\/\/abrelivros.org.br\/site\/anl-realiza-serie-de-debates-sobre-as-varias-vertentes-do-mercado-do-livro\/\",\"url\":\"https:\/\/abrelivros.org.br\/site\/anl-realiza-serie-de-debates-sobre-as-varias-vertentes-do-mercado-do-livro\/\",\"name\":\"ANL realiza s\\u00e9rie de debates sobre as v\\u00e1rias vertentes do mercado do livro\"}}]},{\"@type\":\"Person\",\"@id\":\"https:\/\/abrelivros.org.br\/site\/#\/schema\/person\/65db80e26409802ce15ac5feec6a15fd\",\"name\":\"Reda\\u00e7\\u00e3o Abrelivros\",\"image\":{\"@type\":\"ImageObject\",\"@id\":\"https:\/\/abrelivros.org.br\/site\/#personlogo\",\"inLanguage\":\"pt-BR\",\"url\":\"https:\/\/secure.gravatar.com\/avatar\/c4e57f9c7e3482965bd428192061218520756c39080b1d1820b679fa5e9af192?s=96&d=mm&r=g\",\"caption\":\"Reda\\u00e7\\u00e3o Abrelivros\"}}]}<\/script>\n<!-- \/ Yoast SEO plugin. -->","_links":{"self":[{"href":"https:\/\/abrelivros.org.br\/site\/wp-json\/wp\/v2\/posts\/13467","targetHints":{"allow":["GET"]}}],"collection":[{"href":"https:\/\/abrelivros.org.br\/site\/wp-json\/wp\/v2\/posts"}],"about":[{"href":"https:\/\/abrelivros.org.br\/site\/wp-json\/wp\/v2\/types\/post"}],"author":[{"embeddable":true,"href":"https:\/\/abrelivros.org.br\/site\/wp-json\/wp\/v2\/users\/4"}],"replies":[{"embeddable":true,"href":"https:\/\/abrelivros.org.br\/site\/wp-json\/wp\/v2\/comments?post=13467"}],"version-history":[{"count":1,"href":"https:\/\/abrelivros.org.br\/site\/wp-json\/wp\/v2\/posts\/13467\/revisions"}],"predecessor-version":[{"id":13468,"href":"https:\/\/abrelivros.org.br\/site\/wp-json\/wp\/v2\/posts\/13467\/revisions\/13468"}],"wp:attachment":[{"href":"https:\/\/abrelivros.org.br\/site\/wp-json\/wp\/v2\/media?parent=13467"}],"wp:term":[{"taxonomy":"category","embeddable":true,"href":"https:\/\/abrelivros.org.br\/site\/wp-json\/wp\/v2\/categories?post=13467"},{"taxonomy":"post_tag","embeddable":true,"href":"https:\/\/abrelivros.org.br\/site\/wp-json\/wp\/v2\/tags?post=13467"}],"curies":[{"name":"wp","href":"https:\/\/api.w.org\/{rel}","templated":true}]}}