{"id":13465,"date":"2021-03-15T16:06:39","date_gmt":"2021-03-15T19:06:39","guid":{"rendered":"https:\/\/abrelivros.org.br\/site\/?p=13465"},"modified":"2021-03-15T16:06:39","modified_gmt":"2021-03-15T19:06:39","slug":"pnld-tambem-e-lugar-de-editora-media","status":"publish","type":"post","link":"https:\/\/abrelivros.org.br\/site\/pnld-tambem-e-lugar-de-editora-media\/","title":{"rendered":"PNLD tamb\u00e9m \u00e9 lugar de editora m\u00e9dia"},"content":{"rendered":"<p>O PNLD \u00e9 uma siglas mais conhecidas dentro do mercado editorial, afinal o Programa Nacional do Livro e do Material Did\u00e1tico, como todo assinante do PN deve saber, \u00e9 um dos maiores programas de distribui\u00e7\u00e3o de livros do mundo.<!--more--> Na \u00faltima semana, o Podcast do PublishNews falou sobre a grande novidade do PNLD 2023, a <a href=\"https:\/\/www.publishnews.com.br\/materias\/2021\/03\/08\/conteudos-digitais-a-grande-novidade-do-pnld-2023\" target=\"_blank\" rel=\"noopener noreferrer\">compra de livros digitais<\/a> para os alunos das redes p\u00fablicas de ensino de todo o Brasil. Nesta semana, focamos em outro aspecto do programa: a dificuldade de editoras de m\u00e9dio porte em competir com os grandes grupos editoriais.<\/p>\n<p>Antes voltadas mais para as obras gerais, algumas editoras passaram a apostar mais nas compras governamentais, decis\u00e3o que exige investimento, an\u00e1lise e conhecimento. Para falar sobre esses desafios, conversamos como Alessandro Gerardi, da Universo dos Livros, e Rafaela Fernandes Lamas, da Aut\u00eantica.<\/p>\n<p>A Universo dos Livros \u00e9 uma editora que est\u00e1 entrando de vez nesse mercado. Segundo Alessandro, o entendimento de neg\u00f3cio \u00e9 que as compras governamentais t\u00eam um potencial enorme, mas tamb\u00e9m uma dificuldade do tamanho desse potencial. \u201cEstamos vivendo o PNLD 2023 desde o segundo semestre do ano passado, trabalhando, buscando autores e equipe para poder entrar na categoria principal que \u00e9 a de did\u00e1ticos\u201d, explicou.<\/p>\n<p>Alessandro contou ainda que uma das estrat\u00e9gias usadas pela editora \u00e9 procurar o hist\u00f3rico de aprova\u00e7\u00e3o dos autores para facilitar a aprova\u00e7\u00e3o no edital. \u201cHoje no PNLD, na categoria de did\u00e1ticos, a gente tem editoras como a Aut\u00eantica, que aprovou uma cole\u00e7\u00e3o, a Universo dos Livros que aprovou um integrador, mas \u00e9 um mercado extremamente concentrado no qual voc\u00ea tem cinco editoras que tomam conta de tudo\u201d, frisou.<\/p>\n<p>Para Rafaela Lamas, da Aut\u00eantica, uma das principais atitudes \u00e9 acreditar no livro e trabalhar em cima do projeto para conseguir a aprova\u00e7\u00e3o. \u201cPra gente, o maior desafio \u00e9 a quest\u00e3o da equipe porque preferimos n\u00e3o terceirizar [&#8230;] a gente faz um esfor\u00e7o muito grande para tentar encaixar essa produ\u00e7\u00e3o do did\u00e1tico na nossa equipe interna, terceirizando o menos poss\u00edvel e manter, claro, nosso cronograma e planejamento dos livros para o varejo\u201d, contou. Em 2020, a Aut\u00eantica reportou um crescimento de 33% no varejo, outra aposta da editora que n\u00e3o traz tanta inseguran\u00e7a.<\/p>\n<p>No bate-papo, Alessandro e Rafaela falaram ainda sobre os riscos, a dificuldade na divulga\u00e7\u00e3o \u2013 vista pelos dois como a principal em todo o processo \u2013, os custos e o tamanho da oportunidade. \u201cSe eu consigo aprovar uma cole\u00e7\u00e3o inteira, o potencial de gera\u00e7\u00e3o de receita ele \u00e9 enorme, mas tem o risco, obviamente, de n\u00e3o acontecer nada\u201d, explicou Gerardi.<\/p>\n<p>O Podcast do PublishNews \u00e9 um oferecimento da <a href=\"https:\/\/metabooks.com\/\" target=\"_blank\" rel=\"noopener noreferrer\">MVB<\/a>, a mais completa e moderna plataforma de metadados para o mercado editorial brasileiro e da <a href=\"https:\/\/www.umlivro.com.br\/\" target=\"_blank\" rel=\"noopener noreferrer\">UmLivro<\/a>, novo modelo de neg\u00f3cios para o mercado editorial: mais livros e mais vendas. Voc\u00ea tamb\u00e9m pode ouvir o programa pelo <a href=\"https:\/\/open.spotify.com\/show\/6656EKK9XPduEdsXYdM45N\" target=\"_blank\" rel=\"noopener noreferrer\">Spotify<\/a>, <a href=\"https:\/\/podcasts.apple.com\/us\/podcast\/podcast-do-publishnews\/id1367163822?ign-mpt=uo%3D4&amp;mt=2\" target=\"_blank\" rel=\"noopener noreferrer\">iTunes<\/a>, <a href=\"https:\/\/podcasts.google.com\/feed\/aHR0cDovL2ZlZWRzLnNvdW5kY2xvdWQuY29tL3VzZXJzL3NvdW5kY2xvdWQ6dXNlcnM6NDIzNDM0ODA4L3NvdW5kcy5yc3M\" target=\"_blank\" rel=\"noopener noreferrer\">Google Podcasts<\/a>, <a href=\"https:\/\/overcast.fm\/login\" target=\"_blank\" rel=\"noopener noreferrer\">Overcast<\/a> e <a href=\"https:\/\/www.youtube.com\/channel\/UCrR7rAp0EzRRfm5Ez0tlT8A\" target=\"_blank\" rel=\"noopener noreferrer\">YouTube<\/a>.<\/p>\n<p>&nbsp;<\/p>\n","protected":false},"excerpt":{"rendered":"<p>O PNLD \u00e9 uma siglas mais conhecidas dentro do mercado editorial, afinal o Programa Nacional do Livro e do Material Did\u00e1tico, como todo assinante do PN deve saber, \u00e9 um dos maiores programas de distribui\u00e7\u00e3o de livros do mundo.<\/p>\n","protected":false},"author":4,"featured_media":0,"comment_status":"closed","ping_status":"closed","sticky":false,"template":"","format":"standard","meta":{"footnotes":"","_links_to":"","_links_to_target":""},"categories":[9,10],"tags":[],"class_list":["post-13465","post","type-post","status-publish","format-standard","hentry","category-noticias-da-imprensa","category-pnld-programa-nacional-do-livro-e-do-material-didatico"],"yoast_head":"<!-- This site is optimized with the Yoast SEO plugin v15.1 - https:\/\/yoast.com\/wordpress\/plugins\/seo\/ -->\n<title>PNLD tamb\u00e9m \u00e9 lugar de editora m\u00e9dia &raquo; Abrelivros<\/title>\n<meta name=\"robots\" content=\"index, follow, max-snippet:-1, max-image-preview:large, max-video-preview:-1\" \/>\n<link rel=\"canonical\" href=\"https:\/\/abrelivros.org.br\/site\/pnld-tambem-e-lugar-de-editora-media\/\" \/>\n<meta property=\"og:locale\" content=\"pt_BR\" \/>\n<meta property=\"og:type\" content=\"article\" \/>\n<meta property=\"og:title\" content=\"PNLD tamb\u00e9m \u00e9 lugar de editora m\u00e9dia &raquo; Abrelivros\" \/>\n<meta property=\"og:description\" content=\"O PNLD \u00e9 uma siglas mais conhecidas dentro do mercado editorial, afinal o Programa Nacional do Livro e do Material Did\u00e1tico, como todo assinante do PN deve saber, \u00e9 um dos maiores programas de distribui\u00e7\u00e3o de livros do mundo.\" \/>\n<meta property=\"og:url\" content=\"https:\/\/abrelivros.org.br\/site\/pnld-tambem-e-lugar-de-editora-media\/\" \/>\n<meta property=\"og:site_name\" content=\"Abrelivros\" \/>\n<meta property=\"article:published_time\" content=\"2021-03-15T19:06:39+00:00\" \/>\n<meta name=\"twitter:card\" content=\"summary_large_image\" \/>\n<script type=\"application\/ld+json\" class=\"yoast-schema-graph\">{\"@context\":\"https:\/\/schema.org\",\"@graph\":[{\"@type\":\"WebSite\",\"@id\":\"https:\/\/abrelivros.org.br\/site\/#website\",\"url\":\"https:\/\/abrelivros.org.br\/site\/\",\"name\":\"Abrelivros\",\"description\":\"\",\"potentialAction\":[{\"@type\":\"SearchAction\",\"target\":\"https:\/\/abrelivros.org.br\/site\/?s={search_term_string}\",\"query-input\":\"required name=search_term_string\"}],\"inLanguage\":\"pt-BR\"},{\"@type\":\"WebPage\",\"@id\":\"https:\/\/abrelivros.org.br\/site\/pnld-tambem-e-lugar-de-editora-media\/#webpage\",\"url\":\"https:\/\/abrelivros.org.br\/site\/pnld-tambem-e-lugar-de-editora-media\/\",\"name\":\"PNLD tamb\\u00e9m \\u00e9 lugar de editora m\\u00e9dia &raquo; Abrelivros\",\"isPartOf\":{\"@id\":\"https:\/\/abrelivros.org.br\/site\/#website\"},\"datePublished\":\"2021-03-15T19:06:39+00:00\",\"dateModified\":\"2021-03-15T19:06:39+00:00\",\"author\":{\"@id\":\"https:\/\/abrelivros.org.br\/site\/#\/schema\/person\/65db80e26409802ce15ac5feec6a15fd\"},\"breadcrumb\":{\"@id\":\"https:\/\/abrelivros.org.br\/site\/pnld-tambem-e-lugar-de-editora-media\/#breadcrumb\"},\"inLanguage\":\"pt-BR\",\"potentialAction\":[{\"@type\":\"ReadAction\",\"target\":[\"https:\/\/abrelivros.org.br\/site\/pnld-tambem-e-lugar-de-editora-media\/\"]}]},{\"@type\":\"BreadcrumbList\",\"@id\":\"https:\/\/abrelivros.org.br\/site\/pnld-tambem-e-lugar-de-editora-media\/#breadcrumb\",\"itemListElement\":[{\"@type\":\"ListItem\",\"position\":1,\"item\":{\"@type\":\"WebPage\",\"@id\":\"https:\/\/abrelivros.org.br\/site\/\",\"url\":\"https:\/\/abrelivros.org.br\/site\/\",\"name\":\"In\\u00edcio\"}},{\"@type\":\"ListItem\",\"position\":2,\"item\":{\"@type\":\"WebPage\",\"@id\":\"https:\/\/abrelivros.org.br\/site\/category\/noticias\/\",\"url\":\"https:\/\/abrelivros.org.br\/site\/category\/noticias\/\",\"name\":\"Not\\u00edcias\"}},{\"@type\":\"ListItem\",\"position\":3,\"item\":{\"@type\":\"WebPage\",\"@id\":\"https:\/\/abrelivros.org.br\/site\/category\/noticias\/noticias-da-imprensa\/\",\"url\":\"https:\/\/abrelivros.org.br\/site\/category\/noticias\/noticias-da-imprensa\/\",\"name\":\"Not\\u00edcias da imprensa\"}},{\"@type\":\"ListItem\",\"position\":4,\"item\":{\"@type\":\"WebPage\",\"@id\":\"https:\/\/abrelivros.org.br\/site\/pnld-tambem-e-lugar-de-editora-media\/\",\"url\":\"https:\/\/abrelivros.org.br\/site\/pnld-tambem-e-lugar-de-editora-media\/\",\"name\":\"PNLD tamb\\u00e9m \\u00e9 lugar de editora m\\u00e9dia\"}}]},{\"@type\":\"Person\",\"@id\":\"https:\/\/abrelivros.org.br\/site\/#\/schema\/person\/65db80e26409802ce15ac5feec6a15fd\",\"name\":\"Reda\\u00e7\\u00e3o Abrelivros\",\"image\":{\"@type\":\"ImageObject\",\"@id\":\"https:\/\/abrelivros.org.br\/site\/#personlogo\",\"inLanguage\":\"pt-BR\",\"url\":\"https:\/\/secure.gravatar.com\/avatar\/c4e57f9c7e3482965bd428192061218520756c39080b1d1820b679fa5e9af192?s=96&d=mm&r=g\",\"caption\":\"Reda\\u00e7\\u00e3o Abrelivros\"}}]}<\/script>\n<!-- \/ Yoast SEO plugin. -->","_links":{"self":[{"href":"https:\/\/abrelivros.org.br\/site\/wp-json\/wp\/v2\/posts\/13465","targetHints":{"allow":["GET"]}}],"collection":[{"href":"https:\/\/abrelivros.org.br\/site\/wp-json\/wp\/v2\/posts"}],"about":[{"href":"https:\/\/abrelivros.org.br\/site\/wp-json\/wp\/v2\/types\/post"}],"author":[{"embeddable":true,"href":"https:\/\/abrelivros.org.br\/site\/wp-json\/wp\/v2\/users\/4"}],"replies":[{"embeddable":true,"href":"https:\/\/abrelivros.org.br\/site\/wp-json\/wp\/v2\/comments?post=13465"}],"version-history":[{"count":1,"href":"https:\/\/abrelivros.org.br\/site\/wp-json\/wp\/v2\/posts\/13465\/revisions"}],"predecessor-version":[{"id":13466,"href":"https:\/\/abrelivros.org.br\/site\/wp-json\/wp\/v2\/posts\/13465\/revisions\/13466"}],"wp:attachment":[{"href":"https:\/\/abrelivros.org.br\/site\/wp-json\/wp\/v2\/media?parent=13465"}],"wp:term":[{"taxonomy":"category","embeddable":true,"href":"https:\/\/abrelivros.org.br\/site\/wp-json\/wp\/v2\/categories?post=13465"},{"taxonomy":"post_tag","embeddable":true,"href":"https:\/\/abrelivros.org.br\/site\/wp-json\/wp\/v2\/tags?post=13465"}],"curies":[{"name":"wp","href":"https:\/\/api.w.org\/{rel}","templated":true}]}}