{"id":13461,"date":"2021-03-15T15:58:56","date_gmt":"2021-03-15T18:58:56","guid":{"rendered":"https:\/\/abrelivros.org.br\/site\/?p=13461"},"modified":"2021-03-15T15:58:56","modified_gmt":"2021-03-15T18:58:56","slug":"live-a-importancia-do-livro-impresso","status":"publish","type":"post","link":"https:\/\/abrelivros.org.br\/site\/live-a-importancia-do-livro-impresso\/","title":{"rendered":"Live: A import\u00e2ncia do livro impresso"},"content":{"rendered":"<p>Na pr\u00f3xima quinta-feira (18), \u00e0s 18h45, acontecer\u00e1 um bate-papo sobre a import\u00e2ncia do Livro impresso no <a href=\"https:\/\/www.youtube.com\/watch?v=QR-chGznFDY\" target=\"_blank\" rel=\"noopener noreferrer\">Youtube do Paponet<\/a>.<\/p>\n<p>O encontro virtual contar\u00e1 com a participa\u00e7\u00e3o de Vitor Tavares, presidente da C\u00e2mara Brasileira do Livro (CBL), Bernardo Gurbanov, presidente da Associa\u00e7\u00e3o Nacional de Livrarias (ANL) e Jo\u00e3o Scortecci, vice-presidente da ABIGRAF-S\u00e3o Paulo.<!--more--><\/p>\n","protected":false},"excerpt":{"rendered":"<p>Na pr\u00f3xima quinta-feira (18), \u00e0s 18h45, acontecer\u00e1 um bate-papo sobre a import\u00e2ncia do Livro impresso no Youtube do Paponet. O encontro virtual contar\u00e1 com a participa\u00e7\u00e3o de Vitor Tavares, presidente da C\u00e2mara Brasileira do Livro (CBL), Bernardo Gurbanov, presidente da Associa\u00e7\u00e3o Nacional de Livrarias (ANL) e Jo\u00e3o Scortecci, vice-presidente da ABIGRAF-S\u00e3o Paulo.<\/p>\n","protected":false},"author":4,"featured_media":0,"comment_status":"closed","ping_status":"closed","sticky":false,"template":"","format":"standard","meta":{"footnotes":"","_links_to":"","_links_to_target":""},"categories":[9],"tags":[],"class_list":["post-13461","post","type-post","status-publish","format-standard","hentry","category-noticias-da-imprensa"],"yoast_head":"<!-- This site is optimized with the Yoast SEO plugin v15.1 - https:\/\/yoast.com\/wordpress\/plugins\/seo\/ -->\n<title>Live: A import\u00e2ncia do livro impresso &raquo; Abrelivros<\/title>\n<meta name=\"robots\" content=\"index, follow, max-snippet:-1, max-image-preview:large, max-video-preview:-1\" \/>\n<link rel=\"canonical\" href=\"https:\/\/abrelivros.org.br\/site\/live-a-importancia-do-livro-impresso\/\" \/>\n<meta property=\"og:locale\" content=\"pt_BR\" \/>\n<meta property=\"og:type\" content=\"article\" \/>\n<meta property=\"og:title\" content=\"Live: A import\u00e2ncia do livro impresso &raquo; Abrelivros\" \/>\n<meta property=\"og:description\" content=\"Na pr\u00f3xima quinta-feira (18), \u00e0s 18h45, acontecer\u00e1 um bate-papo sobre a import\u00e2ncia do Livro impresso no Youtube do Paponet. O encontro virtual contar\u00e1 com a participa\u00e7\u00e3o de Vitor Tavares, presidente da C\u00e2mara Brasileira do Livro (CBL), Bernardo Gurbanov, presidente da Associa\u00e7\u00e3o Nacional de Livrarias (ANL) e Jo\u00e3o Scortecci, vice-presidente da ABIGRAF-S\u00e3o Paulo.\" \/>\n<meta property=\"og:url\" content=\"https:\/\/abrelivros.org.br\/site\/live-a-importancia-do-livro-impresso\/\" \/>\n<meta property=\"og:site_name\" content=\"Abrelivros\" \/>\n<meta property=\"article:published_time\" content=\"2021-03-15T18:58:56+00:00\" \/>\n<meta name=\"twitter:card\" content=\"summary_large_image\" \/>\n<script type=\"application\/ld+json\" class=\"yoast-schema-graph\">{\"@context\":\"https:\/\/schema.org\",\"@graph\":[{\"@type\":\"WebSite\",\"@id\":\"https:\/\/abrelivros.org.br\/site\/#website\",\"url\":\"https:\/\/abrelivros.org.br\/site\/\",\"name\":\"Abrelivros\",\"description\":\"\",\"potentialAction\":[{\"@type\":\"SearchAction\",\"target\":\"https:\/\/abrelivros.org.br\/site\/?s={search_term_string}\",\"query-input\":\"required name=search_term_string\"}],\"inLanguage\":\"pt-BR\"},{\"@type\":\"WebPage\",\"@id\":\"https:\/\/abrelivros.org.br\/site\/live-a-importancia-do-livro-impresso\/#webpage\",\"url\":\"https:\/\/abrelivros.org.br\/site\/live-a-importancia-do-livro-impresso\/\",\"name\":\"Live: A import\\u00e2ncia do livro impresso &raquo; Abrelivros\",\"isPartOf\":{\"@id\":\"https:\/\/abrelivros.org.br\/site\/#website\"},\"datePublished\":\"2021-03-15T18:58:56+00:00\",\"dateModified\":\"2021-03-15T18:58:56+00:00\",\"author\":{\"@id\":\"https:\/\/abrelivros.org.br\/site\/#\/schema\/person\/65db80e26409802ce15ac5feec6a15fd\"},\"breadcrumb\":{\"@id\":\"https:\/\/abrelivros.org.br\/site\/live-a-importancia-do-livro-impresso\/#breadcrumb\"},\"inLanguage\":\"pt-BR\",\"potentialAction\":[{\"@type\":\"ReadAction\",\"target\":[\"https:\/\/abrelivros.org.br\/site\/live-a-importancia-do-livro-impresso\/\"]}]},{\"@type\":\"BreadcrumbList\",\"@id\":\"https:\/\/abrelivros.org.br\/site\/live-a-importancia-do-livro-impresso\/#breadcrumb\",\"itemListElement\":[{\"@type\":\"ListItem\",\"position\":1,\"item\":{\"@type\":\"WebPage\",\"@id\":\"https:\/\/abrelivros.org.br\/site\/\",\"url\":\"https:\/\/abrelivros.org.br\/site\/\",\"name\":\"In\\u00edcio\"}},{\"@type\":\"ListItem\",\"position\":2,\"item\":{\"@type\":\"WebPage\",\"@id\":\"https:\/\/abrelivros.org.br\/site\/category\/noticias\/\",\"url\":\"https:\/\/abrelivros.org.br\/site\/category\/noticias\/\",\"name\":\"Not\\u00edcias\"}},{\"@type\":\"ListItem\",\"position\":3,\"item\":{\"@type\":\"WebPage\",\"@id\":\"https:\/\/abrelivros.org.br\/site\/category\/noticias\/noticias-da-imprensa\/\",\"url\":\"https:\/\/abrelivros.org.br\/site\/category\/noticias\/noticias-da-imprensa\/\",\"name\":\"Not\\u00edcias da imprensa\"}},{\"@type\":\"ListItem\",\"position\":4,\"item\":{\"@type\":\"WebPage\",\"@id\":\"https:\/\/abrelivros.org.br\/site\/live-a-importancia-do-livro-impresso\/\",\"url\":\"https:\/\/abrelivros.org.br\/site\/live-a-importancia-do-livro-impresso\/\",\"name\":\"Live: A import\\u00e2ncia do livro impresso\"}}]},{\"@type\":\"Person\",\"@id\":\"https:\/\/abrelivros.org.br\/site\/#\/schema\/person\/65db80e26409802ce15ac5feec6a15fd\",\"name\":\"Reda\\u00e7\\u00e3o Abrelivros\",\"image\":{\"@type\":\"ImageObject\",\"@id\":\"https:\/\/abrelivros.org.br\/site\/#personlogo\",\"inLanguage\":\"pt-BR\",\"url\":\"https:\/\/secure.gravatar.com\/avatar\/c4e57f9c7e3482965bd428192061218520756c39080b1d1820b679fa5e9af192?s=96&d=mm&r=g\",\"caption\":\"Reda\\u00e7\\u00e3o Abrelivros\"}}]}<\/script>\n<!-- \/ Yoast SEO plugin. -->","_links":{"self":[{"href":"https:\/\/abrelivros.org.br\/site\/wp-json\/wp\/v2\/posts\/13461","targetHints":{"allow":["GET"]}}],"collection":[{"href":"https:\/\/abrelivros.org.br\/site\/wp-json\/wp\/v2\/posts"}],"about":[{"href":"https:\/\/abrelivros.org.br\/site\/wp-json\/wp\/v2\/types\/post"}],"author":[{"embeddable":true,"href":"https:\/\/abrelivros.org.br\/site\/wp-json\/wp\/v2\/users\/4"}],"replies":[{"embeddable":true,"href":"https:\/\/abrelivros.org.br\/site\/wp-json\/wp\/v2\/comments?post=13461"}],"version-history":[{"count":1,"href":"https:\/\/abrelivros.org.br\/site\/wp-json\/wp\/v2\/posts\/13461\/revisions"}],"predecessor-version":[{"id":13462,"href":"https:\/\/abrelivros.org.br\/site\/wp-json\/wp\/v2\/posts\/13461\/revisions\/13462"}],"wp:attachment":[{"href":"https:\/\/abrelivros.org.br\/site\/wp-json\/wp\/v2\/media?parent=13461"}],"wp:term":[{"taxonomy":"category","embeddable":true,"href":"https:\/\/abrelivros.org.br\/site\/wp-json\/wp\/v2\/categories?post=13461"},{"taxonomy":"post_tag","embeddable":true,"href":"https:\/\/abrelivros.org.br\/site\/wp-json\/wp\/v2\/tags?post=13461"}],"curies":[{"name":"wp","href":"https:\/\/api.w.org\/{rel}","templated":true}]}}