{"id":13457,"date":"2021-03-15T15:53:38","date_gmt":"2021-03-15T18:53:38","guid":{"rendered":"https:\/\/abrelivros.org.br\/site\/?p=13457"},"modified":"2021-03-15T15:53:38","modified_gmt":"2021-03-15T18:53:38","slug":"um-ano-apos-pandemia-forcar-ead-nenhum-estado-da-equipamentos-basicos-para-ministrar-ensino-remoto","status":"publish","type":"post","link":"https:\/\/abrelivros.org.br\/site\/um-ano-apos-pandemia-forcar-ead-nenhum-estado-da-equipamentos-basicos-para-ministrar-ensino-remoto\/","title":{"rendered":"Um ano ap\u00f3s pandemia for\u00e7ar EAD, nenhum estado d\u00e1 equipamentos b\u00e1sicos para ministrar ensino remoto"},"content":{"rendered":"<p>Nenhum estado comprou equipamentos digitais (tablets, computadores ou celulares) para alunos acompanharem as aulas remotas durante a pandemia. Amanh\u00e3 completa-se um ano do fechamento das escolas no Brasil por causa da Covid-19.<!--more--> Nesse tempo todo, no qual a educa\u00e7\u00e3o em casa se tornou realidade no pa\u00eds inteiro, metade das redes estaduais n\u00e3o garantiu nem pacote de dados para seus estudantes.<\/p>\n<p>At\u00e9 agora, o que se tem s\u00e3o licita\u00e7\u00f5es abertas para a compra de equipamentos. O Cear\u00e1 pretende adquirir 120 mil tablets. Eles v\u00e3o custar R$ 112 milh\u00f5es. J\u00e1 o Esp\u00edrito Santo, Goi\u00e1s e o Rio Grande do Sul programam a compra de Chromebooks \u2014 um modelo simples de notebook da Google que s\u00f3 funciona on-line.<\/p>\n<p>A falta de atua\u00e7\u00e3o do poder p\u00fablico mant\u00e9m um cen\u00e1rio de desigualdade no qual 55% dos filhos de pais sem instru\u00e7\u00e3o n\u00e3o t\u00eam acesso \u00e0 internet, segundo pesquisa do Instituto de Mobilidade e Desenvolvimento Social (IMDS), criado recentemente pelos economistas Arminio Fraga, ex-presidente do Banco Central, e Paulo Tafner. A fatia cai para 4,9% quando os pais concluem a universidade.<\/p>\n<p>\u2014 O pa\u00eds tem condi\u00e7\u00f5es de comprar equipamentos, sobretudo em grande escala, para fazer com que cada aluno que n\u00e3o tem acesso possa ter equipamento em casa. Vai ser mais dif\u00edcil se deixar a responsabilidade aos munic\u00edpios. Por isso, cabe a Uni\u00e3o entrar nesse processo \u2014 diz Catarina Santos, professora da UnB e dirigente da Campanha Nacional pelo Direito \u00e0 Educa\u00e7\u00e3o.<\/p>\n<p><strong>Pacote de dados<\/strong><\/p>\n<p>Segundo a secretaria de educa\u00e7\u00e3o do Esp\u00edrito Santo, o estado vai destinar 60 mil Chromebooks para estudantes da rede p\u00fablica estadual. \u201cEsses equipamentos ser\u00e3o repassados em regime de comodato, devendo ser devolvidos ap\u00f3s a conclus\u00e3o dos estudos ou encerramento do v\u00ednculo. A previs\u00e3o \u00e9 de que comecem a ser entregues neste 1\u00ba semestre\u201d, informou a pasta, sem revelar quanto a opera\u00e7\u00e3o custar\u00e1.<\/p>\n<p>Goi\u00e1s e o Rio Grande do Sul planejam adquirir 60 mil e 70 mil Chromebooks, respectivamente. Os dois estados j\u00e1 entregaram celulares a alunos, mas que n\u00e3o foram comprados. O primeiro destinou aparelhos que foram apreendidos pela Receita Federal. J\u00e1 os ga\u00fachos repassaram os equipamentos que foram confiscados em pres\u00eddios do estado.<\/p>\n<p>Enquanto os equipamentos n\u00e3o chegam, o Esp\u00edrito Santo j\u00e1 entregou pacotes de dados a cerca de 75 mil alunos. O contrato \u00e9 de R$ 1 milh\u00e3o ao ano.<\/p>\n<p>Cear\u00e1, Maranh\u00e3o, Minas Gerais, Par\u00e1, Paran\u00e1, Pernambuco, Piau\u00ed, Rio Grande do Sul, Santa Catarina, S\u00e3o Paulo, Sergipe e o Distrito Federal tamb\u00e9m compraram pacote de dados para os estudantes.<\/p>\n<p>O Cear\u00e1, por exemplo, entregou 347 mil chips de 20mb, ao custo de R$ 29 milh\u00f5es a cada seis meses. Outros estados, como o Rio e a Para\u00edba, subsidiam apenas a internet utilizada no aplicativo das aulas.<\/p>\n<p><strong>Ano todo s\u00f3 com apostilas<\/strong><\/p>\n<p>A inclus\u00e3o digital de alunos carentes impede situa\u00e7\u00f5es como a de Joyce Pereira, moradora de Nova Igua\u00e7u, na Baixada Fluminense, de 16 anos. Ela passou 2020 inteiro, quando cursou o 9\u00ba ano do ensino fundamental, sem se comunicar com os professores.<\/p>\n<p>\u2014 Passei o ano todo s\u00f3 com apostilas. Quando tinha d\u00favida, anotava e procurava na internet da casa da minha tia quando ia at\u00e9 l\u00e1 \u2014 conta Joyce. \u2014 Meus colegas que t\u00eam internet tinham contato com os professores durante as aulas que tinham pelo aplicativo.<\/p>\n<p>Pesquisa da Uni\u00e3o Nacional dos Dirigentes Municipais de Educa\u00e7\u00e3o (Undime), em parceria com o Instituto Ita\u00fa Social e a Unicef, divulgada na \u00faltima ter\u00e7a-feira, mostrou que a falta de acesso tamb\u00e9m \u00e9 realidade nas escolas administradas pelas prefeituras do pa\u00eds. <a href=\"https:\/\/oglobo.globo.com\/sociedade\/educacao\/2275-ensino-remoto-na-rede-municipal-tem-sido-feito-com-material-impresso-aula-no-whatsapp-mostra-pesquisa-rv1-24918289\" target=\"_blank\" rel=\"noopener noreferrer\">Segundo o levantamento, o ensino remoto no Brasil \u00e9 majoritariamente uma combina\u00e7\u00e3o de aulas por WhatsApp com materiais impressos<\/a>, o que \u00e9 encontrado em mais de 90% dos munic\u00edpios que responderam \u00e0 pesquisa. Juntos, eles atendem 14,8 milh\u00f5es de estudantes brasileiros.<\/p>\n<p>\u2014 \u00c9 inconceb\u00edvel, um ano depois, mandar uma apostila para a casa do aluno e achar que isso \u00e9 ensino remoto. O estado precisa fornecer a infraestrutura digital para os estudantes \u2014 afirma Carolina Schmitt Nunes, consultora educacional e doutora em engenharia e gest\u00e3o do conhecimento.<\/p>\n<p>J\u00e1 na avalia\u00e7\u00e3o de Patricia Mota Guedes, gerente de Pesquisa e Desenvolvimento do Ita\u00fa Social, o passo seguinte a garantir o acesso digital \u00e9 construir pedagogias adequadas:<\/p>\n<p>\u2014 N\u00e3o adianta fazer aula on-line e o professor s\u00f3 mostrar um \u201cpowerpoint\u201d ou botar uma lousa para copiarem.<\/p>\n","protected":false},"excerpt":{"rendered":"<p>Nenhum estado comprou equipamentos digitais (tablets, computadores ou celulares) para alunos acompanharem as aulas remotas durante a pandemia. Amanh\u00e3 completa-se um ano do fechamento das escolas no Brasil por causa da Covid-19.<\/p>\n","protected":false},"author":4,"featured_media":0,"comment_status":"closed","ping_status":"closed","sticky":false,"template":"","format":"standard","meta":{"footnotes":"","_links_to":"","_links_to_target":""},"categories":[9],"tags":[],"class_list":["post-13457","post","type-post","status-publish","format-standard","hentry","category-noticias-da-imprensa"],"yoast_head":"<!-- This site is optimized with the Yoast SEO plugin v15.1 - https:\/\/yoast.com\/wordpress\/plugins\/seo\/ -->\n<title>Um ano ap\u00f3s pandemia for\u00e7ar EAD, nenhum estado d\u00e1 equipamentos b\u00e1sicos para ministrar ensino remoto &raquo; Abrelivros<\/title>\n<meta name=\"robots\" content=\"index, follow, max-snippet:-1, max-image-preview:large, max-video-preview:-1\" \/>\n<link rel=\"canonical\" href=\"https:\/\/abrelivros.org.br\/site\/um-ano-apos-pandemia-forcar-ead-nenhum-estado-da-equipamentos-basicos-para-ministrar-ensino-remoto\/\" \/>\n<meta property=\"og:locale\" content=\"pt_BR\" \/>\n<meta property=\"og:type\" content=\"article\" \/>\n<meta property=\"og:title\" content=\"Um ano ap\u00f3s pandemia for\u00e7ar EAD, nenhum estado d\u00e1 equipamentos b\u00e1sicos para ministrar ensino remoto &raquo; Abrelivros\" \/>\n<meta property=\"og:description\" content=\"Nenhum estado comprou equipamentos digitais (tablets, computadores ou celulares) para alunos acompanharem as aulas remotas durante a pandemia. Amanh\u00e3 completa-se um ano do fechamento das escolas no Brasil por causa da Covid-19.\" \/>\n<meta property=\"og:url\" content=\"https:\/\/abrelivros.org.br\/site\/um-ano-apos-pandemia-forcar-ead-nenhum-estado-da-equipamentos-basicos-para-ministrar-ensino-remoto\/\" \/>\n<meta property=\"og:site_name\" content=\"Abrelivros\" \/>\n<meta property=\"article:published_time\" content=\"2021-03-15T18:53:38+00:00\" \/>\n<meta name=\"twitter:card\" content=\"summary_large_image\" \/>\n<script type=\"application\/ld+json\" class=\"yoast-schema-graph\">{\"@context\":\"https:\/\/schema.org\",\"@graph\":[{\"@type\":\"WebSite\",\"@id\":\"https:\/\/abrelivros.org.br\/site\/#website\",\"url\":\"https:\/\/abrelivros.org.br\/site\/\",\"name\":\"Abrelivros\",\"description\":\"\",\"potentialAction\":[{\"@type\":\"SearchAction\",\"target\":\"https:\/\/abrelivros.org.br\/site\/?s={search_term_string}\",\"query-input\":\"required name=search_term_string\"}],\"inLanguage\":\"pt-BR\"},{\"@type\":\"WebPage\",\"@id\":\"https:\/\/abrelivros.org.br\/site\/um-ano-apos-pandemia-forcar-ead-nenhum-estado-da-equipamentos-basicos-para-ministrar-ensino-remoto\/#webpage\",\"url\":\"https:\/\/abrelivros.org.br\/site\/um-ano-apos-pandemia-forcar-ead-nenhum-estado-da-equipamentos-basicos-para-ministrar-ensino-remoto\/\",\"name\":\"Um ano ap\\u00f3s pandemia for\\u00e7ar EAD, nenhum estado d\\u00e1 equipamentos b\\u00e1sicos para ministrar ensino remoto &raquo; Abrelivros\",\"isPartOf\":{\"@id\":\"https:\/\/abrelivros.org.br\/site\/#website\"},\"datePublished\":\"2021-03-15T18:53:38+00:00\",\"dateModified\":\"2021-03-15T18:53:38+00:00\",\"author\":{\"@id\":\"https:\/\/abrelivros.org.br\/site\/#\/schema\/person\/65db80e26409802ce15ac5feec6a15fd\"},\"breadcrumb\":{\"@id\":\"https:\/\/abrelivros.org.br\/site\/um-ano-apos-pandemia-forcar-ead-nenhum-estado-da-equipamentos-basicos-para-ministrar-ensino-remoto\/#breadcrumb\"},\"inLanguage\":\"pt-BR\",\"potentialAction\":[{\"@type\":\"ReadAction\",\"target\":[\"https:\/\/abrelivros.org.br\/site\/um-ano-apos-pandemia-forcar-ead-nenhum-estado-da-equipamentos-basicos-para-ministrar-ensino-remoto\/\"]}]},{\"@type\":\"BreadcrumbList\",\"@id\":\"https:\/\/abrelivros.org.br\/site\/um-ano-apos-pandemia-forcar-ead-nenhum-estado-da-equipamentos-basicos-para-ministrar-ensino-remoto\/#breadcrumb\",\"itemListElement\":[{\"@type\":\"ListItem\",\"position\":1,\"item\":{\"@type\":\"WebPage\",\"@id\":\"https:\/\/abrelivros.org.br\/site\/\",\"url\":\"https:\/\/abrelivros.org.br\/site\/\",\"name\":\"In\\u00edcio\"}},{\"@type\":\"ListItem\",\"position\":2,\"item\":{\"@type\":\"WebPage\",\"@id\":\"https:\/\/abrelivros.org.br\/site\/category\/noticias\/\",\"url\":\"https:\/\/abrelivros.org.br\/site\/category\/noticias\/\",\"name\":\"Not\\u00edcias\"}},{\"@type\":\"ListItem\",\"position\":3,\"item\":{\"@type\":\"WebPage\",\"@id\":\"https:\/\/abrelivros.org.br\/site\/category\/noticias\/noticias-da-imprensa\/\",\"url\":\"https:\/\/abrelivros.org.br\/site\/category\/noticias\/noticias-da-imprensa\/\",\"name\":\"Not\\u00edcias da imprensa\"}},{\"@type\":\"ListItem\",\"position\":4,\"item\":{\"@type\":\"WebPage\",\"@id\":\"https:\/\/abrelivros.org.br\/site\/um-ano-apos-pandemia-forcar-ead-nenhum-estado-da-equipamentos-basicos-para-ministrar-ensino-remoto\/\",\"url\":\"https:\/\/abrelivros.org.br\/site\/um-ano-apos-pandemia-forcar-ead-nenhum-estado-da-equipamentos-basicos-para-ministrar-ensino-remoto\/\",\"name\":\"Um ano ap\\u00f3s pandemia for\\u00e7ar EAD, nenhum estado d\\u00e1 equipamentos b\\u00e1sicos para ministrar ensino remoto\"}}]},{\"@type\":\"Person\",\"@id\":\"https:\/\/abrelivros.org.br\/site\/#\/schema\/person\/65db80e26409802ce15ac5feec6a15fd\",\"name\":\"Reda\\u00e7\\u00e3o Abrelivros\",\"image\":{\"@type\":\"ImageObject\",\"@id\":\"https:\/\/abrelivros.org.br\/site\/#personlogo\",\"inLanguage\":\"pt-BR\",\"url\":\"https:\/\/secure.gravatar.com\/avatar\/c4e57f9c7e3482965bd428192061218520756c39080b1d1820b679fa5e9af192?s=96&d=mm&r=g\",\"caption\":\"Reda\\u00e7\\u00e3o Abrelivros\"}}]}<\/script>\n<!-- \/ Yoast SEO plugin. -->","_links":{"self":[{"href":"https:\/\/abrelivros.org.br\/site\/wp-json\/wp\/v2\/posts\/13457","targetHints":{"allow":["GET"]}}],"collection":[{"href":"https:\/\/abrelivros.org.br\/site\/wp-json\/wp\/v2\/posts"}],"about":[{"href":"https:\/\/abrelivros.org.br\/site\/wp-json\/wp\/v2\/types\/post"}],"author":[{"embeddable":true,"href":"https:\/\/abrelivros.org.br\/site\/wp-json\/wp\/v2\/users\/4"}],"replies":[{"embeddable":true,"href":"https:\/\/abrelivros.org.br\/site\/wp-json\/wp\/v2\/comments?post=13457"}],"version-history":[{"count":1,"href":"https:\/\/abrelivros.org.br\/site\/wp-json\/wp\/v2\/posts\/13457\/revisions"}],"predecessor-version":[{"id":13458,"href":"https:\/\/abrelivros.org.br\/site\/wp-json\/wp\/v2\/posts\/13457\/revisions\/13458"}],"wp:attachment":[{"href":"https:\/\/abrelivros.org.br\/site\/wp-json\/wp\/v2\/media?parent=13457"}],"wp:term":[{"taxonomy":"category","embeddable":true,"href":"https:\/\/abrelivros.org.br\/site\/wp-json\/wp\/v2\/categories?post=13457"},{"taxonomy":"post_tag","embeddable":true,"href":"https:\/\/abrelivros.org.br\/site\/wp-json\/wp\/v2\/tags?post=13457"}],"curies":[{"name":"wp","href":"https:\/\/api.w.org\/{rel}","templated":true}]}}