{"id":13453,"date":"2021-03-15T15:42:07","date_gmt":"2021-03-15T18:42:07","guid":{"rendered":"https:\/\/abrelivros.org.br\/site\/?p=13453"},"modified":"2021-03-15T15:42:07","modified_gmt":"2021-03-15T18:42:07","slug":"saiba-quais-estados-e-municipios-vao-receber-escolas-civico-militares-em-2021","status":"publish","type":"post","link":"https:\/\/abrelivros.org.br\/site\/saiba-quais-estados-e-municipios-vao-receber-escolas-civico-militares-em-2021\/","title":{"rendered":"Saiba quais estados e munic\u00edpios v\u00e3o receber escolas c\u00edvico-militares em 2021"},"content":{"rendered":"<p>O Minist\u00e9rio da Educa\u00e7\u00e3o (MEC) divulgou a rela\u00e7\u00e3o dos estados e munic\u00edpios que aderiram ao <a href=\"https:\/\/www.gazetadopovo.com.br\/educacao\/governo-escolas-civico-militares-pandemia\/?ref=link-interno-materia\" target=\"_blank\" rel=\"noopener noreferrer\">Programa Nacional das Escolas C\u00edvico-Militares (Pecim)<\/a>. Um acordo entre o MEC e Minist\u00e9rio da Defesa permitiu que mais institui\u00e7\u00f5es pudessem ser contempladas.<!--more--> De 54, passam para 74 escolas de educa\u00e7\u00e3o b\u00e1sica sob o novo modelo. At\u00e9 2023, o governo pretende implantar o modelo em ao menos 216 institui\u00e7\u00f5es.<\/p>\n<p>A escolha dos entes se difere entre modelo de repasse e disponibiliza\u00e7\u00e3o de pessoal das For\u00e7as Armadas. As unidades que optaram pelo chamado &#8220;Modelo de Repasse de Recurso&#8221; recebem aporte financeiro do MEC para as adapta\u00e7\u00f5es das escolas e, em contrapartida, &#8220;disponibilizam militares das corpora\u00e7\u00f5es estaduais para atuarem nas escolas selecionadas, arcando com os correspondentes custos&#8221;.<\/p>\n<p>Por outro lado, no &#8220;Modelo de Disponibiliza\u00e7\u00e3o de Pessoal&#8221;, o MEC disponibiliza pessoal das For\u00e7as Armadas para as escolas e, em contrapartida, os entes subnacionais ficam respons\u00e1veis pelo aporte financeiro necess\u00e1rio \u00e0 implementa\u00e7\u00e3o do modelo nas escolas selecionadas.<\/p>\n","protected":false},"excerpt":{"rendered":"<p>O Minist\u00e9rio da Educa\u00e7\u00e3o (MEC) divulgou a rela\u00e7\u00e3o dos estados e munic\u00edpios que aderiram ao Programa Nacional das Escolas C\u00edvico-Militares (Pecim). Um acordo entre o MEC e Minist\u00e9rio da Defesa permitiu que mais institui\u00e7\u00f5es pudessem ser contempladas.<\/p>\n","protected":false},"author":4,"featured_media":0,"comment_status":"closed","ping_status":"closed","sticky":false,"template":"","format":"standard","meta":{"footnotes":"","_links_to":"","_links_to_target":""},"categories":[9],"tags":[],"class_list":["post-13453","post","type-post","status-publish","format-standard","hentry","category-noticias-da-imprensa"],"yoast_head":"<!-- This site is optimized with the Yoast SEO plugin v15.1 - https:\/\/yoast.com\/wordpress\/plugins\/seo\/ -->\n<title>Saiba quais estados e munic\u00edpios v\u00e3o receber escolas c\u00edvico-militares em 2021 &raquo; Abrelivros<\/title>\n<meta name=\"robots\" content=\"index, follow, max-snippet:-1, max-image-preview:large, max-video-preview:-1\" \/>\n<link rel=\"canonical\" href=\"https:\/\/abrelivros.org.br\/site\/saiba-quais-estados-e-municipios-vao-receber-escolas-civico-militares-em-2021\/\" \/>\n<meta property=\"og:locale\" content=\"pt_BR\" \/>\n<meta property=\"og:type\" content=\"article\" \/>\n<meta property=\"og:title\" content=\"Saiba quais estados e munic\u00edpios v\u00e3o receber escolas c\u00edvico-militares em 2021 &raquo; Abrelivros\" \/>\n<meta property=\"og:description\" content=\"O Minist\u00e9rio da Educa\u00e7\u00e3o (MEC) divulgou a rela\u00e7\u00e3o dos estados e munic\u00edpios que aderiram ao Programa Nacional das Escolas C\u00edvico-Militares (Pecim). Um acordo entre o MEC e Minist\u00e9rio da Defesa permitiu que mais institui\u00e7\u00f5es pudessem ser contempladas.\" \/>\n<meta property=\"og:url\" content=\"https:\/\/abrelivros.org.br\/site\/saiba-quais-estados-e-municipios-vao-receber-escolas-civico-militares-em-2021\/\" \/>\n<meta property=\"og:site_name\" content=\"Abrelivros\" \/>\n<meta property=\"article:published_time\" content=\"2021-03-15T18:42:07+00:00\" \/>\n<meta name=\"twitter:card\" content=\"summary_large_image\" \/>\n<script type=\"application\/ld+json\" class=\"yoast-schema-graph\">{\"@context\":\"https:\/\/schema.org\",\"@graph\":[{\"@type\":\"WebSite\",\"@id\":\"https:\/\/abrelivros.org.br\/site\/#website\",\"url\":\"https:\/\/abrelivros.org.br\/site\/\",\"name\":\"Abrelivros\",\"description\":\"\",\"potentialAction\":[{\"@type\":\"SearchAction\",\"target\":\"https:\/\/abrelivros.org.br\/site\/?s={search_term_string}\",\"query-input\":\"required name=search_term_string\"}],\"inLanguage\":\"pt-BR\"},{\"@type\":\"WebPage\",\"@id\":\"https:\/\/abrelivros.org.br\/site\/saiba-quais-estados-e-municipios-vao-receber-escolas-civico-militares-em-2021\/#webpage\",\"url\":\"https:\/\/abrelivros.org.br\/site\/saiba-quais-estados-e-municipios-vao-receber-escolas-civico-militares-em-2021\/\",\"name\":\"Saiba quais estados e munic\\u00edpios v\\u00e3o receber escolas c\\u00edvico-militares em 2021 &raquo; Abrelivros\",\"isPartOf\":{\"@id\":\"https:\/\/abrelivros.org.br\/site\/#website\"},\"datePublished\":\"2021-03-15T18:42:07+00:00\",\"dateModified\":\"2021-03-15T18:42:07+00:00\",\"author\":{\"@id\":\"https:\/\/abrelivros.org.br\/site\/#\/schema\/person\/65db80e26409802ce15ac5feec6a15fd\"},\"breadcrumb\":{\"@id\":\"https:\/\/abrelivros.org.br\/site\/saiba-quais-estados-e-municipios-vao-receber-escolas-civico-militares-em-2021\/#breadcrumb\"},\"inLanguage\":\"pt-BR\",\"potentialAction\":[{\"@type\":\"ReadAction\",\"target\":[\"https:\/\/abrelivros.org.br\/site\/saiba-quais-estados-e-municipios-vao-receber-escolas-civico-militares-em-2021\/\"]}]},{\"@type\":\"BreadcrumbList\",\"@id\":\"https:\/\/abrelivros.org.br\/site\/saiba-quais-estados-e-municipios-vao-receber-escolas-civico-militares-em-2021\/#breadcrumb\",\"itemListElement\":[{\"@type\":\"ListItem\",\"position\":1,\"item\":{\"@type\":\"WebPage\",\"@id\":\"https:\/\/abrelivros.org.br\/site\/\",\"url\":\"https:\/\/abrelivros.org.br\/site\/\",\"name\":\"In\\u00edcio\"}},{\"@type\":\"ListItem\",\"position\":2,\"item\":{\"@type\":\"WebPage\",\"@id\":\"https:\/\/abrelivros.org.br\/site\/category\/noticias\/\",\"url\":\"https:\/\/abrelivros.org.br\/site\/category\/noticias\/\",\"name\":\"Not\\u00edcias\"}},{\"@type\":\"ListItem\",\"position\":3,\"item\":{\"@type\":\"WebPage\",\"@id\":\"https:\/\/abrelivros.org.br\/site\/category\/noticias\/noticias-da-imprensa\/\",\"url\":\"https:\/\/abrelivros.org.br\/site\/category\/noticias\/noticias-da-imprensa\/\",\"name\":\"Not\\u00edcias da imprensa\"}},{\"@type\":\"ListItem\",\"position\":4,\"item\":{\"@type\":\"WebPage\",\"@id\":\"https:\/\/abrelivros.org.br\/site\/saiba-quais-estados-e-municipios-vao-receber-escolas-civico-militares-em-2021\/\",\"url\":\"https:\/\/abrelivros.org.br\/site\/saiba-quais-estados-e-municipios-vao-receber-escolas-civico-militares-em-2021\/\",\"name\":\"Saiba quais estados e munic\\u00edpios v\\u00e3o receber escolas c\\u00edvico-militares em 2021\"}}]},{\"@type\":\"Person\",\"@id\":\"https:\/\/abrelivros.org.br\/site\/#\/schema\/person\/65db80e26409802ce15ac5feec6a15fd\",\"name\":\"Reda\\u00e7\\u00e3o Abrelivros\",\"image\":{\"@type\":\"ImageObject\",\"@id\":\"https:\/\/abrelivros.org.br\/site\/#personlogo\",\"inLanguage\":\"pt-BR\",\"url\":\"https:\/\/secure.gravatar.com\/avatar\/c4e57f9c7e3482965bd428192061218520756c39080b1d1820b679fa5e9af192?s=96&d=mm&r=g\",\"caption\":\"Reda\\u00e7\\u00e3o Abrelivros\"}}]}<\/script>\n<!-- \/ Yoast SEO plugin. -->","_links":{"self":[{"href":"https:\/\/abrelivros.org.br\/site\/wp-json\/wp\/v2\/posts\/13453","targetHints":{"allow":["GET"]}}],"collection":[{"href":"https:\/\/abrelivros.org.br\/site\/wp-json\/wp\/v2\/posts"}],"about":[{"href":"https:\/\/abrelivros.org.br\/site\/wp-json\/wp\/v2\/types\/post"}],"author":[{"embeddable":true,"href":"https:\/\/abrelivros.org.br\/site\/wp-json\/wp\/v2\/users\/4"}],"replies":[{"embeddable":true,"href":"https:\/\/abrelivros.org.br\/site\/wp-json\/wp\/v2\/comments?post=13453"}],"version-history":[{"count":1,"href":"https:\/\/abrelivros.org.br\/site\/wp-json\/wp\/v2\/posts\/13453\/revisions"}],"predecessor-version":[{"id":13454,"href":"https:\/\/abrelivros.org.br\/site\/wp-json\/wp\/v2\/posts\/13453\/revisions\/13454"}],"wp:attachment":[{"href":"https:\/\/abrelivros.org.br\/site\/wp-json\/wp\/v2\/media?parent=13453"}],"wp:term":[{"taxonomy":"category","embeddable":true,"href":"https:\/\/abrelivros.org.br\/site\/wp-json\/wp\/v2\/categories?post=13453"},{"taxonomy":"post_tag","embeddable":true,"href":"https:\/\/abrelivros.org.br\/site\/wp-json\/wp\/v2\/tags?post=13453"}],"curies":[{"name":"wp","href":"https:\/\/api.w.org\/{rel}","templated":true}]}}