{"id":13450,"date":"2021-03-12T14:16:43","date_gmt":"2021-03-12T17:16:43","guid":{"rendered":"https:\/\/abrelivros.org.br\/site\/?p=13450"},"modified":"2021-03-12T14:16:43","modified_gmt":"2021-03-12T17:16:43","slug":"ja-esta-aberto-prazo-para-a-escolha-de-projetos-integradores-e-projeto-de-vida-para-o-ensino-medio","status":"publish","type":"post","link":"https:\/\/abrelivros.org.br\/site\/ja-esta-aberto-prazo-para-a-escolha-de-projetos-integradores-e-projeto-de-vida-para-o-ensino-medio\/","title":{"rendered":"J\u00e1 est\u00e1 aberto prazo para a escolha de projetos integradores e projeto de vida para o ensino m\u00e9dio"},"content":{"rendered":"<p>J\u00e1 est\u00e1 aberto o prazo para a escolha de projetos integradores e projeto de vida para o ensino m\u00e9dio \u2013 Objeto 1 do Programa Nacional do Livro e do Material Did\u00e1tico (PNLD 2021). At\u00e9 o dia 16 de mar\u00e7o, os diretores das escolas participantes devem registrar, no sistema <a href=\"http:\/\/pddeinterativo.mec.gov.br\/\" target=\"_blank\" rel=\"noopener noreferrer\">PDDE Interativo<\/a>, os projetos que ser\u00e3o utilizados por seus estudantes nos pr\u00f3ximos quatro anos.<!--more--><\/p>\n<p>Para facilitar a sele\u00e7\u00e3o das obras, o Minist\u00e9rio da Educa\u00e7\u00e3o e o Fundo Nacional de Desenvolvimento da Educa\u00e7\u00e3o (FNDE) produziram o<a href=\"https:\/\/www.gov.br\/fnde\/pt-br\/acesso-a-informacao\/acoes-e-programas\/programas\/programas-do-livro\/pnld\/escolha-pnld-2021-projetos\" target=\"_blank\" rel=\"noopener noreferrer\"> Guia do PNLD 2021<\/a> (Projetos Integradores e Projeto de Vida), que traz resenhas das obras dispon\u00edveis para a escolha. Ao analisar o guia, professores, coordenadores pedag\u00f3gicos e diretores poder\u00e3o selecionar os projetos mais adequados \u00e0 realidade de cada escola \u2013 a ata da reuni\u00e3o de escolha precisa ser inserida no sistema PDDE Interativo.<\/p>\n<p>As escolas devem escolher duas op\u00e7\u00f5es, de editoras diferentes, de cada projeto integrador \u2013 Linguagens e suas Tecnologias; Matem\u00e1tica e suas Tecnologias; Ci\u00eancias da Natureza e suas Tecnologias; e Ci\u00eancias Humanas e Sociais Aplicadas \u2013 e duas op\u00e7\u00f5es de projeto de vida, tamb\u00e9m de editoras diferentes. Se n\u00e3o for poss\u00edvel adquirir as obras da primeira op\u00e7\u00e3o, as unidades de ensino receber\u00e3o os projetos indicados como segunda op\u00e7\u00e3o.<\/p>\n<p>Caso a escola opte por n\u00e3o utilizar qualquer uma das op\u00e7\u00f5es ofertadas, \u00e9 obrigat\u00f3rio o registro no sistema de que n\u00e3o deseja receber determinado projeto. Sem esse registro, o PDDE Interativo apontar\u00e1 que deve ser enviado um dos t\u00edtulos dispon\u00edveis de cada projeto para todo o alunado.<\/p>\n<p>As redes de ensino, em conjunto com suas unidades de ensino, dever\u00e3o decidir pela unifica\u00e7\u00e3o ou n\u00e3o dos materiais que ser\u00e3o distribu\u00eddos. Mesmo com a unifica\u00e7\u00e3o, as escolas devem seguir registrando suas escolhas individualmente no sistema. As obras mais selecionadas ser\u00e3o encaminhadas para todas as unidades de ensino<\/p>\n","protected":false},"excerpt":{"rendered":"<p>J\u00e1 est\u00e1 aberto o prazo para a escolha de projetos integradores e projeto de vida para o ensino m\u00e9dio \u2013 Objeto 1 do Programa Nacional do Livro e do Material Did\u00e1tico (PNLD 2021). At\u00e9 o dia 16 de mar\u00e7o, os diretores das escolas participantes devem registrar, no sistema PDDE Interativo, os projetos que ser\u00e3o utilizados [&hellip;]<\/p>\n","protected":false},"author":4,"featured_media":0,"comment_status":"closed","ping_status":"closed","sticky":false,"template":"","format":"standard","meta":{"footnotes":"","_links_to":"","_links_to_target":""},"categories":[9,10],"tags":[],"class_list":["post-13450","post","type-post","status-publish","format-standard","hentry","category-noticias-da-imprensa","category-pnld-programa-nacional-do-livro-e-do-material-didatico"],"yoast_head":"<!-- This site is optimized with the Yoast SEO plugin v15.1 - https:\/\/yoast.com\/wordpress\/plugins\/seo\/ -->\n<title>J\u00e1 est\u00e1 aberto prazo para a escolha de projetos integradores e projeto de vida para o ensino m\u00e9dio &raquo; Abrelivros<\/title>\n<meta name=\"robots\" content=\"index, follow, max-snippet:-1, max-image-preview:large, max-video-preview:-1\" \/>\n<link rel=\"canonical\" href=\"https:\/\/abrelivros.org.br\/site\/ja-esta-aberto-prazo-para-a-escolha-de-projetos-integradores-e-projeto-de-vida-para-o-ensino-medio\/\" \/>\n<meta property=\"og:locale\" content=\"pt_BR\" \/>\n<meta property=\"og:type\" content=\"article\" \/>\n<meta property=\"og:title\" content=\"J\u00e1 est\u00e1 aberto prazo para a escolha de projetos integradores e projeto de vida para o ensino m\u00e9dio &raquo; Abrelivros\" \/>\n<meta property=\"og:description\" content=\"J\u00e1 est\u00e1 aberto o prazo para a escolha de projetos integradores e projeto de vida para o ensino m\u00e9dio \u2013 Objeto 1 do Programa Nacional do Livro e do Material Did\u00e1tico (PNLD 2021). At\u00e9 o dia 16 de mar\u00e7o, os diretores das escolas participantes devem registrar, no sistema PDDE Interativo, os projetos que ser\u00e3o utilizados [&hellip;]\" \/>\n<meta property=\"og:url\" content=\"https:\/\/abrelivros.org.br\/site\/ja-esta-aberto-prazo-para-a-escolha-de-projetos-integradores-e-projeto-de-vida-para-o-ensino-medio\/\" \/>\n<meta property=\"og:site_name\" content=\"Abrelivros\" \/>\n<meta property=\"article:published_time\" content=\"2021-03-12T17:16:43+00:00\" \/>\n<meta name=\"twitter:card\" content=\"summary_large_image\" \/>\n<script type=\"application\/ld+json\" class=\"yoast-schema-graph\">{\"@context\":\"https:\/\/schema.org\",\"@graph\":[{\"@type\":\"WebSite\",\"@id\":\"https:\/\/abrelivros.org.br\/site\/#website\",\"url\":\"https:\/\/abrelivros.org.br\/site\/\",\"name\":\"Abrelivros\",\"description\":\"\",\"potentialAction\":[{\"@type\":\"SearchAction\",\"target\":\"https:\/\/abrelivros.org.br\/site\/?s={search_term_string}\",\"query-input\":\"required name=search_term_string\"}],\"inLanguage\":\"pt-BR\"},{\"@type\":\"WebPage\",\"@id\":\"https:\/\/abrelivros.org.br\/site\/ja-esta-aberto-prazo-para-a-escolha-de-projetos-integradores-e-projeto-de-vida-para-o-ensino-medio\/#webpage\",\"url\":\"https:\/\/abrelivros.org.br\/site\/ja-esta-aberto-prazo-para-a-escolha-de-projetos-integradores-e-projeto-de-vida-para-o-ensino-medio\/\",\"name\":\"J\\u00e1 est\\u00e1 aberto prazo para a escolha de projetos integradores e projeto de vida para o ensino m\\u00e9dio &raquo; Abrelivros\",\"isPartOf\":{\"@id\":\"https:\/\/abrelivros.org.br\/site\/#website\"},\"datePublished\":\"2021-03-12T17:16:43+00:00\",\"dateModified\":\"2021-03-12T17:16:43+00:00\",\"author\":{\"@id\":\"https:\/\/abrelivros.org.br\/site\/#\/schema\/person\/65db80e26409802ce15ac5feec6a15fd\"},\"breadcrumb\":{\"@id\":\"https:\/\/abrelivros.org.br\/site\/ja-esta-aberto-prazo-para-a-escolha-de-projetos-integradores-e-projeto-de-vida-para-o-ensino-medio\/#breadcrumb\"},\"inLanguage\":\"pt-BR\",\"potentialAction\":[{\"@type\":\"ReadAction\",\"target\":[\"https:\/\/abrelivros.org.br\/site\/ja-esta-aberto-prazo-para-a-escolha-de-projetos-integradores-e-projeto-de-vida-para-o-ensino-medio\/\"]}]},{\"@type\":\"BreadcrumbList\",\"@id\":\"https:\/\/abrelivros.org.br\/site\/ja-esta-aberto-prazo-para-a-escolha-de-projetos-integradores-e-projeto-de-vida-para-o-ensino-medio\/#breadcrumb\",\"itemListElement\":[{\"@type\":\"ListItem\",\"position\":1,\"item\":{\"@type\":\"WebPage\",\"@id\":\"https:\/\/abrelivros.org.br\/site\/\",\"url\":\"https:\/\/abrelivros.org.br\/site\/\",\"name\":\"In\\u00edcio\"}},{\"@type\":\"ListItem\",\"position\":2,\"item\":{\"@type\":\"WebPage\",\"@id\":\"https:\/\/abrelivros.org.br\/site\/category\/noticias\/\",\"url\":\"https:\/\/abrelivros.org.br\/site\/category\/noticias\/\",\"name\":\"Not\\u00edcias\"}},{\"@type\":\"ListItem\",\"position\":3,\"item\":{\"@type\":\"WebPage\",\"@id\":\"https:\/\/abrelivros.org.br\/site\/category\/noticias\/noticias-da-imprensa\/\",\"url\":\"https:\/\/abrelivros.org.br\/site\/category\/noticias\/noticias-da-imprensa\/\",\"name\":\"Not\\u00edcias da imprensa\"}},{\"@type\":\"ListItem\",\"position\":4,\"item\":{\"@type\":\"WebPage\",\"@id\":\"https:\/\/abrelivros.org.br\/site\/ja-esta-aberto-prazo-para-a-escolha-de-projetos-integradores-e-projeto-de-vida-para-o-ensino-medio\/\",\"url\":\"https:\/\/abrelivros.org.br\/site\/ja-esta-aberto-prazo-para-a-escolha-de-projetos-integradores-e-projeto-de-vida-para-o-ensino-medio\/\",\"name\":\"J\\u00e1 est\\u00e1 aberto prazo para a escolha de projetos integradores e projeto de vida para o ensino m\\u00e9dio\"}}]},{\"@type\":\"Person\",\"@id\":\"https:\/\/abrelivros.org.br\/site\/#\/schema\/person\/65db80e26409802ce15ac5feec6a15fd\",\"name\":\"Reda\\u00e7\\u00e3o Abrelivros\",\"image\":{\"@type\":\"ImageObject\",\"@id\":\"https:\/\/abrelivros.org.br\/site\/#personlogo\",\"inLanguage\":\"pt-BR\",\"url\":\"https:\/\/secure.gravatar.com\/avatar\/c4e57f9c7e3482965bd428192061218520756c39080b1d1820b679fa5e9af192?s=96&d=mm&r=g\",\"caption\":\"Reda\\u00e7\\u00e3o Abrelivros\"}}]}<\/script>\n<!-- \/ Yoast SEO plugin. -->","_links":{"self":[{"href":"https:\/\/abrelivros.org.br\/site\/wp-json\/wp\/v2\/posts\/13450","targetHints":{"allow":["GET"]}}],"collection":[{"href":"https:\/\/abrelivros.org.br\/site\/wp-json\/wp\/v2\/posts"}],"about":[{"href":"https:\/\/abrelivros.org.br\/site\/wp-json\/wp\/v2\/types\/post"}],"author":[{"embeddable":true,"href":"https:\/\/abrelivros.org.br\/site\/wp-json\/wp\/v2\/users\/4"}],"replies":[{"embeddable":true,"href":"https:\/\/abrelivros.org.br\/site\/wp-json\/wp\/v2\/comments?post=13450"}],"version-history":[{"count":1,"href":"https:\/\/abrelivros.org.br\/site\/wp-json\/wp\/v2\/posts\/13450\/revisions"}],"predecessor-version":[{"id":13451,"href":"https:\/\/abrelivros.org.br\/site\/wp-json\/wp\/v2\/posts\/13450\/revisions\/13451"}],"wp:attachment":[{"href":"https:\/\/abrelivros.org.br\/site\/wp-json\/wp\/v2\/media?parent=13450"}],"wp:term":[{"taxonomy":"category","embeddable":true,"href":"https:\/\/abrelivros.org.br\/site\/wp-json\/wp\/v2\/categories?post=13450"},{"taxonomy":"post_tag","embeddable":true,"href":"https:\/\/abrelivros.org.br\/site\/wp-json\/wp\/v2\/tags?post=13450"}],"curies":[{"name":"wp","href":"https:\/\/api.w.org\/{rel}","templated":true}]}}