{"id":13448,"date":"2021-03-12T14:13:03","date_gmt":"2021-03-12T17:13:03","guid":{"rendered":"https:\/\/abrelivros.org.br\/site\/?p=13448"},"modified":"2021-03-12T14:13:03","modified_gmt":"2021-03-12T17:13:03","slug":"da-desinformacao-a-cidadania-digital-formacao-online-explora-educacao-midiatica","status":"publish","type":"post","link":"https:\/\/abrelivros.org.br\/site\/da-desinformacao-a-cidadania-digital-formacao-online-explora-educacao-midiatica\/","title":{"rendered":"Da desinforma\u00e7\u00e3o \u00e0 cidadania digital, forma\u00e7\u00e3o online explora educa\u00e7\u00e3o midi\u00e1tica"},"content":{"rendered":"<p>Combater a desinforma\u00e7\u00e3o, compreender o surgimento de conte\u00fados virais pela \u00f3tica da matem\u00e1tica, refletir sobre fake news em sa\u00fade, analisar discursos de \u00f3dio em jogos digitais e trabalhar com as m\u00eddias para aprender hist\u00f3ria.<!--more--> Essas foram algumas das propostas que se transformaram em planos de aula durante a primeira forma\u00e7\u00e3o online de multiplicadores em educa\u00e7\u00e3o midi\u00e1tica, promovida pelo programa EducaM\u00eddia, do Instituto Palavra Aberta.<\/p>\n<p>Com a proposta de capacitar educadores que ir\u00e3o compartilhar boas pr\u00e1ticas de educa\u00e7\u00e3o midi\u00e1tica em seus contextos educacionais, o curso re\u00fane participantes de diferentes \u00e1reas de conhecimento e localidades do pa\u00eds para participar de um programa online de 30 horas. As inscri\u00e7\u00f5es para a nova turma est\u00e3o abertas at\u00e9 o dia 15 de mar\u00e7o.<\/p>\n<p>Ao longo dos encontros, al\u00e9m de aprender sobre o universo da educa\u00e7\u00e3o midi\u00e1tica e participar de quatro encontros ao vivo, os educadores s\u00e3o incentivados a desenvolver um projeto de multiplica\u00e7\u00e3o. Tudo isso com o acompanhamento e certifica\u00e7\u00e3o da equipe EducaM\u00eddia.<\/p>\n<p>Conhe\u00e7a alguns exemplos de projetos que foram desenvolvidos na \u00faltima turma:<\/p>\n<p>Matem\u00e1tica por tr\u00e1s dos conte\u00fados virais<\/p>\n<p>Para a professora de matem\u00e1tica Tatielen Demarchi, da rede estadual de S\u00e3o Paulo e da rede privada em Ourinhos (SP), a forma\u00e7\u00e3o foi uma oportunidade de refletir sobre desinforma\u00e7\u00e3o e criar estrat\u00e9gias para trabalhar esse conte\u00fado na sua disciplina. \u201cEu sentia que os meus alunos tinham muito potencial e conheciam bastante sobre a internet, mas eles tamb\u00e9m ca\u00edam em muitas armadilhas. Nada melhor do que o letramento digital para diminuir a desinforma\u00e7\u00e3o\u201d, destaca.<\/p>\n<p>Pensando em solu\u00e7\u00f5es para este problema, a educadora desenvolveu um plano de aula para tratar de conte\u00fados virais a partir da perspectiva das fun\u00e7\u00f5es exponenciais. \u201cMostrei para eles como uma desinforma\u00e7\u00e3o pode ser espalhada de forma r\u00e1pida. Eu quis mostrar para os alunos que a gente tamb\u00e9m pode unir conte\u00fado digital e a matem\u00e1tica\u201d, explica.<\/p>\n<p>Fake news mata<\/p>\n<p>Quem tamb\u00e9m trabalhou com o tema da desinforma\u00e7\u00e3o foi o bi\u00f3logo Heytor Neco, docente de ensino superior no Recife (PE). Com a proposta de trazer inova\u00e7\u00e3o para turmas da \u00e1rea da sa\u00fade, o educador desenvolveu uma ferramenta interativa que combate as fake news (not\u00edcias falsas, em ingl\u00eas). \u201cMinha ideia foi sensibilizar os estudantes e a sociedade para o fato de que as fake news podem at\u00e9 matar\u201d, afirma.<\/p>\n<p>Durante a forma\u00e7\u00e3o, ele conta que p\u00f4de ampliar a sua percep\u00e7\u00e3o sobre a import\u00e2ncia da educa\u00e7\u00e3o midi\u00e1tica para o exerc\u00edcio democr\u00e1tico. \u201cEu entendi que a educa\u00e7\u00e3o midi\u00e1tica n\u00e3o \u00e9 apenas a quest\u00e3o da m\u00eddia em si, mas existe toda uma reflex\u00e3o sobre literacia e cidadania digital\u201d.<\/p>\n<p>A pol\u00edtica e o discurso do samba<\/p>\n<p>E por falar em cidadania, durante a forma\u00e7\u00e3o online tamb\u00e9m teve educador que trabalhou com o notici\u00e1rio de pol\u00edtica para ensinar hist\u00f3ria. Max Oliveira, professor e cofundador do projeto Poeira da Hist\u00f3ria, no Rio de Janeiro (RJ),<\/p>\n<p>desenvolveu um plano de aula que tinha a proposta de analisar como e por que a gest\u00e3o do ex-prefeito da capital carioca, Marcelo Crivella, enxergava o samba de forma cr\u00edtica.<\/p>\n<p>\u201cA ideia era que as pessoas entendessem que o discurso que \u00e9 ventilado nas redes contra o samba tem um elemento hist\u00f3rico. Quando lemos uma mat\u00e9ria, temos que entender quem \u00e9 o autor que est\u00e1 emitindo essa informa\u00e7\u00e3o e de que lugar ele est\u00e1 falando\u201d, comenta Max.<\/p>\n<p>Machismo nos games<\/p>\n<p>Ao longo da forma\u00e7\u00e3o, os participantes da \u00faltima edi\u00e7\u00e3o tamb\u00e9m puderam desbravar diferentes t\u00f3picos que tamb\u00e9m est\u00e3o associados \u00e0 educa\u00e7\u00e3o midi\u00e1tica. \u201cEu n\u00e3o entendia como a educa\u00e7\u00e3o midi\u00e1tica poderia abrir tantos pontos de vista. Existe muita coisa por tr\u00e1s de uma imagem, um meme, um v\u00eddeo\u201d, afirma Rodolfo de Carvalho, que atua como formador de professores em Natal (RN).<\/p>\n<p>Com esse olhar amplo para as possibilidades da educa\u00e7\u00e3o midi\u00e1tica, ele desenvolveu um projeto para incentivar que os estudantes analisassem o machismo presente em jogos digitais. \u201cPor que eles acham que isso acontece? Por que a mulher \u00e9 xingada dessa forma nos jogos? O que podemos fazer para mudar isso?\u201d, compartilha o educador.<\/p>\n<p>Inscri\u00e7\u00f5es abertas<\/p>\n<p>Como projeto final da forma\u00e7\u00e3o, todos os educadores participantes desenvolvem um plano de aula ou uma ferramenta de apoio para multiplicar boas pr\u00e1ticas de educa\u00e7\u00e3o midi\u00e1tica. Para os educadores que tamb\u00e9m quiserem acompanhar o programa e receber mentoria na hora de criar seus projetos, as inscri\u00e7\u00f5es da segunda turma online est\u00e3o abertas at\u00e9 15 de mar\u00e7o.<\/p>\n<p>&nbsp;<\/p>\n","protected":false},"excerpt":{"rendered":"<p>Combater a desinforma\u00e7\u00e3o, compreender o surgimento de conte\u00fados virais pela \u00f3tica da matem\u00e1tica, refletir sobre fake news em sa\u00fade, analisar discursos de \u00f3dio em jogos digitais e trabalhar com as m\u00eddias para aprender hist\u00f3ria.<\/p>\n","protected":false},"author":4,"featured_media":0,"comment_status":"closed","ping_status":"closed","sticky":false,"template":"","format":"standard","meta":{"footnotes":"","_links_to":"","_links_to_target":""},"categories":[9],"tags":[],"class_list":["post-13448","post","type-post","status-publish","format-standard","hentry","category-noticias-da-imprensa"],"yoast_head":"<!-- This site is optimized with the Yoast SEO plugin v15.1 - https:\/\/yoast.com\/wordpress\/plugins\/seo\/ -->\n<title>Da desinforma\u00e7\u00e3o \u00e0 cidadania digital, forma\u00e7\u00e3o online explora educa\u00e7\u00e3o midi\u00e1tica &raquo; Abrelivros<\/title>\n<meta name=\"robots\" content=\"index, follow, max-snippet:-1, max-image-preview:large, max-video-preview:-1\" \/>\n<link rel=\"canonical\" href=\"https:\/\/abrelivros.org.br\/site\/da-desinformacao-a-cidadania-digital-formacao-online-explora-educacao-midiatica\/\" \/>\n<meta property=\"og:locale\" content=\"pt_BR\" \/>\n<meta property=\"og:type\" content=\"article\" \/>\n<meta property=\"og:title\" content=\"Da desinforma\u00e7\u00e3o \u00e0 cidadania digital, forma\u00e7\u00e3o online explora educa\u00e7\u00e3o midi\u00e1tica &raquo; Abrelivros\" \/>\n<meta property=\"og:description\" content=\"Combater a desinforma\u00e7\u00e3o, compreender o surgimento de conte\u00fados virais pela \u00f3tica da matem\u00e1tica, refletir sobre fake news em sa\u00fade, analisar discursos de \u00f3dio em jogos digitais e trabalhar com as m\u00eddias para aprender hist\u00f3ria.\" \/>\n<meta property=\"og:url\" content=\"https:\/\/abrelivros.org.br\/site\/da-desinformacao-a-cidadania-digital-formacao-online-explora-educacao-midiatica\/\" \/>\n<meta property=\"og:site_name\" content=\"Abrelivros\" \/>\n<meta property=\"article:published_time\" content=\"2021-03-12T17:13:03+00:00\" \/>\n<meta name=\"twitter:card\" content=\"summary_large_image\" \/>\n<script type=\"application\/ld+json\" class=\"yoast-schema-graph\">{\"@context\":\"https:\/\/schema.org\",\"@graph\":[{\"@type\":\"WebSite\",\"@id\":\"https:\/\/abrelivros.org.br\/site\/#website\",\"url\":\"https:\/\/abrelivros.org.br\/site\/\",\"name\":\"Abrelivros\",\"description\":\"\",\"potentialAction\":[{\"@type\":\"SearchAction\",\"target\":\"https:\/\/abrelivros.org.br\/site\/?s={search_term_string}\",\"query-input\":\"required name=search_term_string\"}],\"inLanguage\":\"pt-BR\"},{\"@type\":\"WebPage\",\"@id\":\"https:\/\/abrelivros.org.br\/site\/da-desinformacao-a-cidadania-digital-formacao-online-explora-educacao-midiatica\/#webpage\",\"url\":\"https:\/\/abrelivros.org.br\/site\/da-desinformacao-a-cidadania-digital-formacao-online-explora-educacao-midiatica\/\",\"name\":\"Da desinforma\\u00e7\\u00e3o \\u00e0 cidadania digital, forma\\u00e7\\u00e3o online explora educa\\u00e7\\u00e3o midi\\u00e1tica &raquo; Abrelivros\",\"isPartOf\":{\"@id\":\"https:\/\/abrelivros.org.br\/site\/#website\"},\"datePublished\":\"2021-03-12T17:13:03+00:00\",\"dateModified\":\"2021-03-12T17:13:03+00:00\",\"author\":{\"@id\":\"https:\/\/abrelivros.org.br\/site\/#\/schema\/person\/65db80e26409802ce15ac5feec6a15fd\"},\"breadcrumb\":{\"@id\":\"https:\/\/abrelivros.org.br\/site\/da-desinformacao-a-cidadania-digital-formacao-online-explora-educacao-midiatica\/#breadcrumb\"},\"inLanguage\":\"pt-BR\",\"potentialAction\":[{\"@type\":\"ReadAction\",\"target\":[\"https:\/\/abrelivros.org.br\/site\/da-desinformacao-a-cidadania-digital-formacao-online-explora-educacao-midiatica\/\"]}]},{\"@type\":\"BreadcrumbList\",\"@id\":\"https:\/\/abrelivros.org.br\/site\/da-desinformacao-a-cidadania-digital-formacao-online-explora-educacao-midiatica\/#breadcrumb\",\"itemListElement\":[{\"@type\":\"ListItem\",\"position\":1,\"item\":{\"@type\":\"WebPage\",\"@id\":\"https:\/\/abrelivros.org.br\/site\/\",\"url\":\"https:\/\/abrelivros.org.br\/site\/\",\"name\":\"In\\u00edcio\"}},{\"@type\":\"ListItem\",\"position\":2,\"item\":{\"@type\":\"WebPage\",\"@id\":\"https:\/\/abrelivros.org.br\/site\/category\/noticias\/\",\"url\":\"https:\/\/abrelivros.org.br\/site\/category\/noticias\/\",\"name\":\"Not\\u00edcias\"}},{\"@type\":\"ListItem\",\"position\":3,\"item\":{\"@type\":\"WebPage\",\"@id\":\"https:\/\/abrelivros.org.br\/site\/category\/noticias\/noticias-da-imprensa\/\",\"url\":\"https:\/\/abrelivros.org.br\/site\/category\/noticias\/noticias-da-imprensa\/\",\"name\":\"Not\\u00edcias da imprensa\"}},{\"@type\":\"ListItem\",\"position\":4,\"item\":{\"@type\":\"WebPage\",\"@id\":\"https:\/\/abrelivros.org.br\/site\/da-desinformacao-a-cidadania-digital-formacao-online-explora-educacao-midiatica\/\",\"url\":\"https:\/\/abrelivros.org.br\/site\/da-desinformacao-a-cidadania-digital-formacao-online-explora-educacao-midiatica\/\",\"name\":\"Da desinforma\\u00e7\\u00e3o \\u00e0 cidadania digital, forma\\u00e7\\u00e3o online explora educa\\u00e7\\u00e3o midi\\u00e1tica\"}}]},{\"@type\":\"Person\",\"@id\":\"https:\/\/abrelivros.org.br\/site\/#\/schema\/person\/65db80e26409802ce15ac5feec6a15fd\",\"name\":\"Reda\\u00e7\\u00e3o Abrelivros\",\"image\":{\"@type\":\"ImageObject\",\"@id\":\"https:\/\/abrelivros.org.br\/site\/#personlogo\",\"inLanguage\":\"pt-BR\",\"url\":\"https:\/\/secure.gravatar.com\/avatar\/c4e57f9c7e3482965bd428192061218520756c39080b1d1820b679fa5e9af192?s=96&d=mm&r=g\",\"caption\":\"Reda\\u00e7\\u00e3o Abrelivros\"}}]}<\/script>\n<!-- \/ Yoast SEO plugin. -->","_links":{"self":[{"href":"https:\/\/abrelivros.org.br\/site\/wp-json\/wp\/v2\/posts\/13448","targetHints":{"allow":["GET"]}}],"collection":[{"href":"https:\/\/abrelivros.org.br\/site\/wp-json\/wp\/v2\/posts"}],"about":[{"href":"https:\/\/abrelivros.org.br\/site\/wp-json\/wp\/v2\/types\/post"}],"author":[{"embeddable":true,"href":"https:\/\/abrelivros.org.br\/site\/wp-json\/wp\/v2\/users\/4"}],"replies":[{"embeddable":true,"href":"https:\/\/abrelivros.org.br\/site\/wp-json\/wp\/v2\/comments?post=13448"}],"version-history":[{"count":1,"href":"https:\/\/abrelivros.org.br\/site\/wp-json\/wp\/v2\/posts\/13448\/revisions"}],"predecessor-version":[{"id":13449,"href":"https:\/\/abrelivros.org.br\/site\/wp-json\/wp\/v2\/posts\/13448\/revisions\/13449"}],"wp:attachment":[{"href":"https:\/\/abrelivros.org.br\/site\/wp-json\/wp\/v2\/media?parent=13448"}],"wp:term":[{"taxonomy":"category","embeddable":true,"href":"https:\/\/abrelivros.org.br\/site\/wp-json\/wp\/v2\/categories?post=13448"},{"taxonomy":"post_tag","embeddable":true,"href":"https:\/\/abrelivros.org.br\/site\/wp-json\/wp\/v2\/tags?post=13448"}],"curies":[{"name":"wp","href":"https:\/\/api.w.org\/{rel}","templated":true}]}}