{"id":13446,"date":"2021-03-12T14:09:59","date_gmt":"2021-03-12T17:09:59","guid":{"rendered":"https:\/\/abrelivros.org.br\/site\/?p=13446"},"modified":"2021-03-12T14:09:59","modified_gmt":"2021-03-12T17:09:59","slug":"nao-e-seguro-reabrir-escolas-em-meio-a-catastrofe-diz-pesquisador","status":"publish","type":"post","link":"https:\/\/abrelivros.org.br\/site\/nao-e-seguro-reabrir-escolas-em-meio-a-catastrofe-diz-pesquisador\/","title":{"rendered":"N\u00e3o \u00e9 seguro reabrir escolas em meio \u00e0 cat\u00e1strofe, diz pesquisador"},"content":{"rendered":"<p>O cen\u00e1rio de escalada da pandemia no Brasil, com o recorde de quase 2.300 mortes registradas na \u00faltima quarta-feira (10\/03), torna cada vez mais complicada a retomada das atividades escolares presenciais. A situa\u00e7\u00e3o \u00e9 preocupante, sobretudo pela dificuldade de infraestrutura observada na rede p\u00fablica.<!--more--><\/p>\n<p>Um estudo realizado com 3.672 secretarias municipais de Educa\u00e7\u00e3o, dois ter\u00e7os do total, mostra que 49% delas relataram altos graus de dificuldade no acesso \u00e0 internet pelos alunos.<\/p>\n<p>Embora 60% dos munic\u00edpios tenham oferecido aulas gravadas, o principal recurso de ensino remoto no Brasil foram aulas por <a href=\"https:\/\/www.uol.com.br\/tilt\/whatsapp\/\" target=\"_blank\" rel=\"noopener noreferrer\">WhatsApp<\/a> e materiais impressos, utilizados por 90% das cidades brasileiras.<\/p>\n<p>Al\u00e9m do impacto sobre o ensino, pedagogos v\u00eam alertando para os efeitos que as escolas fechadas podem ter sobre a sociabilidade de crian\u00e7as e adolescentes.<\/p>\n<p>Nas fam\u00edlias mais pobres, teme-se ainda um abandono escolar por jovens de maior idade que podem trocar o estudo pelo trabalho ante o cen\u00e1rio econ\u00f4mico desfavor\u00e1vel.<\/p>\n<p>O f\u00edsico Roberto Kraenkel, professor da Unesp (Universidade do Estado de S\u00e3o Paulo) e pesquisador do Centro de Conting\u00eancia contra Covid-19 no estado, desenvolveu modelos matem\u00e1ticos que possibilitam estimar os impactos da reabertura das escolas na sociedade.<\/p>\n<p>Ele \u00e9 enf\u00e1tico quanto \u00e0 completa impossibilidade de se pensar no tema em meio ao cen\u00e1rio de explos\u00e3o de casos no Brasil. &#8220;Estamos no meio de uma cat\u00e1strofe&#8221;, diz.<\/p>\n<p>Kraenkel tamb\u00e9m critica as medidas adotadas em momentos mais brandos para a reabertura de escolas \u2014 muito insuficientes, em sua opini\u00e3o.<\/p>\n<p>&#8220;Foi absolutamente ca\u00f3tico. O que mais se ouviu foi o discurso de que iriam reabrir as escolas com toda a seguran\u00e7a, sobretudo nas particulares. Quando voc\u00ea vai esmiu\u00e7ar a seguran\u00e7a, \u00e9 uma porcaria. Tinha col\u00e9gio passando as pessoas por um t\u00fanel de oz\u00f4nio. Isso n\u00e3o serve para nada, s\u00f3 faz mal \u00e0 pessoa&#8221;, afirma.<\/p>\n<p>Na entrevista a seguir, o cientista questiona a prioriza\u00e7\u00e3o dada a estabelecimentos comerciais, sem que nenhum foco tenha sido direcionado para a retomada segura das atividades escolares presenciais.<\/p>\n<p>Ressaltando que n\u00e3o \u00e9 poss\u00edvel ter impacto zero com a reabertura de escolas, Kraenkel considera imprescind\u00edvel haver condi\u00e7\u00f5es de testagem e rastreio para evitar que o contato entre estudantes e professores tenha efeitos de transmiss\u00e3o em cadeia.<\/p>\n<p><strong>Deutsche Welle: Como \u00e9 a metodologia das estimativas de cont\u00e1gio que voc\u00ea desenhou?<\/strong><\/p>\n<p><strong>Roberto Kraenkel<\/strong>: Existe toda uma \u00e1rea de pesquisa cient\u00edfica ligada aos modelos matem\u00e1ticos. Dentro da epidemiologia, voc\u00ea tenta olhar para isso da seguinte forma: vou separar as pessoas entre as que podem ter a infec\u00e7\u00e3o, as que est\u00e3o imunes e as infecciosas, como se a gente classificasse cada um de n\u00f3s em um estado.<\/p>\n<p>Ou eu sou suscet\u00edvel e posso pegar a doen\u00e7a; ou eu j\u00e1 peguei e estou imune; ou posso estar doente, com ou sem sintomas. S\u00e3o v\u00e1rios fatores. A gente olha e observa os fluxos entre essas categorias.<\/p>\n<p>Disso, n\u00e3o se tira tanta informa\u00e7\u00e3o por si. Mas \u00e9 poss\u00edvel pensar o seguinte, traduzindo para equa\u00e7\u00f5es matem\u00e1ticas: se eu pegar os resultados e eles me explicarem bem o passado, talvez projetem alguma coisa para o futuro.<\/p>\n<p>Esse processo \u00e9 chamado de ajuste de modelos. \u00c9 assim que se fazem proje\u00e7\u00f5es, n\u00e3o s\u00f3 em epidemiologia, mas em outras \u00e1reas tamb\u00e9m. S\u00e3o m\u00e9todos razoavelmente tradicionais.<\/p>\n<p>\u00c9 preciso tomar cuidado, porque muitos grupos fazem o que a gente chamaria de previs\u00e3o. Isso n\u00e3o \u00e9 bom, em geral. Existem muitas coisas desconhecidas, e tenta-se resumir um sistema que \u00e9 a sociedade, e a doen\u00e7a na sociedade, dentro de uma simplifica\u00e7\u00e3o. Em qualquer inst\u00e2ncia, a ci\u00eancia tenta simplificar as coisas. Mas tem muitas coisas desconhecidas, que criam incertezas.<\/p>\n<p>Nenhum modelo faz proje\u00e7\u00f5es cravadas, do tipo: amanh\u00e3 vai fazer 30 graus, na metodologia. N\u00e3o d\u00e1 para se pensar que \u00e9 assim, ao menos no estado da arte da modelagem matem\u00e1tica em epidemiologia.<\/p>\n<p>Em geral, o que voc\u00ea faz s\u00e3o cen\u00e1rios poss\u00edveis para o futuro, quais hip\u00f3teses geram quais diferen\u00e7as no futuro. Esta \u00e9 a grande \u00e1rea em epidemiologia, matem\u00e1tica e tudo mais.<\/p>\n<p><strong>DW: O que os estudos mostram sobre o impacto da volta \u00e0s aulas?<\/strong><\/p>\n<p><strong>RK<\/strong>: A gente tem que ter claro que todo aumento de contato implica aumento da transmiss\u00e3o. N\u00e3o existe volta \u00e0s aulas sem aumento nenhum de contato.<\/p>\n<p>No entanto, o governo precisa manter o n\u00famero de casos baixos e em queda, na medida do poss\u00edvel. Nessa perspectiva, \u00e9 poss\u00edvel reabrir as escolas, sem reabrir outras atividades, e ter um impacto pequeno. Como eu disse, n\u00e3o h\u00e1 impacto zero.<\/p>\n<p>\u00c9 preciso pensar de duas formas: \u00e9 seguro ir para a escola? Neste momento, n\u00e3o, porque estamos no meio de uma cat\u00e1strofe. Em cen\u00e1rios de baixa de casos, voc\u00ea pode ter formas de tentar fazer com que o perigo de volta \u00e0s escolas seja reduzido&#8221;<\/p>\n<p>Outra coisa \u00e9 perguntar se a simples volta \u00e0s aulas pode gerar um novo pico epid\u00eamico, por uma reprodu\u00e7\u00e3o de casos, j\u00e1 que a escola \u00e9 uma conex\u00e3o entre domic\u00edlios, por meio das crian\u00e7as. Tem que se tomar bastante cuidado com isso.<\/p>\n<p>\u00c9 para esse fim que deve haver as testagens e o rastreio. Mas isso n\u00e3o foi aventado em lugar nenhum no Brasil. E isso s\u00f3 se coloca quando h\u00e1 poucos casos, e voc\u00ea n\u00e3o quer que a reabertura das escolas crie novos casos. N\u00e3o \u00e9 a situa\u00e7\u00e3o atual. A gente vive uma explos\u00e3o de casos, e est\u00e1 preocupado se ir para a escola \u00e9 seguro ou n\u00e3o. Nesse caso, n\u00e3o \u00e9 seguro.<\/p>\n<p><strong>DW: O Brasil poderia ter criado condi\u00e7\u00f5es para priorizar a reabertura das escolas?<\/strong><\/p>\n<p><strong>RK<\/strong>: O discurso da reabertura s\u00f3 contemplava a economia, que, aparentemente, se restringe aos estabelecimentos comerciais. Poderia ter sido criada uma situa\u00e7\u00e3o em que a prioridade tivesse sido invertida, e ainda com um impacto pequeno.<\/p>\n<p>Diferentemente dos pa\u00edses europeus, asi\u00e1ticos e dos EUA, nunca se tentou implementar no Brasil a ideia de testagem em massa para encontrar as pessoas assintom\u00e1ticas e rastrear as que tiveram contato com elas, as chamadas contactantes. A partir disso, seria poss\u00edvel mant\u00ea-las quarentenadas at\u00e9 sa\u00edrem os resultados dos testes.<\/p>\n<p>Esse m\u00e9todo funciona como uma forma de conten\u00e7\u00e3o se o n\u00famero de casos \u00e9 baixo. Se for muito alto, n\u00e3o tem sistema de rastreio de contactantes que abarque a quantidade de pessoas a ser rastreadas. Isso ficou muito claro em outubro, quando a [chanceler federal] Angela Merkel admitiu, na Alemanha, ter perdido o controle do rastreio.<\/p>\n<p>Quando o n\u00famero de casos \u00e9 bem baixo, \u00e9 poss\u00edvel delimitar os surtos. Se surge um caso, voc\u00ea consegue sufocar, ao mapear todos os contactantes. Em nenhum lugar do Brasil isso foi feito. Simplesmente, desistiram. H\u00e1 pouqu\u00edssimos exemplos da tentativa de manter um sistema de rastreio.<\/p>\n<p>Voc\u00ea pode olhar nos modelos matem\u00e1ticos, ver o efeito do rastreio, de contactantes, colocar em quarentena preventivamente at\u00e9 saber se est\u00e3o infectadas. Mas n\u00e3o houve isso, mesmo nos estados mais ricos.<\/p>\n<p>Inevitavelmente, o <a href=\"https:\/\/noticias.uol.com.br\/faq\/lockdown-como-funciona-o-que-e-significado-e-regras-em-sp-e-mais-cidades.htm\" target=\"_blank\" rel=\"noopener noreferrer\">lockdown<\/a> gera uma conten\u00e7\u00e3o do cont\u00e1gio, pela redu\u00e7\u00e3o do contato. O que resta responder \u00e9 como sair de uma forma que n\u00e3o crie um novo efeito de subida. \u00c9 a coisa mais dif\u00edcil de saber como proceder, neste momento.<\/p>\n<p>Depois que voc\u00ea consegue diminuir o n\u00famero de casos, em uma situa\u00e7\u00e3o de restri\u00e7\u00e3o, com todo mundo em casa, como abrir escolas e o com\u00e9rcio sem relan\u00e7ar a epidemia? \u00c9 uma quest\u00e3o dif\u00edcil.<\/p>\n<p><strong>DW: Em momentos mais brandos da pandemia, estados e munic\u00edpios tentaram reabrir as escolas. Houve o devido cuidado com os protocolos sanit\u00e1rios?<\/strong><\/p>\n<p><strong>RK<\/strong>: Foi absolutamente ca\u00f3tico. O que mais se ouviu foi o discurso de que iriam reabrir as escolas com toda a seguran\u00e7a, sobretudo nas particulares. Quando voc\u00ea vai esmiu\u00e7ar a seguran\u00e7a, \u00e9 uma porcaria.<\/p>\n<p>Tinha col\u00e9gio passando as pessoas por um t\u00fanel de oz\u00f4nio. Isso n\u00e3o serve para nada, s\u00f3 faz mal \u00e0 pessoa. O v\u00edrus se transmite porque voc\u00ea fala e respira, pelo ar, e n\u00e3o porque sua roupa est\u00e1 cheia de v\u00edrus&#8221;<\/p>\n<p>Existem muitas coisas que est\u00e3o s\u00f3 no n\u00edvel do discurso ret\u00f3rico, de que tudo ser\u00e1 feito com a m\u00e1xima seguran\u00e7a. \u00c9 como quando voc\u00ea entra no supermercado e tiram sua temperatura no pulso. Muitas vezes, parece que voc\u00ea j\u00e1 est\u00e1 morto, de t\u00e3o baixa que ela sai. N\u00e3o s\u00e3o medidas reais de seguran\u00e7a, s\u00e3o apenas simb\u00f3licas.<\/p>\n<p>Acho que existe consci\u00eancia muito maior por parte dos gestores das escolas p\u00fablicas sobre o que \u00e9 perigoso e o que n\u00e3o \u00e9, mas eles contam com recursos muito mais escassos. Tem esse problema.<\/p>\n<p>Deveriam ter sido levadas mais a s\u00e9rio uma s\u00e9rie de possibilidades que n\u00e3o s\u00e3o discutidas amplamente. Por exemplo, ter aulas ao ar livre. Fala-se na import\u00e2ncia de ter ventila\u00e7\u00e3o da sala. A\u00ed, voc\u00ea vai ver, e a sala tem uma janela. N\u00e3o adianta. A ventila\u00e7\u00e3o tem que ser ampla, de fato.<\/p>\n<p><strong>DW: Que outras medidas seriam importantes para essa retomada?<\/strong><\/p>\n<p><strong>RK<\/strong>: Voc\u00ea tem que ter menos gente na classe. \u00c9 poss\u00edvel formar bolhas, seja a classe inteira ou um conjunto dela, que n\u00e3o entram em contato com outros estudantes. Isso tem que ser feito de tal forma a evitar aquela grande aglomera\u00e7\u00e3o na frente das escolas, sen\u00e3o n\u00e3o funciona. Teria que haver um acompanhamento muito forte.<\/p>\n<p>E, acompanhado, obviamente, de testagem. Na Alemanha, est\u00e3o se introduzindo agora os testes r\u00e1pidos de ant\u00edgenos, n\u00e3o os sorol\u00f3gicos. Na Inglaterra, eles tinham o objetivo de usar essa ferramenta para testar cada estudante duas vezes por semana. \u00c9 preciso testar nessa escala e lidar com as consequ\u00eancias quando o teste d\u00e1 positivo.<\/p>\n<p>Mas, junto com isso, voc\u00ea tem que adotar gestos de cuidado: a forma\u00e7\u00e3o de bolhas, o distanciamento entre grupos, n\u00e3o ter o recreio no mesmo hor\u00e1rio para todos. Com crian\u00e7a pequena, \u00e9 um desafio muito grande. N\u00e3o sei qual \u00e9 a solu\u00e7\u00e3o espec\u00edfica nesse caso. \u00c9 preciso ser meticuloso e ter muita aten\u00e7\u00e3o aos detalhes.<\/p>\n<p>Aqui, s\u00f3 se observou a redu\u00e7\u00e3o nas classes, que naturalmente tiveram algum impacto, mas \u00e9 muito insuficiente. De toda forma, as explos\u00f5es de casos recentes n\u00e3o t\u00eam nada a ver com escola.<\/p>\n","protected":false},"excerpt":{"rendered":"<p>O cen\u00e1rio de escalada da pandemia no Brasil, com o recorde de quase 2.300 mortes registradas na \u00faltima quarta-feira (10\/03), torna cada vez mais complicada a retomada das atividades escolares presenciais. A situa\u00e7\u00e3o \u00e9 preocupante, sobretudo pela dificuldade de infraestrutura observada na rede p\u00fablica.<\/p>\n","protected":false},"author":4,"featured_media":0,"comment_status":"closed","ping_status":"closed","sticky":false,"template":"","format":"standard","meta":{"footnotes":"","_links_to":"","_links_to_target":""},"categories":[9],"tags":[],"class_list":["post-13446","post","type-post","status-publish","format-standard","hentry","category-noticias-da-imprensa"],"yoast_head":"<!-- This site is optimized with the Yoast SEO plugin v15.1 - https:\/\/yoast.com\/wordpress\/plugins\/seo\/ -->\n<title>N\u00e3o \u00e9 seguro reabrir escolas em meio \u00e0 cat\u00e1strofe, diz pesquisador &raquo; Abrelivros<\/title>\n<meta name=\"robots\" content=\"index, follow, max-snippet:-1, max-image-preview:large, max-video-preview:-1\" \/>\n<link rel=\"canonical\" href=\"https:\/\/abrelivros.org.br\/site\/nao-e-seguro-reabrir-escolas-em-meio-a-catastrofe-diz-pesquisador\/\" \/>\n<meta property=\"og:locale\" content=\"pt_BR\" \/>\n<meta property=\"og:type\" content=\"article\" \/>\n<meta property=\"og:title\" content=\"N\u00e3o \u00e9 seguro reabrir escolas em meio \u00e0 cat\u00e1strofe, diz pesquisador &raquo; Abrelivros\" \/>\n<meta property=\"og:description\" content=\"O cen\u00e1rio de escalada da pandemia no Brasil, com o recorde de quase 2.300 mortes registradas na \u00faltima quarta-feira (10\/03), torna cada vez mais complicada a retomada das atividades escolares presenciais. A situa\u00e7\u00e3o \u00e9 preocupante, sobretudo pela dificuldade de infraestrutura observada na rede p\u00fablica.\" \/>\n<meta property=\"og:url\" content=\"https:\/\/abrelivros.org.br\/site\/nao-e-seguro-reabrir-escolas-em-meio-a-catastrofe-diz-pesquisador\/\" \/>\n<meta property=\"og:site_name\" content=\"Abrelivros\" \/>\n<meta property=\"article:published_time\" content=\"2021-03-12T17:09:59+00:00\" \/>\n<meta name=\"twitter:card\" content=\"summary_large_image\" \/>\n<script type=\"application\/ld+json\" class=\"yoast-schema-graph\">{\"@context\":\"https:\/\/schema.org\",\"@graph\":[{\"@type\":\"WebSite\",\"@id\":\"https:\/\/abrelivros.org.br\/site\/#website\",\"url\":\"https:\/\/abrelivros.org.br\/site\/\",\"name\":\"Abrelivros\",\"description\":\"\",\"potentialAction\":[{\"@type\":\"SearchAction\",\"target\":\"https:\/\/abrelivros.org.br\/site\/?s={search_term_string}\",\"query-input\":\"required name=search_term_string\"}],\"inLanguage\":\"pt-BR\"},{\"@type\":\"WebPage\",\"@id\":\"https:\/\/abrelivros.org.br\/site\/nao-e-seguro-reabrir-escolas-em-meio-a-catastrofe-diz-pesquisador\/#webpage\",\"url\":\"https:\/\/abrelivros.org.br\/site\/nao-e-seguro-reabrir-escolas-em-meio-a-catastrofe-diz-pesquisador\/\",\"name\":\"N\\u00e3o \\u00e9 seguro reabrir escolas em meio \\u00e0 cat\\u00e1strofe, diz pesquisador &raquo; Abrelivros\",\"isPartOf\":{\"@id\":\"https:\/\/abrelivros.org.br\/site\/#website\"},\"datePublished\":\"2021-03-12T17:09:59+00:00\",\"dateModified\":\"2021-03-12T17:09:59+00:00\",\"author\":{\"@id\":\"https:\/\/abrelivros.org.br\/site\/#\/schema\/person\/65db80e26409802ce15ac5feec6a15fd\"},\"breadcrumb\":{\"@id\":\"https:\/\/abrelivros.org.br\/site\/nao-e-seguro-reabrir-escolas-em-meio-a-catastrofe-diz-pesquisador\/#breadcrumb\"},\"inLanguage\":\"pt-BR\",\"potentialAction\":[{\"@type\":\"ReadAction\",\"target\":[\"https:\/\/abrelivros.org.br\/site\/nao-e-seguro-reabrir-escolas-em-meio-a-catastrofe-diz-pesquisador\/\"]}]},{\"@type\":\"BreadcrumbList\",\"@id\":\"https:\/\/abrelivros.org.br\/site\/nao-e-seguro-reabrir-escolas-em-meio-a-catastrofe-diz-pesquisador\/#breadcrumb\",\"itemListElement\":[{\"@type\":\"ListItem\",\"position\":1,\"item\":{\"@type\":\"WebPage\",\"@id\":\"https:\/\/abrelivros.org.br\/site\/\",\"url\":\"https:\/\/abrelivros.org.br\/site\/\",\"name\":\"In\\u00edcio\"}},{\"@type\":\"ListItem\",\"position\":2,\"item\":{\"@type\":\"WebPage\",\"@id\":\"https:\/\/abrelivros.org.br\/site\/category\/noticias\/\",\"url\":\"https:\/\/abrelivros.org.br\/site\/category\/noticias\/\",\"name\":\"Not\\u00edcias\"}},{\"@type\":\"ListItem\",\"position\":3,\"item\":{\"@type\":\"WebPage\",\"@id\":\"https:\/\/abrelivros.org.br\/site\/category\/noticias\/noticias-da-imprensa\/\",\"url\":\"https:\/\/abrelivros.org.br\/site\/category\/noticias\/noticias-da-imprensa\/\",\"name\":\"Not\\u00edcias da imprensa\"}},{\"@type\":\"ListItem\",\"position\":4,\"item\":{\"@type\":\"WebPage\",\"@id\":\"https:\/\/abrelivros.org.br\/site\/nao-e-seguro-reabrir-escolas-em-meio-a-catastrofe-diz-pesquisador\/\",\"url\":\"https:\/\/abrelivros.org.br\/site\/nao-e-seguro-reabrir-escolas-em-meio-a-catastrofe-diz-pesquisador\/\",\"name\":\"N\\u00e3o \\u00e9 seguro reabrir escolas em meio \\u00e0 cat\\u00e1strofe, diz pesquisador\"}}]},{\"@type\":\"Person\",\"@id\":\"https:\/\/abrelivros.org.br\/site\/#\/schema\/person\/65db80e26409802ce15ac5feec6a15fd\",\"name\":\"Reda\\u00e7\\u00e3o Abrelivros\",\"image\":{\"@type\":\"ImageObject\",\"@id\":\"https:\/\/abrelivros.org.br\/site\/#personlogo\",\"inLanguage\":\"pt-BR\",\"url\":\"https:\/\/secure.gravatar.com\/avatar\/c4e57f9c7e3482965bd428192061218520756c39080b1d1820b679fa5e9af192?s=96&d=mm&r=g\",\"caption\":\"Reda\\u00e7\\u00e3o Abrelivros\"}}]}<\/script>\n<!-- \/ Yoast SEO plugin. -->","_links":{"self":[{"href":"https:\/\/abrelivros.org.br\/site\/wp-json\/wp\/v2\/posts\/13446","targetHints":{"allow":["GET"]}}],"collection":[{"href":"https:\/\/abrelivros.org.br\/site\/wp-json\/wp\/v2\/posts"}],"about":[{"href":"https:\/\/abrelivros.org.br\/site\/wp-json\/wp\/v2\/types\/post"}],"author":[{"embeddable":true,"href":"https:\/\/abrelivros.org.br\/site\/wp-json\/wp\/v2\/users\/4"}],"replies":[{"embeddable":true,"href":"https:\/\/abrelivros.org.br\/site\/wp-json\/wp\/v2\/comments?post=13446"}],"version-history":[{"count":1,"href":"https:\/\/abrelivros.org.br\/site\/wp-json\/wp\/v2\/posts\/13446\/revisions"}],"predecessor-version":[{"id":13447,"href":"https:\/\/abrelivros.org.br\/site\/wp-json\/wp\/v2\/posts\/13446\/revisions\/13447"}],"wp:attachment":[{"href":"https:\/\/abrelivros.org.br\/site\/wp-json\/wp\/v2\/media?parent=13446"}],"wp:term":[{"taxonomy":"category","embeddable":true,"href":"https:\/\/abrelivros.org.br\/site\/wp-json\/wp\/v2\/categories?post=13446"},{"taxonomy":"post_tag","embeddable":true,"href":"https:\/\/abrelivros.org.br\/site\/wp-json\/wp\/v2\/tags?post=13446"}],"curies":[{"name":"wp","href":"https:\/\/api.w.org\/{rel}","templated":true}]}}