{"id":13444,"date":"2021-03-11T14:39:34","date_gmt":"2021-03-11T17:39:34","guid":{"rendered":"https:\/\/abrelivros.org.br\/site\/?p=13444"},"modified":"2021-03-11T14:39:34","modified_gmt":"2021-03-11T17:39:34","slug":"fnde-realiza-reuniao-tecnica-com-produtores-de-conteudo-sobre-o-livro-digital","status":"publish","type":"post","link":"https:\/\/abrelivros.org.br\/site\/fnde-realiza-reuniao-tecnica-com-produtores-de-conteudo-sobre-o-livro-digital\/","title":{"rendered":"FNDE realiza reuni\u00e3o t\u00e9cnica com produtores de conte\u00fado sobre o livro digital"},"content":{"rendered":"<p>Logo mais, \u00e0s 15h, o Fundo Nacional de Desenvolvimento da Educa\u00e7\u00e3o (FNDE) realiza uma reuni\u00e3o com produtores de conte\u00fado, para discutir as especifica\u00e7\u00f5es t\u00e9cnicas do livro digital no \u00e2mbito do Programa Nacional do Livro e do Material Did\u00e1tico (PNLD).<!--more--> A edi\u00e7\u00e3o 2023 do PNLD prev\u00ea a aquisi\u00e7\u00e3o de livros destinados aos anos iniciais do ensino fundamental (1\u00ba ao 5\u00ba ano) e, pela primeira vez, tamb\u00e9m ser\u00e1 adquirida a vers\u00e3o digital dos livros aprovados. O encontro virtual desta quinta, servir\u00e1 para debater sobre as especifica\u00e7\u00f5es, o formato e a estrutura do livro digital e a plataforma para disponibiliza\u00e7\u00e3o do material. Os interessados podem se inscrever <a href=\"https:\/\/docs.google.com\/forms\/d\/e\/1FAIpQLSe22FaIlxMTfF1vPNogbOF7abcweJZp5dj7T-ZagGpQxkGY1g\/closedform\" target=\"_blank\" rel=\"noopener noreferrer\">clicando aqui<\/a>, onde tamb\u00e9m podem enviar d\u00favidas e sugest\u00f5es sobre o tema. Ao final da inscri\u00e7\u00e3o, estar\u00e1 dispon\u00edvel o link para a transmiss\u00e3o ao vivo da reuni\u00e3o. Ainda sobre esse assunto, o podcast do PublishNews dessa semana recebeu Gabriela Dias e Paulo Henrique Santo Pedro que detalharam a novidade. Para ouvir o programa, <a href=\"https:\/\/www.publishnews.com.br\/materias\/2021\/03\/08\/conteudos-digitais-a-grande-novidade-do-pnld-2023\" target=\"_blank\" rel=\"noopener noreferrer\">clique aqui<\/a>.<\/p>\n","protected":false},"excerpt":{"rendered":"<p>Logo mais, \u00e0s 15h, o Fundo Nacional de Desenvolvimento da Educa\u00e7\u00e3o (FNDE) realiza uma reuni\u00e3o com produtores de conte\u00fado, para discutir as especifica\u00e7\u00f5es t\u00e9cnicas do livro digital no \u00e2mbito do Programa Nacional do Livro e do Material Did\u00e1tico (PNLD).<\/p>\n","protected":false},"author":4,"featured_media":0,"comment_status":"closed","ping_status":"closed","sticky":false,"template":"","format":"standard","meta":{"footnotes":"","_links_to":"","_links_to_target":""},"categories":[9,10],"tags":[],"class_list":["post-13444","post","type-post","status-publish","format-standard","hentry","category-noticias-da-imprensa","category-pnld-programa-nacional-do-livro-e-do-material-didatico"],"yoast_head":"<!-- This site is optimized with the Yoast SEO plugin v15.1 - https:\/\/yoast.com\/wordpress\/plugins\/seo\/ -->\n<title>FNDE realiza reuni\u00e3o t\u00e9cnica com produtores de conte\u00fado sobre o livro digital &raquo; Abrelivros<\/title>\n<meta name=\"robots\" content=\"index, follow, max-snippet:-1, max-image-preview:large, max-video-preview:-1\" \/>\n<link rel=\"canonical\" href=\"https:\/\/abrelivros.org.br\/site\/fnde-realiza-reuniao-tecnica-com-produtores-de-conteudo-sobre-o-livro-digital\/\" \/>\n<meta property=\"og:locale\" content=\"pt_BR\" \/>\n<meta property=\"og:type\" content=\"article\" \/>\n<meta property=\"og:title\" content=\"FNDE realiza reuni\u00e3o t\u00e9cnica com produtores de conte\u00fado sobre o livro digital &raquo; Abrelivros\" \/>\n<meta property=\"og:description\" content=\"Logo mais, \u00e0s 15h, o Fundo Nacional de Desenvolvimento da Educa\u00e7\u00e3o (FNDE) realiza uma reuni\u00e3o com produtores de conte\u00fado, para discutir as especifica\u00e7\u00f5es t\u00e9cnicas do livro digital no \u00e2mbito do Programa Nacional do Livro e do Material Did\u00e1tico (PNLD).\" \/>\n<meta property=\"og:url\" content=\"https:\/\/abrelivros.org.br\/site\/fnde-realiza-reuniao-tecnica-com-produtores-de-conteudo-sobre-o-livro-digital\/\" \/>\n<meta property=\"og:site_name\" content=\"Abrelivros\" \/>\n<meta property=\"article:published_time\" content=\"2021-03-11T17:39:34+00:00\" \/>\n<meta name=\"twitter:card\" content=\"summary_large_image\" \/>\n<script type=\"application\/ld+json\" class=\"yoast-schema-graph\">{\"@context\":\"https:\/\/schema.org\",\"@graph\":[{\"@type\":\"WebSite\",\"@id\":\"https:\/\/abrelivros.org.br\/site\/#website\",\"url\":\"https:\/\/abrelivros.org.br\/site\/\",\"name\":\"Abrelivros\",\"description\":\"\",\"potentialAction\":[{\"@type\":\"SearchAction\",\"target\":\"https:\/\/abrelivros.org.br\/site\/?s={search_term_string}\",\"query-input\":\"required name=search_term_string\"}],\"inLanguage\":\"pt-BR\"},{\"@type\":\"WebPage\",\"@id\":\"https:\/\/abrelivros.org.br\/site\/fnde-realiza-reuniao-tecnica-com-produtores-de-conteudo-sobre-o-livro-digital\/#webpage\",\"url\":\"https:\/\/abrelivros.org.br\/site\/fnde-realiza-reuniao-tecnica-com-produtores-de-conteudo-sobre-o-livro-digital\/\",\"name\":\"FNDE realiza reuni\\u00e3o t\\u00e9cnica com produtores de conte\\u00fado sobre o livro digital &raquo; Abrelivros\",\"isPartOf\":{\"@id\":\"https:\/\/abrelivros.org.br\/site\/#website\"},\"datePublished\":\"2021-03-11T17:39:34+00:00\",\"dateModified\":\"2021-03-11T17:39:34+00:00\",\"author\":{\"@id\":\"https:\/\/abrelivros.org.br\/site\/#\/schema\/person\/65db80e26409802ce15ac5feec6a15fd\"},\"breadcrumb\":{\"@id\":\"https:\/\/abrelivros.org.br\/site\/fnde-realiza-reuniao-tecnica-com-produtores-de-conteudo-sobre-o-livro-digital\/#breadcrumb\"},\"inLanguage\":\"pt-BR\",\"potentialAction\":[{\"@type\":\"ReadAction\",\"target\":[\"https:\/\/abrelivros.org.br\/site\/fnde-realiza-reuniao-tecnica-com-produtores-de-conteudo-sobre-o-livro-digital\/\"]}]},{\"@type\":\"BreadcrumbList\",\"@id\":\"https:\/\/abrelivros.org.br\/site\/fnde-realiza-reuniao-tecnica-com-produtores-de-conteudo-sobre-o-livro-digital\/#breadcrumb\",\"itemListElement\":[{\"@type\":\"ListItem\",\"position\":1,\"item\":{\"@type\":\"WebPage\",\"@id\":\"https:\/\/abrelivros.org.br\/site\/\",\"url\":\"https:\/\/abrelivros.org.br\/site\/\",\"name\":\"In\\u00edcio\"}},{\"@type\":\"ListItem\",\"position\":2,\"item\":{\"@type\":\"WebPage\",\"@id\":\"https:\/\/abrelivros.org.br\/site\/category\/noticias\/\",\"url\":\"https:\/\/abrelivros.org.br\/site\/category\/noticias\/\",\"name\":\"Not\\u00edcias\"}},{\"@type\":\"ListItem\",\"position\":3,\"item\":{\"@type\":\"WebPage\",\"@id\":\"https:\/\/abrelivros.org.br\/site\/category\/noticias\/noticias-da-imprensa\/\",\"url\":\"https:\/\/abrelivros.org.br\/site\/category\/noticias\/noticias-da-imprensa\/\",\"name\":\"Not\\u00edcias da imprensa\"}},{\"@type\":\"ListItem\",\"position\":4,\"item\":{\"@type\":\"WebPage\",\"@id\":\"https:\/\/abrelivros.org.br\/site\/fnde-realiza-reuniao-tecnica-com-produtores-de-conteudo-sobre-o-livro-digital\/\",\"url\":\"https:\/\/abrelivros.org.br\/site\/fnde-realiza-reuniao-tecnica-com-produtores-de-conteudo-sobre-o-livro-digital\/\",\"name\":\"FNDE realiza reuni\\u00e3o t\\u00e9cnica com produtores de conte\\u00fado sobre o livro digital\"}}]},{\"@type\":\"Person\",\"@id\":\"https:\/\/abrelivros.org.br\/site\/#\/schema\/person\/65db80e26409802ce15ac5feec6a15fd\",\"name\":\"Reda\\u00e7\\u00e3o Abrelivros\",\"image\":{\"@type\":\"ImageObject\",\"@id\":\"https:\/\/abrelivros.org.br\/site\/#personlogo\",\"inLanguage\":\"pt-BR\",\"url\":\"https:\/\/secure.gravatar.com\/avatar\/c4e57f9c7e3482965bd428192061218520756c39080b1d1820b679fa5e9af192?s=96&d=mm&r=g\",\"caption\":\"Reda\\u00e7\\u00e3o Abrelivros\"}}]}<\/script>\n<!-- \/ Yoast SEO plugin. -->","_links":{"self":[{"href":"https:\/\/abrelivros.org.br\/site\/wp-json\/wp\/v2\/posts\/13444","targetHints":{"allow":["GET"]}}],"collection":[{"href":"https:\/\/abrelivros.org.br\/site\/wp-json\/wp\/v2\/posts"}],"about":[{"href":"https:\/\/abrelivros.org.br\/site\/wp-json\/wp\/v2\/types\/post"}],"author":[{"embeddable":true,"href":"https:\/\/abrelivros.org.br\/site\/wp-json\/wp\/v2\/users\/4"}],"replies":[{"embeddable":true,"href":"https:\/\/abrelivros.org.br\/site\/wp-json\/wp\/v2\/comments?post=13444"}],"version-history":[{"count":1,"href":"https:\/\/abrelivros.org.br\/site\/wp-json\/wp\/v2\/posts\/13444\/revisions"}],"predecessor-version":[{"id":13445,"href":"https:\/\/abrelivros.org.br\/site\/wp-json\/wp\/v2\/posts\/13444\/revisions\/13445"}],"wp:attachment":[{"href":"https:\/\/abrelivros.org.br\/site\/wp-json\/wp\/v2\/media?parent=13444"}],"wp:term":[{"taxonomy":"category","embeddable":true,"href":"https:\/\/abrelivros.org.br\/site\/wp-json\/wp\/v2\/categories?post=13444"},{"taxonomy":"post_tag","embeddable":true,"href":"https:\/\/abrelivros.org.br\/site\/wp-json\/wp\/v2\/tags?post=13444"}],"curies":[{"name":"wp","href":"https:\/\/api.w.org\/{rel}","templated":true}]}}