{"id":13442,"date":"2021-03-11T14:36:16","date_gmt":"2021-03-11T17:36:16","guid":{"rendered":"https:\/\/abrelivros.org.br\/site\/?p=13442"},"modified":"2021-03-11T14:36:16","modified_gmt":"2021-03-11T17:36:16","slug":"pandemia-atrasou-desenvolvimento-infantil-e-ameaca-uma-geracao-diz-unicef","status":"publish","type":"post","link":"https:\/\/abrelivros.org.br\/site\/pandemia-atrasou-desenvolvimento-infantil-e-ameaca-uma-geracao-diz-unicef\/","title":{"rendered":"Pandemia atrasou desenvolvimento infantil e amea\u00e7a uma gera\u00e7\u00e3o, diz Unicef"},"content":{"rendered":"<p>Escolas fechadas, pobreza crescente, casamentos for\u00e7ados e depress\u00e3o: ap\u00f3s um ano de pandemia, todos os indicadores que medem o desenvolvimento infantil e adolescente recuaram, um rev\u00e9s que anuncia um estigma duradouro para toda uma gera\u00e7\u00e3o, alertou a Unicef nesta quinta-feira (10).<!--more--><\/p>\n<p>\u201cAumentou o n\u00famero de crian\u00e7as com fome, isoladas, abusadas, ansiosas, que vivem na pobreza e s\u00e3o for\u00e7adas a se casar\u201d, revelou Henrietta Fore, diretora executiva do Fundo das Na\u00e7\u00f5es Unidas para a Inf\u00e2ncia (Unicef), em nota divulgada no anivers\u00e1rio de um ano da declara\u00e7\u00e3o da pandemia de Covid-19 pela Organiza\u00e7\u00e3o Mundial da Sa\u00fade (OMS).<\/p>\n<p>\u201cO acesso \u00e0 educa\u00e7\u00e3o, socializa\u00e7\u00e3o e servi\u00e7os essenciais, incluindo sa\u00fade, nutri\u00e7\u00e3o e prote\u00e7\u00e3o diminuiu. Os sinais de que as crian\u00e7as carregar\u00e3o as cicatrizes da pandemia nos pr\u00f3ximos anos s\u00e3o inconfund\u00edveis\u201d, continuou Fore na nota.<\/p>\n<p>Diante de tais efeitos `devastadores`, o conselho do Unicef instou a colocar as crian\u00e7as `no centro dos esfor\u00e7os de recupera\u00e7\u00e3o`, em particular `priorizando escolas nos planos de reabertura`.<\/p>\n<p>A Unicef citou uma s\u00e9rie de n\u00fameros preocupantes em apoio \u00e0s observa\u00e7\u00f5es de Fore.<\/p>\n<p>Embora a pandemia tenha atingido principalmente adultos mais velhos, crian\u00e7as e adolescentes com menos de 20 anos respondem por 13% dos 71 milh\u00f5es de casos de coronav\u00edrus relatados nos 107 pa\u00edses que forneceram dados espec\u00edficos de idade.<\/p>\n<p>Nos pa\u00edses em desenvolvimento, as proje\u00e7\u00f5es mostram um aumento de 15% na pobreza infantil. Entre seis e sete milh\u00f5es de crian\u00e7as a mais podem sofrer de desnutri\u00e7\u00e3o em 2020, um aumento de 14% que pode se traduzir em mais de 10.000 mortes adicionais por m\u00eas, principalmente na \u00c1frica Subsaariana e no Sul da \u00c1sia.<\/p>\n<p>Para 168 milh\u00f5es de alunos no mundo, as escolas est\u00e3o fechadas h\u00e1 quase um ano. Um ter\u00e7o deles n\u00e3o tem acesso a educa\u00e7\u00e3o online.<\/p>\n<p>Como resultado do fechamento de escolas e da piora da situa\u00e7\u00e3o econ\u00f4mica, a pandemia tamb\u00e9m pode levar ao casamento de 10 milh\u00f5es de crian\u00e7as at\u00e9 2030, somando-se \u00e0s 100 milh\u00f5es de meninas j\u00e1 consideradas em risco de casamento at\u00e9 ent\u00e3o.<\/p>\n<p>Al\u00e9m disso, pelo menos uma em cada sete crian\u00e7as ou adolescentes passou a maior parte do \u00faltimo ano sob ordens de confinamento, aumentando a ansiedade, a depress\u00e3o e o isolamento.<\/p>\n<p>O coronav\u00edrus tamb\u00e9m tem causado a suspens\u00e3o das campanhas de vacina\u00e7\u00e3o contra outras doen\u00e7as, como o sarampo, em 26 pa\u00edses, aumentando as amea\u00e7as \u00e0 sa\u00fade dos n\u00e3o imunizados.<\/p>\n<p>&nbsp;<\/p>\n","protected":false},"excerpt":{"rendered":"<p>Escolas fechadas, pobreza crescente, casamentos for\u00e7ados e depress\u00e3o: ap\u00f3s um ano de pandemia, todos os indicadores que medem o desenvolvimento infantil e adolescente recuaram, um rev\u00e9s que anuncia um estigma duradouro para toda uma gera\u00e7\u00e3o, alertou a Unicef nesta quinta-feira (10).<\/p>\n","protected":false},"author":4,"featured_media":0,"comment_status":"closed","ping_status":"closed","sticky":false,"template":"","format":"standard","meta":{"footnotes":"","_links_to":"","_links_to_target":""},"categories":[9],"tags":[],"class_list":["post-13442","post","type-post","status-publish","format-standard","hentry","category-noticias-da-imprensa"],"yoast_head":"<!-- This site is optimized with the Yoast SEO plugin v15.1 - https:\/\/yoast.com\/wordpress\/plugins\/seo\/ -->\n<title>Pandemia atrasou desenvolvimento infantil e amea\u00e7a uma gera\u00e7\u00e3o, diz Unicef &raquo; Abrelivros<\/title>\n<meta name=\"robots\" content=\"index, follow, max-snippet:-1, max-image-preview:large, max-video-preview:-1\" \/>\n<link rel=\"canonical\" href=\"https:\/\/abrelivros.org.br\/site\/pandemia-atrasou-desenvolvimento-infantil-e-ameaca-uma-geracao-diz-unicef\/\" \/>\n<meta property=\"og:locale\" content=\"pt_BR\" \/>\n<meta property=\"og:type\" content=\"article\" \/>\n<meta property=\"og:title\" content=\"Pandemia atrasou desenvolvimento infantil e amea\u00e7a uma gera\u00e7\u00e3o, diz Unicef &raquo; Abrelivros\" \/>\n<meta property=\"og:description\" content=\"Escolas fechadas, pobreza crescente, casamentos for\u00e7ados e depress\u00e3o: ap\u00f3s um ano de pandemia, todos os indicadores que medem o desenvolvimento infantil e adolescente recuaram, um rev\u00e9s que anuncia um estigma duradouro para toda uma gera\u00e7\u00e3o, alertou a Unicef nesta quinta-feira (10).\" \/>\n<meta property=\"og:url\" content=\"https:\/\/abrelivros.org.br\/site\/pandemia-atrasou-desenvolvimento-infantil-e-ameaca-uma-geracao-diz-unicef\/\" \/>\n<meta property=\"og:site_name\" content=\"Abrelivros\" \/>\n<meta property=\"article:published_time\" content=\"2021-03-11T17:36:16+00:00\" \/>\n<meta name=\"twitter:card\" content=\"summary_large_image\" \/>\n<script type=\"application\/ld+json\" class=\"yoast-schema-graph\">{\"@context\":\"https:\/\/schema.org\",\"@graph\":[{\"@type\":\"WebSite\",\"@id\":\"https:\/\/abrelivros.org.br\/site\/#website\",\"url\":\"https:\/\/abrelivros.org.br\/site\/\",\"name\":\"Abrelivros\",\"description\":\"\",\"potentialAction\":[{\"@type\":\"SearchAction\",\"target\":\"https:\/\/abrelivros.org.br\/site\/?s={search_term_string}\",\"query-input\":\"required name=search_term_string\"}],\"inLanguage\":\"pt-BR\"},{\"@type\":\"WebPage\",\"@id\":\"https:\/\/abrelivros.org.br\/site\/pandemia-atrasou-desenvolvimento-infantil-e-ameaca-uma-geracao-diz-unicef\/#webpage\",\"url\":\"https:\/\/abrelivros.org.br\/site\/pandemia-atrasou-desenvolvimento-infantil-e-ameaca-uma-geracao-diz-unicef\/\",\"name\":\"Pandemia atrasou desenvolvimento infantil e amea\\u00e7a uma gera\\u00e7\\u00e3o, diz Unicef &raquo; Abrelivros\",\"isPartOf\":{\"@id\":\"https:\/\/abrelivros.org.br\/site\/#website\"},\"datePublished\":\"2021-03-11T17:36:16+00:00\",\"dateModified\":\"2021-03-11T17:36:16+00:00\",\"author\":{\"@id\":\"https:\/\/abrelivros.org.br\/site\/#\/schema\/person\/65db80e26409802ce15ac5feec6a15fd\"},\"breadcrumb\":{\"@id\":\"https:\/\/abrelivros.org.br\/site\/pandemia-atrasou-desenvolvimento-infantil-e-ameaca-uma-geracao-diz-unicef\/#breadcrumb\"},\"inLanguage\":\"pt-BR\",\"potentialAction\":[{\"@type\":\"ReadAction\",\"target\":[\"https:\/\/abrelivros.org.br\/site\/pandemia-atrasou-desenvolvimento-infantil-e-ameaca-uma-geracao-diz-unicef\/\"]}]},{\"@type\":\"BreadcrumbList\",\"@id\":\"https:\/\/abrelivros.org.br\/site\/pandemia-atrasou-desenvolvimento-infantil-e-ameaca-uma-geracao-diz-unicef\/#breadcrumb\",\"itemListElement\":[{\"@type\":\"ListItem\",\"position\":1,\"item\":{\"@type\":\"WebPage\",\"@id\":\"https:\/\/abrelivros.org.br\/site\/\",\"url\":\"https:\/\/abrelivros.org.br\/site\/\",\"name\":\"In\\u00edcio\"}},{\"@type\":\"ListItem\",\"position\":2,\"item\":{\"@type\":\"WebPage\",\"@id\":\"https:\/\/abrelivros.org.br\/site\/category\/noticias\/\",\"url\":\"https:\/\/abrelivros.org.br\/site\/category\/noticias\/\",\"name\":\"Not\\u00edcias\"}},{\"@type\":\"ListItem\",\"position\":3,\"item\":{\"@type\":\"WebPage\",\"@id\":\"https:\/\/abrelivros.org.br\/site\/category\/noticias\/noticias-da-imprensa\/\",\"url\":\"https:\/\/abrelivros.org.br\/site\/category\/noticias\/noticias-da-imprensa\/\",\"name\":\"Not\\u00edcias da imprensa\"}},{\"@type\":\"ListItem\",\"position\":4,\"item\":{\"@type\":\"WebPage\",\"@id\":\"https:\/\/abrelivros.org.br\/site\/pandemia-atrasou-desenvolvimento-infantil-e-ameaca-uma-geracao-diz-unicef\/\",\"url\":\"https:\/\/abrelivros.org.br\/site\/pandemia-atrasou-desenvolvimento-infantil-e-ameaca-uma-geracao-diz-unicef\/\",\"name\":\"Pandemia atrasou desenvolvimento infantil e amea\\u00e7a uma gera\\u00e7\\u00e3o, diz Unicef\"}}]},{\"@type\":\"Person\",\"@id\":\"https:\/\/abrelivros.org.br\/site\/#\/schema\/person\/65db80e26409802ce15ac5feec6a15fd\",\"name\":\"Reda\\u00e7\\u00e3o Abrelivros\",\"image\":{\"@type\":\"ImageObject\",\"@id\":\"https:\/\/abrelivros.org.br\/site\/#personlogo\",\"inLanguage\":\"pt-BR\",\"url\":\"https:\/\/secure.gravatar.com\/avatar\/c4e57f9c7e3482965bd428192061218520756c39080b1d1820b679fa5e9af192?s=96&d=mm&r=g\",\"caption\":\"Reda\\u00e7\\u00e3o Abrelivros\"}}]}<\/script>\n<!-- \/ Yoast SEO plugin. -->","_links":{"self":[{"href":"https:\/\/abrelivros.org.br\/site\/wp-json\/wp\/v2\/posts\/13442","targetHints":{"allow":["GET"]}}],"collection":[{"href":"https:\/\/abrelivros.org.br\/site\/wp-json\/wp\/v2\/posts"}],"about":[{"href":"https:\/\/abrelivros.org.br\/site\/wp-json\/wp\/v2\/types\/post"}],"author":[{"embeddable":true,"href":"https:\/\/abrelivros.org.br\/site\/wp-json\/wp\/v2\/users\/4"}],"replies":[{"embeddable":true,"href":"https:\/\/abrelivros.org.br\/site\/wp-json\/wp\/v2\/comments?post=13442"}],"version-history":[{"count":1,"href":"https:\/\/abrelivros.org.br\/site\/wp-json\/wp\/v2\/posts\/13442\/revisions"}],"predecessor-version":[{"id":13443,"href":"https:\/\/abrelivros.org.br\/site\/wp-json\/wp\/v2\/posts\/13442\/revisions\/13443"}],"wp:attachment":[{"href":"https:\/\/abrelivros.org.br\/site\/wp-json\/wp\/v2\/media?parent=13442"}],"wp:term":[{"taxonomy":"category","embeddable":true,"href":"https:\/\/abrelivros.org.br\/site\/wp-json\/wp\/v2\/categories?post=13442"},{"taxonomy":"post_tag","embeddable":true,"href":"https:\/\/abrelivros.org.br\/site\/wp-json\/wp\/v2\/tags?post=13442"}],"curies":[{"name":"wp","href":"https:\/\/api.w.org\/{rel}","templated":true}]}}