{"id":13438,"date":"2021-03-11T14:31:02","date_gmt":"2021-03-11T17:31:02","guid":{"rendered":"https:\/\/abrelivros.org.br\/site\/?p=13438"},"modified":"2021-03-11T14:31:02","modified_gmt":"2021-03-11T17:31:02","slug":"mec-nomeia-aliada-do-escola-sem-partido-para-coordenar-materiais-didaticos","status":"publish","type":"post","link":"https:\/\/abrelivros.org.br\/site\/mec-nomeia-aliada-do-escola-sem-partido-para-coordenar-materiais-didaticos\/","title":{"rendered":"MEC nomeia aliada do Escola sem Partido para coordenar materiais did\u00e1ticos"},"content":{"rendered":"<p>O ministro da Educa\u00e7\u00e3o, o pastor Milton Ribeiro, nomeou nesta quarta-feira (10) como coordenadora de materiais did\u00e1ticos uma professora aliada ao <a href=\"https:\/\/www1.folha.uol.com.br\/educacao\/2020\/04\/stf-forma-maioria-para-declarar-inconstitucional-lei-que-veta-discussao-de-genero-nas-escolas.shtml\" target=\"_blank\" rel=\"noopener noreferrer\">movimento Escola sem Partido<\/a> (que alega haver doutrina\u00e7\u00e3o pol\u00edtica e ideol\u00f3gica nas escolas brasileiras) e que acumula cr\u00edticas \u00e0 <a href=\"https:\/\/www1.folha.uol.com.br\/educacao\/2018\/12\/ministro-homologa-base-curricular-do-ensino-medio-divulgada-uma-hora-antes.shtml\" target=\"_blank\" rel=\"noopener noreferrer\">base curricular<\/a> com base em princ\u00edpios religiosos.<!--more--><\/p>\n<p><a href=\"https:\/\/www1.folha.uol.com.br\/educacao\/2021\/03\/mec-quer-professora-aliada-do-escola-sem-partido-para-coordenar-material-didatico.shtml\" target=\"_blank\" rel=\"noopener noreferrer\">A indica\u00e7\u00e3o da professora Sandra Ramos foi adiantada<\/a> pela Folha na \u00faltima semana. O ato \u00e9 visto por t\u00e9cnicos da pasta como um movimento de retomada de espa\u00e7o por parte da chamada ala ideol\u00f3gica \u2014o conte\u00fado dos livros did\u00e1ticos sempre foi alvo dos grupos de apoio ao presidente Jair Bolsonaro (sem partido) e dele pr\u00f3prio.\u200b<\/p>\n<p>A nomea\u00e7\u00e3o saiu nesta quarta no Di\u00e1rio Oficial da Uni\u00e3o. Funcion\u00e1rios da pasta indicam, em conversas reservadas, que se trata de um retrocesso e um risco para os materiais did\u00e1ticos, pol\u00edtica central no sistema educacional brasileiro.<\/p>\n<p>&#8220;A nova coordenadora-geral dos livros did\u00e1ticos no MEC \u00e9 colaboradora do Escola Sem Partido, movimento que incentiva a persegui\u00e7\u00e3o a professores. A boiada est\u00e1 passando&#8221;, publicou nas redes sociais a presidente do Movimento Todos pela Educa\u00e7\u00e3o, Priscila Cruz.<\/p>\n<p>A ala ideol\u00f3gica do MEC \u00e9 liderada pelo secret\u00e1rio de Alfabetiza\u00e7\u00e3o, <a href=\"https:\/\/www1.folha.uol.com.br\/educacao\/2019\/01\/velez-indica-para-secretarias-do-mec-ex-alunos-de-filosofia-sem-experiencia-de-gestao.shtml\" target=\"_blank\" rel=\"noopener noreferrer\">Carlos Nadalim, aluno do escritor Olavo de Carvalho<\/a>. O grupo tem entre suas prioridades promover uma guerra cultural contra pautas associadas \u00e0 esquerda<\/p>\n<p>Nadalim ainda trabalha internamente para enfraquecer o ministro da Educa\u00e7\u00e3o, Milton Ribeiro, e parte da equipe escolhida por ele. O objetivo \u00e9 recompor o grupo de olavistas no \u00f3rg\u00e3o.<\/p>\n<p>Foi ele quem encabe\u00e7ou as<a href=\"https:\/\/www1.folha.uol.com.br\/educacao\/2021\/02\/na-pandemia-mec-tem-o-menor-orcamento-para-educacao-basica-da-decada.shtml\" target=\"_blank\" rel=\"noopener noreferrer\"> altera\u00e7\u00f5es realizadas no edital do PNLD (Programa Nacional do Livro Did\u00e1ticos)<\/a>. A nova vers\u00e3o do edital para compra de livros dos anos finais do ensino fundamental retirou men\u00e7\u00f5es \u00e0 agenda da n\u00e3o viol\u00eancia contra mulher, por exemplo, dos crit\u00e9rios de exclus\u00e3o de obras, o que gerou questionamentos de pol\u00edticos.<\/p>\n<p>A interven\u00e7\u00e3o foi feita \u00e0 revelia da equipe da Secretaria de Educa\u00e7\u00e3o B\u00e1sica do MEC, que tamb\u00e9m n\u00e3o bancou a indica\u00e7\u00e3o da nova coordenadora, segundo relatos colhidos pela Folha com integrantes do minist\u00e9rio.<\/p>\n<p>Evang\u00e9lica e conservadora, Sandra Ramos \u00e9 pedagoga e professora da UFPI (Universidade Federal do Piau\u00ed). Ela concorreu \u00e0 reitoria da institui\u00e7\u00e3o no ano passado em chapa alinhada ao governo Bolsonaro, mas n\u00e3o venceu.<\/p>\n<p>Ramos tem um hist\u00f3rico de colabora\u00e7\u00f5es com o Escola sem Partido, fez lives recentes com um dos fundadores do movimento, Miguel Nagib, e tamb\u00e9m assinou artigos em um blog que faz cr\u00edticas com vi\u00e9s ultraconservador ao material did\u00e1tico e \u00e0 Base Nacional Comum Curricular.<\/p>\n<p>Entre as cr\u00edticas no texto do blog h\u00e1 a preconiza\u00e7\u00e3o de que a base curricular deveria excluir men\u00e7\u00f5es \u00e0 cultura africana e ind\u00edgena e quest\u00f5es relacionadas \u00e0 viola\u00e7\u00e3o de direitos humanos na ditadura militar (1964-1985). Ainda h\u00e1 a sugest\u00e3o para incluir compara\u00e7\u00f5es da teoria de Charles Darwin com o criacionismo.<\/p>\n<p>O texto, do fim de 2018, foi assinado em conjunto por Ramos, pela atual ministra da Mulher, Fam\u00edlia e Direitos Humanos, Damares Alves, e pelo professor <a href=\"https:\/\/www1.folha.uol.com.br\/educacao\/2018\/12\/cargos-chave-da-educacao-terao-pesquisadores-ligados-a-militares-sob-bolsonaro.shtml\" target=\"_blank\" rel=\"noopener noreferrer\">Orley <\/a><a href=\"https:\/\/www1.folha.uol.com.br\/educacao\/2018\/12\/cargos-chave-da-educacao-terao-pesquisadores-ligados-a-militares-sob-bolsonaro.shtml\" target=\"_blank\" rel=\"noopener noreferrer\">Silva<\/a>, que j\u00e1 fez parte da equipe do MEC no governo Bolsonaro.<\/p>\n<p>A professora critica frequentemente a <a href=\"https:\/\/www1.folha.uol.com.br\/educacao\/2018\/10\/motores-de-bolsonaro-escola-sem-partido-e-ideologia-de-genero-tem-raizes-religiosas.shtml\" target=\"_blank\" rel=\"noopener noreferrer\">chamada &#8220;ideologia de g\u00eanero&#8221;, termo nunca adotado por educadores<\/a>.<\/p>\n<p>Antes mesmo da nomea\u00e7\u00e3o j\u00e1 havia no MEC apreens\u00e3o com a chegada de Sandra Ramos para a coordena\u00e7\u00e3o-Geral de Materiais Did\u00e1ticos. As compras de obras s\u00e3o feitas pelo FNDE (Fundo Nacional de Desenvolvimento da Educa\u00e7\u00e3o), mas \u00e9 no minist\u00e9rio que s\u00e3o feitas a defini\u00e7\u00f5es pedag\u00f3gicas da pol\u00edtica.<\/p>\n<p>O cargo \u00e9 ligado \u00e0 diretoria de Articula\u00e7\u00e3o e Apoio \u00e0s Redes da Secretaria de Educa\u00e7\u00e3o B\u00e1sica do minist\u00e9rio. Essa subpasta \u00e9 comandada por Izabel Pessoa, servidora de carreira e que foi uma escolha pessoal de Milton Ribeiro. Ela <a href=\"https:\/\/www1.folha.uol.com.br\/educacao\/2020\/08\/milton-ribeiro-demite-secretaria-de-educacao-basica-apoiada-por-olavistas.shtml\" target=\"_blank\" rel=\"noopener noreferrer\">substitui Ilona Becskeh\u00e1zy<\/a>, que havia chegado ao cargo por decis\u00e3o do ex-ministro<a href=\"https:\/\/www1.folha.uol.com.br\/educacao\/2020\/06\/gestao-de-weintraub-no-mec-foi-marcada-por-ataques-e-projetos-parados.shtml\" target=\"_blank\" rel=\"noopener noreferrer\"> Abraham Weintraub<\/a> com apoio de olavistas.<\/p>\n<p>Funcion\u00e1rios do MEC disseram \u00e0 Folha, em condi\u00e7\u00e3o de anonimato, que Nadalim tem agido para desgastar n\u00e3o s\u00f3 Izabel Pessoa como tamb\u00e9m o pr\u00f3prio ministro.<\/p>\n<p>A publica\u00e7\u00e3o recente de texto no site bolsonarista Brasil Sem Medo apontando que Ribeiro seria demitido foi interpretada dentro do MEC como mais uma manobra do secret\u00e1rio de Alfabetiza\u00e7\u00e3o para minar a gest\u00e3o de Ribeiro. <a href=\"https:\/\/www1.folha.uol.com.br\/cotidiano\/2020\/06\/convidado-para-interino-numero-2-do-mec-enfrenta-resistencia-de-ala-ideologica.shtml\" target=\"_blank\" rel=\"noopener noreferrer\">Nadalim j\u00e1 apareceu como s\u00f3cio desse site<\/a>, ligado ao pr\u00f3prio Olavo de Carvalho, e mant\u00e9m forte interlocu\u00e7\u00e3o com os gestores do portal.<\/p>\n<p>Funcion\u00e1rios dizem que, pela dist\u00e2ncia da rotina t\u00e9cnica, o ministro Milton Ribeiro teria aceitado a indica\u00e7\u00e3o de Sandra Ramos apenas por ela ser religiosa, sem questionamentos.<\/p>\n<p>Al\u00e9m da equipe de Alfabetiza\u00e7\u00e3o, Nadalim tem se aproximado da assessora especial do MEC Inez Augusto Borges, <a href=\"https:\/\/www1.folha.uol.com.br\/educacao\/2020\/08\/assessora-de-milton-ribeiro-defende-principios-biblicos-na-educacao.shtml\" target=\"_blank\" rel=\"noopener noreferrer\">religiosa que defende a ado\u00e7\u00e3o de princ\u00edpios b\u00edblicos no ensino<\/a>.<\/p>\n<p>A Folha revelou no in\u00edcio de 2019 que, na gest\u00e3o do ex-ministro Ricardo V\u00e9lez, houve a <a href=\"https:\/\/www1.folha.uol.com.br\/educacao\/2019\/01\/gestao-bolsonaro-retira-violencia-contra-mulher-e-quilombo-de-edital-de-livros.shtml\" target=\"_blank\" rel=\"noopener noreferrer\">supress\u00e3o, em um edital de livros, de trechos como o compromisso com a agenda da n\u00e3o viol\u00eancia<\/a> contra as mulheres e a promo\u00e7\u00e3o das culturas quilombolas e dos povos do campo. O MEC voltou atr\u00e1s na ocasi\u00e3o e disse que se tratava de um erro. No m\u00eas passado, o edital do PNLD 2023 trouxe as mesmas altera\u00e7\u00f5es.<\/p>\n<p>Tamb\u00e9m saiu dos crit\u00e9rios de exclus\u00e3o de obras a necessidade de abordar a tem\u00e1tica de g\u00eanero igualit\u00e1ria, &#8220;inclusive no que diz respeito \u00e0 homo e transfobia&#8221;. O edital atual n\u00e3o trata da quest\u00e3o de g\u00eanero e fala de forma gen\u00e9rica sobre o respeito a todos os brasileiros.<\/p>\n<p>O governo Bolsonaro j\u00e1 atuou tamb\u00e9m na censura de temas no Enem. Parecer de uma comiss\u00e3o criada para fazer um pente fino ideol\u00f3gico nas quest\u00f5es do exame mostra que foi sugerido a troca do termo &#8220;ditadura&#8221; por &#8220;regime militar&#8221; em um item da \u00e1rea de Linguagens. O<a href=\"https:\/\/ez-enem-deixa-de-abordar-ditadura-militar.shtml\/\" target=\"_blank\" rel=\"noopener noreferrer\"> tema n\u00e3o foi abordado<\/a> nas duas edi\u00e7\u00f5es do Enem sob o governo Bolsonaro.<\/p>\n<p>O MEC e a professora Sandra Ramos foram procurados pela reportagem, mas n\u00e3o responderam aos pedidos de entrevista.<\/p>\n","protected":false},"excerpt":{"rendered":"<p>O ministro da Educa\u00e7\u00e3o, o pastor Milton Ribeiro, nomeou nesta quarta-feira (10) como coordenadora de materiais did\u00e1ticos uma professora aliada ao movimento Escola sem Partido (que alega haver doutrina\u00e7\u00e3o pol\u00edtica e ideol\u00f3gica nas escolas brasileiras) e que acumula cr\u00edticas \u00e0 base curricular com base em princ\u00edpios religiosos.<\/p>\n","protected":false},"author":4,"featured_media":0,"comment_status":"closed","ping_status":"closed","sticky":false,"template":"","format":"standard","meta":{"footnotes":"","_links_to":"","_links_to_target":""},"categories":[9,10],"tags":[],"class_list":["post-13438","post","type-post","status-publish","format-standard","hentry","category-noticias-da-imprensa","category-pnld-programa-nacional-do-livro-e-do-material-didatico"],"yoast_head":"<!-- This site is optimized with the Yoast SEO plugin v15.1 - https:\/\/yoast.com\/wordpress\/plugins\/seo\/ -->\n<title>MEC nomeia aliada do Escola sem Partido para coordenar materiais did\u00e1ticos &raquo; Abrelivros<\/title>\n<meta name=\"robots\" content=\"index, follow, max-snippet:-1, max-image-preview:large, max-video-preview:-1\" \/>\n<link rel=\"canonical\" href=\"https:\/\/abrelivros.org.br\/site\/mec-nomeia-aliada-do-escola-sem-partido-para-coordenar-materiais-didaticos\/\" \/>\n<meta property=\"og:locale\" content=\"pt_BR\" \/>\n<meta property=\"og:type\" content=\"article\" \/>\n<meta property=\"og:title\" content=\"MEC nomeia aliada do Escola sem Partido para coordenar materiais did\u00e1ticos &raquo; Abrelivros\" \/>\n<meta property=\"og:description\" content=\"O ministro da Educa\u00e7\u00e3o, o pastor Milton Ribeiro, nomeou nesta quarta-feira (10) como coordenadora de materiais did\u00e1ticos uma professora aliada ao movimento Escola sem Partido (que alega haver doutrina\u00e7\u00e3o pol\u00edtica e ideol\u00f3gica nas escolas brasileiras) e que acumula cr\u00edticas \u00e0 base curricular com base em princ\u00edpios religiosos.\" \/>\n<meta property=\"og:url\" content=\"https:\/\/abrelivros.org.br\/site\/mec-nomeia-aliada-do-escola-sem-partido-para-coordenar-materiais-didaticos\/\" \/>\n<meta property=\"og:site_name\" content=\"Abrelivros\" \/>\n<meta property=\"article:published_time\" content=\"2021-03-11T17:31:02+00:00\" \/>\n<meta name=\"twitter:card\" content=\"summary_large_image\" \/>\n<script type=\"application\/ld+json\" class=\"yoast-schema-graph\">{\"@context\":\"https:\/\/schema.org\",\"@graph\":[{\"@type\":\"WebSite\",\"@id\":\"https:\/\/abrelivros.org.br\/site\/#website\",\"url\":\"https:\/\/abrelivros.org.br\/site\/\",\"name\":\"Abrelivros\",\"description\":\"\",\"potentialAction\":[{\"@type\":\"SearchAction\",\"target\":\"https:\/\/abrelivros.org.br\/site\/?s={search_term_string}\",\"query-input\":\"required name=search_term_string\"}],\"inLanguage\":\"pt-BR\"},{\"@type\":\"WebPage\",\"@id\":\"https:\/\/abrelivros.org.br\/site\/mec-nomeia-aliada-do-escola-sem-partido-para-coordenar-materiais-didaticos\/#webpage\",\"url\":\"https:\/\/abrelivros.org.br\/site\/mec-nomeia-aliada-do-escola-sem-partido-para-coordenar-materiais-didaticos\/\",\"name\":\"MEC nomeia aliada do Escola sem Partido para coordenar materiais did\\u00e1ticos &raquo; Abrelivros\",\"isPartOf\":{\"@id\":\"https:\/\/abrelivros.org.br\/site\/#website\"},\"datePublished\":\"2021-03-11T17:31:02+00:00\",\"dateModified\":\"2021-03-11T17:31:02+00:00\",\"author\":{\"@id\":\"https:\/\/abrelivros.org.br\/site\/#\/schema\/person\/65db80e26409802ce15ac5feec6a15fd\"},\"breadcrumb\":{\"@id\":\"https:\/\/abrelivros.org.br\/site\/mec-nomeia-aliada-do-escola-sem-partido-para-coordenar-materiais-didaticos\/#breadcrumb\"},\"inLanguage\":\"pt-BR\",\"potentialAction\":[{\"@type\":\"ReadAction\",\"target\":[\"https:\/\/abrelivros.org.br\/site\/mec-nomeia-aliada-do-escola-sem-partido-para-coordenar-materiais-didaticos\/\"]}]},{\"@type\":\"BreadcrumbList\",\"@id\":\"https:\/\/abrelivros.org.br\/site\/mec-nomeia-aliada-do-escola-sem-partido-para-coordenar-materiais-didaticos\/#breadcrumb\",\"itemListElement\":[{\"@type\":\"ListItem\",\"position\":1,\"item\":{\"@type\":\"WebPage\",\"@id\":\"https:\/\/abrelivros.org.br\/site\/\",\"url\":\"https:\/\/abrelivros.org.br\/site\/\",\"name\":\"In\\u00edcio\"}},{\"@type\":\"ListItem\",\"position\":2,\"item\":{\"@type\":\"WebPage\",\"@id\":\"https:\/\/abrelivros.org.br\/site\/category\/noticias\/\",\"url\":\"https:\/\/abrelivros.org.br\/site\/category\/noticias\/\",\"name\":\"Not\\u00edcias\"}},{\"@type\":\"ListItem\",\"position\":3,\"item\":{\"@type\":\"WebPage\",\"@id\":\"https:\/\/abrelivros.org.br\/site\/category\/noticias\/noticias-da-imprensa\/\",\"url\":\"https:\/\/abrelivros.org.br\/site\/category\/noticias\/noticias-da-imprensa\/\",\"name\":\"Not\\u00edcias da imprensa\"}},{\"@type\":\"ListItem\",\"position\":4,\"item\":{\"@type\":\"WebPage\",\"@id\":\"https:\/\/abrelivros.org.br\/site\/mec-nomeia-aliada-do-escola-sem-partido-para-coordenar-materiais-didaticos\/\",\"url\":\"https:\/\/abrelivros.org.br\/site\/mec-nomeia-aliada-do-escola-sem-partido-para-coordenar-materiais-didaticos\/\",\"name\":\"MEC nomeia aliada do Escola sem Partido para coordenar materiais did\\u00e1ticos\"}}]},{\"@type\":\"Person\",\"@id\":\"https:\/\/abrelivros.org.br\/site\/#\/schema\/person\/65db80e26409802ce15ac5feec6a15fd\",\"name\":\"Reda\\u00e7\\u00e3o Abrelivros\",\"image\":{\"@type\":\"ImageObject\",\"@id\":\"https:\/\/abrelivros.org.br\/site\/#personlogo\",\"inLanguage\":\"pt-BR\",\"url\":\"https:\/\/secure.gravatar.com\/avatar\/c4e57f9c7e3482965bd428192061218520756c39080b1d1820b679fa5e9af192?s=96&d=mm&r=g\",\"caption\":\"Reda\\u00e7\\u00e3o Abrelivros\"}}]}<\/script>\n<!-- \/ Yoast SEO plugin. -->","_links":{"self":[{"href":"https:\/\/abrelivros.org.br\/site\/wp-json\/wp\/v2\/posts\/13438","targetHints":{"allow":["GET"]}}],"collection":[{"href":"https:\/\/abrelivros.org.br\/site\/wp-json\/wp\/v2\/posts"}],"about":[{"href":"https:\/\/abrelivros.org.br\/site\/wp-json\/wp\/v2\/types\/post"}],"author":[{"embeddable":true,"href":"https:\/\/abrelivros.org.br\/site\/wp-json\/wp\/v2\/users\/4"}],"replies":[{"embeddable":true,"href":"https:\/\/abrelivros.org.br\/site\/wp-json\/wp\/v2\/comments?post=13438"}],"version-history":[{"count":1,"href":"https:\/\/abrelivros.org.br\/site\/wp-json\/wp\/v2\/posts\/13438\/revisions"}],"predecessor-version":[{"id":13439,"href":"https:\/\/abrelivros.org.br\/site\/wp-json\/wp\/v2\/posts\/13438\/revisions\/13439"}],"wp:attachment":[{"href":"https:\/\/abrelivros.org.br\/site\/wp-json\/wp\/v2\/media?parent=13438"}],"wp:term":[{"taxonomy":"category","embeddable":true,"href":"https:\/\/abrelivros.org.br\/site\/wp-json\/wp\/v2\/categories?post=13438"},{"taxonomy":"post_tag","embeddable":true,"href":"https:\/\/abrelivros.org.br\/site\/wp-json\/wp\/v2\/tags?post=13438"}],"curies":[{"name":"wp","href":"https:\/\/api.w.org\/{rel}","templated":true}]}}