{"id":13436,"date":"2021-03-11T14:18:38","date_gmt":"2021-03-11T17:18:38","guid":{"rendered":"https:\/\/abrelivros.org.br\/site\/?p=13436"},"modified":"2021-03-11T14:18:38","modified_gmt":"2021-03-11T17:18:38","slug":"ensino-remoto-teve-material-impresso-e-aula-no-whatsapp-mostra-pesquisa","status":"publish","type":"post","link":"https:\/\/abrelivros.org.br\/site\/ensino-remoto-teve-material-impresso-e-aula-no-whatsapp-mostra-pesquisa\/","title":{"rendered":"Ensino remoto teve material impresso e aula no Whatsapp, mostra pesquisa"},"content":{"rendered":"<p>Pesquisa divulgada na ter\u00e7a-feira (09), mostra que o ensino remoto no Brasil foi, majoritariamente, a combina\u00e7\u00e3o de aulas por whatsapp com materiais impressos.<\/p>\n<p>O estudo foi realizado pela Uni\u00e3o Nacional dos Dirigentes Municipais de Educa\u00e7\u00e3o ( Undime ) em parceria com o Instituto Ita\u00fa Social e a Unicef. Os dados foram coletados entre janeiro e fevereiro de 2021.<!--more--><\/p>\n<p>O levantamento foi respondido por 3.672 munic\u00edpios brasileiros, que concentram 14,7 milh\u00f5es de estudantes. Desses, 91,9% passaram o ano letivo de 2020 todo remoto ap\u00f3s o in\u00edcio da pandemia &#8211; o restante (8,9%) adotou modelo h\u00edbrido. Segundo o estudo, mais de 90% dos munic\u00edpios utilizaram aulas por whatsapp e materiais impressos para as atividades remotas.<\/p>\n<p>&#8220;As redes com maiores capacidade de financiamento conseguiram oferecer mais plataformas estruturadas. Quem n\u00e3o tem essa possibilidade, se limitou a fazer com o que podia. O MEC fez falta nesse sentido e agora fala internamente na produ\u00e7\u00e3o de uma plataforma de apoio geral. Isso est\u00e1 no come\u00e7o e vamos ver como vai evoluir&#8221;, afirma Luiz Miguel Garcia, presidente da Undime.<\/p>\n<p>As aulas gravadas foram utilizadas por 60% dos munic\u00edpios e pouco mais da metade (54%) tiveram orienta\u00e7\u00f5es on-line por aplicativos. J\u00e1 v\u00eddeo-aulas ao vivo aconteceram em apenas 21% das redes municipais que responderam \u00e0 pesquisa.<\/p>\n<p>Ainda de acordo com o estudo, a maioria das secretarias (78,6%) afirma que o maior desafio foi o acesso de estudantes \u00e0 internet.<\/p>\n<p>&#8220;A constata\u00e7\u00e3o refor\u00e7a a import\u00e2ncia de ampliar a conectividade no Pa\u00eds por meio de, entre outras a\u00e7\u00f5es, a san\u00e7\u00e3o do Projeto de Lei 3447\/2020. Ele permite que recursos do Fundo de Universaliza\u00e7\u00e3o dos Servi\u00e7os de Telecomunica\u00e7\u00f5es (FUST) sejam direcionados para estados e munic\u00edpios para garantir a conectividade de crian\u00e7as e adolescentes da rede p\u00fablica que vivem em fam\u00edlias inscritas no Cadastro \u00danico para Programas Sociais (Cad\u00danico), bem como daqueles matriculados nas escolas das comunidades ind\u00edgenas e quilombolas, e professores da rede p\u00fablica&#8221;, diz o material de divulga\u00e7\u00e3o da Undime.<\/p>\n<p>Para 2021, 63,3% das redes planejaram come\u00e7ar o ano letivo de forma remota; 26,3% pretendem iniciar de forma h\u00edbrida; 3,8% de forma presencial e 6,6% ainda n\u00e3o definiu. As aulas est\u00e3o sendo retomadas na maioria das redes entre os meses de janeiro e mar\u00e7o.<\/p>\n<p>&#8220;Corremos o risco de voltar dez, 15 anos no n\u00famero de crian\u00e7as fora da escola, seja porque nem se matricularam em 2021 ou n\u00e3o conseguiram fazer as aulas remotas&#8221;, afirma Italo Dutra, da Unicef.<\/p>\n<p>Com rela\u00e7\u00e3o aos protocolos de seguran\u00e7a sanit\u00e1ria, 33,9% das redes j\u00e1 os conclu\u00edram, 59,6% est\u00e3o em processo de discuss\u00e3o e 6,5% ainda n\u00e3o iniciaram esse processo. J\u00e1 os protocolos pedag\u00f3gicos para a volta \u00e0s aulas presenciais est\u00e3o sendo discutidos por 70,4% das redes, j\u00e1 foram conclu\u00eddos em 22,7% delas e n\u00e3o foram iniciados em 6,9%.<\/p>\n","protected":false},"excerpt":{"rendered":"<p>Pesquisa divulgada na ter\u00e7a-feira (09), mostra que o ensino remoto no Brasil foi, majoritariamente, a combina\u00e7\u00e3o de aulas por whatsapp com materiais impressos. O estudo foi realizado pela Uni\u00e3o Nacional dos Dirigentes Municipais de Educa\u00e7\u00e3o ( Undime ) em parceria com o Instituto Ita\u00fa Social e a Unicef. Os dados foram coletados entre janeiro e [&hellip;]<\/p>\n","protected":false},"author":4,"featured_media":0,"comment_status":"closed","ping_status":"closed","sticky":false,"template":"","format":"standard","meta":{"footnotes":"","_links_to":"","_links_to_target":""},"categories":[9],"tags":[],"class_list":["post-13436","post","type-post","status-publish","format-standard","hentry","category-noticias-da-imprensa"],"yoast_head":"<!-- This site is optimized with the Yoast SEO plugin v15.1 - https:\/\/yoast.com\/wordpress\/plugins\/seo\/ -->\n<title>Ensino remoto teve material impresso e aula no Whatsapp, mostra pesquisa &raquo; Abrelivros<\/title>\n<meta name=\"robots\" content=\"index, follow, max-snippet:-1, max-image-preview:large, max-video-preview:-1\" \/>\n<link rel=\"canonical\" href=\"https:\/\/abrelivros.org.br\/site\/ensino-remoto-teve-material-impresso-e-aula-no-whatsapp-mostra-pesquisa\/\" \/>\n<meta property=\"og:locale\" content=\"pt_BR\" \/>\n<meta property=\"og:type\" content=\"article\" \/>\n<meta property=\"og:title\" content=\"Ensino remoto teve material impresso e aula no Whatsapp, mostra pesquisa &raquo; Abrelivros\" \/>\n<meta property=\"og:description\" content=\"Pesquisa divulgada na ter\u00e7a-feira (09), mostra que o ensino remoto no Brasil foi, majoritariamente, a combina\u00e7\u00e3o de aulas por whatsapp com materiais impressos. O estudo foi realizado pela Uni\u00e3o Nacional dos Dirigentes Municipais de Educa\u00e7\u00e3o ( Undime ) em parceria com o Instituto Ita\u00fa Social e a Unicef. Os dados foram coletados entre janeiro e [&hellip;]\" \/>\n<meta property=\"og:url\" content=\"https:\/\/abrelivros.org.br\/site\/ensino-remoto-teve-material-impresso-e-aula-no-whatsapp-mostra-pesquisa\/\" \/>\n<meta property=\"og:site_name\" content=\"Abrelivros\" \/>\n<meta property=\"article:published_time\" content=\"2021-03-11T17:18:38+00:00\" \/>\n<meta name=\"twitter:card\" content=\"summary_large_image\" \/>\n<script type=\"application\/ld+json\" class=\"yoast-schema-graph\">{\"@context\":\"https:\/\/schema.org\",\"@graph\":[{\"@type\":\"WebSite\",\"@id\":\"https:\/\/abrelivros.org.br\/site\/#website\",\"url\":\"https:\/\/abrelivros.org.br\/site\/\",\"name\":\"Abrelivros\",\"description\":\"\",\"potentialAction\":[{\"@type\":\"SearchAction\",\"target\":\"https:\/\/abrelivros.org.br\/site\/?s={search_term_string}\",\"query-input\":\"required name=search_term_string\"}],\"inLanguage\":\"pt-BR\"},{\"@type\":\"WebPage\",\"@id\":\"https:\/\/abrelivros.org.br\/site\/ensino-remoto-teve-material-impresso-e-aula-no-whatsapp-mostra-pesquisa\/#webpage\",\"url\":\"https:\/\/abrelivros.org.br\/site\/ensino-remoto-teve-material-impresso-e-aula-no-whatsapp-mostra-pesquisa\/\",\"name\":\"Ensino remoto teve material impresso e aula no Whatsapp, mostra pesquisa &raquo; Abrelivros\",\"isPartOf\":{\"@id\":\"https:\/\/abrelivros.org.br\/site\/#website\"},\"datePublished\":\"2021-03-11T17:18:38+00:00\",\"dateModified\":\"2021-03-11T17:18:38+00:00\",\"author\":{\"@id\":\"https:\/\/abrelivros.org.br\/site\/#\/schema\/person\/65db80e26409802ce15ac5feec6a15fd\"},\"breadcrumb\":{\"@id\":\"https:\/\/abrelivros.org.br\/site\/ensino-remoto-teve-material-impresso-e-aula-no-whatsapp-mostra-pesquisa\/#breadcrumb\"},\"inLanguage\":\"pt-BR\",\"potentialAction\":[{\"@type\":\"ReadAction\",\"target\":[\"https:\/\/abrelivros.org.br\/site\/ensino-remoto-teve-material-impresso-e-aula-no-whatsapp-mostra-pesquisa\/\"]}]},{\"@type\":\"BreadcrumbList\",\"@id\":\"https:\/\/abrelivros.org.br\/site\/ensino-remoto-teve-material-impresso-e-aula-no-whatsapp-mostra-pesquisa\/#breadcrumb\",\"itemListElement\":[{\"@type\":\"ListItem\",\"position\":1,\"item\":{\"@type\":\"WebPage\",\"@id\":\"https:\/\/abrelivros.org.br\/site\/\",\"url\":\"https:\/\/abrelivros.org.br\/site\/\",\"name\":\"In\\u00edcio\"}},{\"@type\":\"ListItem\",\"position\":2,\"item\":{\"@type\":\"WebPage\",\"@id\":\"https:\/\/abrelivros.org.br\/site\/category\/noticias\/\",\"url\":\"https:\/\/abrelivros.org.br\/site\/category\/noticias\/\",\"name\":\"Not\\u00edcias\"}},{\"@type\":\"ListItem\",\"position\":3,\"item\":{\"@type\":\"WebPage\",\"@id\":\"https:\/\/abrelivros.org.br\/site\/category\/noticias\/noticias-da-imprensa\/\",\"url\":\"https:\/\/abrelivros.org.br\/site\/category\/noticias\/noticias-da-imprensa\/\",\"name\":\"Not\\u00edcias da imprensa\"}},{\"@type\":\"ListItem\",\"position\":4,\"item\":{\"@type\":\"WebPage\",\"@id\":\"https:\/\/abrelivros.org.br\/site\/ensino-remoto-teve-material-impresso-e-aula-no-whatsapp-mostra-pesquisa\/\",\"url\":\"https:\/\/abrelivros.org.br\/site\/ensino-remoto-teve-material-impresso-e-aula-no-whatsapp-mostra-pesquisa\/\",\"name\":\"Ensino remoto teve material impresso e aula no Whatsapp, mostra pesquisa\"}}]},{\"@type\":\"Person\",\"@id\":\"https:\/\/abrelivros.org.br\/site\/#\/schema\/person\/65db80e26409802ce15ac5feec6a15fd\",\"name\":\"Reda\\u00e7\\u00e3o Abrelivros\",\"image\":{\"@type\":\"ImageObject\",\"@id\":\"https:\/\/abrelivros.org.br\/site\/#personlogo\",\"inLanguage\":\"pt-BR\",\"url\":\"https:\/\/secure.gravatar.com\/avatar\/c4e57f9c7e3482965bd428192061218520756c39080b1d1820b679fa5e9af192?s=96&d=mm&r=g\",\"caption\":\"Reda\\u00e7\\u00e3o Abrelivros\"}}]}<\/script>\n<!-- \/ Yoast SEO plugin. -->","_links":{"self":[{"href":"https:\/\/abrelivros.org.br\/site\/wp-json\/wp\/v2\/posts\/13436","targetHints":{"allow":["GET"]}}],"collection":[{"href":"https:\/\/abrelivros.org.br\/site\/wp-json\/wp\/v2\/posts"}],"about":[{"href":"https:\/\/abrelivros.org.br\/site\/wp-json\/wp\/v2\/types\/post"}],"author":[{"embeddable":true,"href":"https:\/\/abrelivros.org.br\/site\/wp-json\/wp\/v2\/users\/4"}],"replies":[{"embeddable":true,"href":"https:\/\/abrelivros.org.br\/site\/wp-json\/wp\/v2\/comments?post=13436"}],"version-history":[{"count":1,"href":"https:\/\/abrelivros.org.br\/site\/wp-json\/wp\/v2\/posts\/13436\/revisions"}],"predecessor-version":[{"id":13437,"href":"https:\/\/abrelivros.org.br\/site\/wp-json\/wp\/v2\/posts\/13436\/revisions\/13437"}],"wp:attachment":[{"href":"https:\/\/abrelivros.org.br\/site\/wp-json\/wp\/v2\/media?parent=13436"}],"wp:term":[{"taxonomy":"category","embeddable":true,"href":"https:\/\/abrelivros.org.br\/site\/wp-json\/wp\/v2\/categories?post=13436"},{"taxonomy":"post_tag","embeddable":true,"href":"https:\/\/abrelivros.org.br\/site\/wp-json\/wp\/v2\/tags?post=13436"}],"curies":[{"name":"wp","href":"https:\/\/api.w.org\/{rel}","templated":true}]}}