{"id":13432,"date":"2021-03-10T12:03:55","date_gmt":"2021-03-10T15:03:55","guid":{"rendered":"https:\/\/abrelivros.org.br\/site\/?p=13432"},"modified":"2021-03-10T12:03:55","modified_gmt":"2021-03-10T15:03:55","slug":"ensino-presencial-na-educacao-infantil","status":"publish","type":"post","link":"https:\/\/abrelivros.org.br\/site\/ensino-presencial-na-educacao-infantil\/","title":{"rendered":"Ensino presencial na Educa\u00e7\u00e3o Infantil"},"content":{"rendered":"<p>Escola, espa\u00e7o habit\u00e1vel. Lugar de encontro, intera\u00e7\u00f5es e aprendizagens. Mas em tempos de distanciamento, como garantir a inteireza e os direitos das crian\u00e7as no retorno presencial \u00e0 escola?<!--more--><\/p>\n<p>Al\u00e9m da organiza\u00e7\u00e3o dos espa\u00e7os, materiais e protocolos de distanciamento e higiene, pensar o trabalho em pequenos grupos tem sido fundamental para este retorno, garantindo o acolhimento, a forma\u00e7\u00e3o do grupo e a singularidade dentro de um espa\u00e7o coletivo. As propostas para estes momentos s\u00e3o planejadas considerando a import\u00e2ncia das intera\u00e7\u00f5es e das brincadeiras como eixos estruturantes no trabalho da Educa\u00e7\u00e3o Infantil.<\/p>\n<p>Cotidianamente, em pequenos grupos, as crian\u00e7as ocupam os espa\u00e7os externos do Santa Maria e s\u00e3o convidadas a conviverem, brincarem, participarem, explorarem, expressarem e conhecerem-se. Desta forma vivenciam oportunidades significativas de descobertas e aprendizagens por meio de m\u00faltiplas linguagens e experi\u00eancias, envolvendo a postura investigativa, a constru\u00e7\u00e3o de novos conhecimentos, a educa\u00e7\u00e3o dos sentidos, a imagina\u00e7\u00e3o, a criatividade, a corporeidade, a coopera\u00e7\u00e3o e a amplia\u00e7\u00e3o dos v\u00ednculos afetivos.<\/p>\n<p>Entre as situa\u00e7\u00f5es vivenciadas, nestes tempos em que a seguran\u00e7a e a higiene s\u00e3o essenciais, destacamos os jogos e as brincadeiras, as rodas de conversa, a leitura de hist\u00f3rias, os ateli\u00eas de pintura, as trilhas pelo bosque, a teatralidade, os desafios matem\u00e1ticos e de linguagem, as explora\u00e7\u00f5es na natureza, os piqueniques e desafios motores no parque, quadra e campo gramado ao ar livre e em ambiente arejados.<\/p>\n<p>E neste convite di\u00e1rio as crian\u00e7as s\u00e3o acolhidas em suas individualidades. Com protagonismo, encantamento, curiosidade e leveza ocupam a Escola, interagem e constroem saberes mesmo frente \u00e0s limita\u00e7\u00f5es que este per\u00edodo nos imp\u00f5e.<\/p>\n<p>&nbsp;<\/p>\n","protected":false},"excerpt":{"rendered":"<p>Escola, espa\u00e7o habit\u00e1vel. Lugar de encontro, intera\u00e7\u00f5es e aprendizagens. Mas em tempos de distanciamento, como garantir a inteireza e os direitos das crian\u00e7as no retorno presencial \u00e0 escola?<\/p>\n","protected":false},"author":4,"featured_media":0,"comment_status":"closed","ping_status":"closed","sticky":false,"template":"","format":"standard","meta":{"footnotes":"","_links_to":"","_links_to_target":""},"categories":[9],"tags":[],"class_list":["post-13432","post","type-post","status-publish","format-standard","hentry","category-noticias-da-imprensa"],"yoast_head":"<!-- This site is optimized with the Yoast SEO plugin v15.1 - https:\/\/yoast.com\/wordpress\/plugins\/seo\/ -->\n<title>Ensino presencial na Educa\u00e7\u00e3o Infantil &raquo; Abrelivros<\/title>\n<meta name=\"robots\" content=\"index, follow, max-snippet:-1, max-image-preview:large, max-video-preview:-1\" \/>\n<link rel=\"canonical\" href=\"https:\/\/abrelivros.org.br\/site\/ensino-presencial-na-educacao-infantil\/\" \/>\n<meta property=\"og:locale\" content=\"pt_BR\" \/>\n<meta property=\"og:type\" content=\"article\" \/>\n<meta property=\"og:title\" content=\"Ensino presencial na Educa\u00e7\u00e3o Infantil &raquo; Abrelivros\" \/>\n<meta property=\"og:description\" content=\"Escola, espa\u00e7o habit\u00e1vel. Lugar de encontro, intera\u00e7\u00f5es e aprendizagens. Mas em tempos de distanciamento, como garantir a inteireza e os direitos das crian\u00e7as no retorno presencial \u00e0 escola?\" \/>\n<meta property=\"og:url\" content=\"https:\/\/abrelivros.org.br\/site\/ensino-presencial-na-educacao-infantil\/\" \/>\n<meta property=\"og:site_name\" content=\"Abrelivros\" \/>\n<meta property=\"article:published_time\" content=\"2021-03-10T15:03:55+00:00\" \/>\n<meta name=\"twitter:card\" content=\"summary_large_image\" \/>\n<script type=\"application\/ld+json\" class=\"yoast-schema-graph\">{\"@context\":\"https:\/\/schema.org\",\"@graph\":[{\"@type\":\"WebSite\",\"@id\":\"https:\/\/abrelivros.org.br\/site\/#website\",\"url\":\"https:\/\/abrelivros.org.br\/site\/\",\"name\":\"Abrelivros\",\"description\":\"\",\"potentialAction\":[{\"@type\":\"SearchAction\",\"target\":\"https:\/\/abrelivros.org.br\/site\/?s={search_term_string}\",\"query-input\":\"required name=search_term_string\"}],\"inLanguage\":\"pt-BR\"},{\"@type\":\"WebPage\",\"@id\":\"https:\/\/abrelivros.org.br\/site\/ensino-presencial-na-educacao-infantil\/#webpage\",\"url\":\"https:\/\/abrelivros.org.br\/site\/ensino-presencial-na-educacao-infantil\/\",\"name\":\"Ensino presencial na Educa\\u00e7\\u00e3o Infantil &raquo; Abrelivros\",\"isPartOf\":{\"@id\":\"https:\/\/abrelivros.org.br\/site\/#website\"},\"datePublished\":\"2021-03-10T15:03:55+00:00\",\"dateModified\":\"2021-03-10T15:03:55+00:00\",\"author\":{\"@id\":\"https:\/\/abrelivros.org.br\/site\/#\/schema\/person\/65db80e26409802ce15ac5feec6a15fd\"},\"breadcrumb\":{\"@id\":\"https:\/\/abrelivros.org.br\/site\/ensino-presencial-na-educacao-infantil\/#breadcrumb\"},\"inLanguage\":\"pt-BR\",\"potentialAction\":[{\"@type\":\"ReadAction\",\"target\":[\"https:\/\/abrelivros.org.br\/site\/ensino-presencial-na-educacao-infantil\/\"]}]},{\"@type\":\"BreadcrumbList\",\"@id\":\"https:\/\/abrelivros.org.br\/site\/ensino-presencial-na-educacao-infantil\/#breadcrumb\",\"itemListElement\":[{\"@type\":\"ListItem\",\"position\":1,\"item\":{\"@type\":\"WebPage\",\"@id\":\"https:\/\/abrelivros.org.br\/site\/\",\"url\":\"https:\/\/abrelivros.org.br\/site\/\",\"name\":\"In\\u00edcio\"}},{\"@type\":\"ListItem\",\"position\":2,\"item\":{\"@type\":\"WebPage\",\"@id\":\"https:\/\/abrelivros.org.br\/site\/category\/noticias\/\",\"url\":\"https:\/\/abrelivros.org.br\/site\/category\/noticias\/\",\"name\":\"Not\\u00edcias\"}},{\"@type\":\"ListItem\",\"position\":3,\"item\":{\"@type\":\"WebPage\",\"@id\":\"https:\/\/abrelivros.org.br\/site\/category\/noticias\/noticias-da-imprensa\/\",\"url\":\"https:\/\/abrelivros.org.br\/site\/category\/noticias\/noticias-da-imprensa\/\",\"name\":\"Not\\u00edcias da imprensa\"}},{\"@type\":\"ListItem\",\"position\":4,\"item\":{\"@type\":\"WebPage\",\"@id\":\"https:\/\/abrelivros.org.br\/site\/ensino-presencial-na-educacao-infantil\/\",\"url\":\"https:\/\/abrelivros.org.br\/site\/ensino-presencial-na-educacao-infantil\/\",\"name\":\"Ensino presencial na Educa\\u00e7\\u00e3o Infantil\"}}]},{\"@type\":\"Person\",\"@id\":\"https:\/\/abrelivros.org.br\/site\/#\/schema\/person\/65db80e26409802ce15ac5feec6a15fd\",\"name\":\"Reda\\u00e7\\u00e3o Abrelivros\",\"image\":{\"@type\":\"ImageObject\",\"@id\":\"https:\/\/abrelivros.org.br\/site\/#personlogo\",\"inLanguage\":\"pt-BR\",\"url\":\"https:\/\/secure.gravatar.com\/avatar\/c4e57f9c7e3482965bd428192061218520756c39080b1d1820b679fa5e9af192?s=96&d=mm&r=g\",\"caption\":\"Reda\\u00e7\\u00e3o Abrelivros\"}}]}<\/script>\n<!-- \/ Yoast SEO plugin. -->","_links":{"self":[{"href":"https:\/\/abrelivros.org.br\/site\/wp-json\/wp\/v2\/posts\/13432","targetHints":{"allow":["GET"]}}],"collection":[{"href":"https:\/\/abrelivros.org.br\/site\/wp-json\/wp\/v2\/posts"}],"about":[{"href":"https:\/\/abrelivros.org.br\/site\/wp-json\/wp\/v2\/types\/post"}],"author":[{"embeddable":true,"href":"https:\/\/abrelivros.org.br\/site\/wp-json\/wp\/v2\/users\/4"}],"replies":[{"embeddable":true,"href":"https:\/\/abrelivros.org.br\/site\/wp-json\/wp\/v2\/comments?post=13432"}],"version-history":[{"count":1,"href":"https:\/\/abrelivros.org.br\/site\/wp-json\/wp\/v2\/posts\/13432\/revisions"}],"predecessor-version":[{"id":13433,"href":"https:\/\/abrelivros.org.br\/site\/wp-json\/wp\/v2\/posts\/13432\/revisions\/13433"}],"wp:attachment":[{"href":"https:\/\/abrelivros.org.br\/site\/wp-json\/wp\/v2\/media?parent=13432"}],"wp:term":[{"taxonomy":"category","embeddable":true,"href":"https:\/\/abrelivros.org.br\/site\/wp-json\/wp\/v2\/categories?post=13432"},{"taxonomy":"post_tag","embeddable":true,"href":"https:\/\/abrelivros.org.br\/site\/wp-json\/wp\/v2\/tags?post=13432"}],"curies":[{"name":"wp","href":"https:\/\/api.w.org\/{rel}","templated":true}]}}