{"id":13428,"date":"2021-03-10T11:46:19","date_gmt":"2021-03-10T14:46:19","guid":{"rendered":"https:\/\/abrelivros.org.br\/site\/?p=13428"},"modified":"2021-03-10T11:46:19","modified_gmt":"2021-03-10T14:46:19","slug":"justica-de-sp-professores-nao-devem-voltar-as-aulas-presenciais","status":"publish","type":"post","link":"https:\/\/abrelivros.org.br\/site\/justica-de-sp-professores-nao-devem-voltar-as-aulas-presenciais\/","title":{"rendered":"Justi\u00e7a de SP: professores n\u00e3o devem voltar \u00e0s aulas presenciais"},"content":{"rendered":"<p>A Justi\u00e7a de S\u00e3o Paulo proibiu o governo estadual de realizar atividades presenciais com a convoca\u00e7\u00e3o de professores nas fases Vermelha e Laranja do Plano S\u00e3o Paulo de combate \u00e0 covid-19.<!--more--> A decis\u00e3o da ju\u00edza Simone Gomes Rodrigues Casoretti, da 9\u00aa Vara de Fazenda P\u00fablica, vale para os filiados das entidades que ingressaram com a a\u00e7\u00e3o na Justi\u00e7a, das escolas de educa\u00e7\u00e3o b\u00e1sica do estado, p\u00fablicas ou privadas, estaduais ou municipais.<\/p>\n<p>Os autores da a\u00e7\u00e3o foram o Sindicato dos Professores do Ensino Oficial do Estado de S\u00e3o Paulo (Apeoesp), o Sindicato dos Funcion\u00e1rios e Servidores da Educa\u00e7\u00e3o do Estado de S\u00e3o Paulo (Afuse), o Centro do Professorado Paulista (CPP), o Sindicato dos Supervisores de Ensino do Magist\u00e9rio Oficial no Estado de S\u00e3o Paulo (Apase), a Federa\u00e7\u00e3o dos Professores do Estado de S\u00e3o Paulo (Fepesp), e o Sindicato de Especialistas de Educa\u00e7\u00e3o do Magist\u00e9rio Oficial do Estado de S\u00e3o Paulo (Udemo).<\/p>\n<p>Na senten\u00e7a, assinada no \u00faltimo s\u00e1bado (6), e divulgada hoje (9), a magistrada afirma que a decis\u00e3o do governo do estado de retornar com as aulas presenciais \u00e9 contradit\u00f3ria e sem motiva\u00e7\u00e3o. \u201cNa fase mais aguda da pandemia, com n\u00famero de mortes di\u00e1rias ultrapassando o patamar de 1.000 e a incapacidade do sistema de sa\u00fade, o retorno presencial das aulas, ainda que com n\u00famero reduzido e de forma opcional para os alunos, sem evid\u00eancias cient\u00edficas sobre o impacto na transmiss\u00e3o da covid, \u00e9 medida contradit\u00f3ria e sem motiva\u00e7\u00e3o v\u00e1lida\u201d.<\/p>\n<p>A ju\u00edza ressaltou ainda que o maior risco de transmiss\u00e3o n\u00e3o ocorre nas escolas, mas no aumento da movimenta\u00e7\u00e3o na cidade causada pelo tr\u00e2nsito de alunos, professores e funcion\u00e1rios. \u201cO risco maior da transmiss\u00e3o do v\u00edrus n\u00e3o est\u00e1 no ambiente escolar, mas no deslocamento dos professores, funcion\u00e1rios da escola, crian\u00e7as e adolescentes, no trajeto da casa \u00e0 escola, visto que a maioria faz uso de transporte p\u00fablico, que atua no limite\u201d.<\/p>\n<p>Em nota, a Procuradoria Geral do Estado de S\u00e3o Paulo disse que ainda n\u00e3o foi intimada e que assim que for notificada \u201canalisar\u00e1 o conte\u00fado para a ado\u00e7\u00e3o de medidas cab\u00edveis\u201d.<\/p>\n<p>A Secretaria de Educa\u00e7\u00e3o do Estado de SP informou que as atividades presenciais nas escolas de toda a rede estadual est\u00e3o mantidas e seguem cumprindo os protocolos estabelecidos pela Secretaria da Educa\u00e7\u00e3o de acordo com as normas e fases do Plano SP.<\/p>\n","protected":false},"excerpt":{"rendered":"<p>A Justi\u00e7a de S\u00e3o Paulo proibiu o governo estadual de realizar atividades presenciais com a convoca\u00e7\u00e3o de professores nas fases Vermelha e Laranja do Plano S\u00e3o Paulo de combate \u00e0 covid-19.<\/p>\n","protected":false},"author":4,"featured_media":0,"comment_status":"closed","ping_status":"closed","sticky":false,"template":"","format":"standard","meta":{"footnotes":"","_links_to":"","_links_to_target":""},"categories":[9],"tags":[],"class_list":["post-13428","post","type-post","status-publish","format-standard","hentry","category-noticias-da-imprensa"],"yoast_head":"<!-- This site is optimized with the Yoast SEO plugin v15.1 - https:\/\/yoast.com\/wordpress\/plugins\/seo\/ -->\n<title>Justi\u00e7a de SP: professores n\u00e3o devem voltar \u00e0s aulas presenciais &raquo; Abrelivros<\/title>\n<meta name=\"robots\" content=\"index, follow, max-snippet:-1, max-image-preview:large, max-video-preview:-1\" \/>\n<link rel=\"canonical\" href=\"https:\/\/abrelivros.org.br\/site\/justica-de-sp-professores-nao-devem-voltar-as-aulas-presenciais\/\" \/>\n<meta property=\"og:locale\" content=\"pt_BR\" \/>\n<meta property=\"og:type\" content=\"article\" \/>\n<meta property=\"og:title\" content=\"Justi\u00e7a de SP: professores n\u00e3o devem voltar \u00e0s aulas presenciais &raquo; Abrelivros\" \/>\n<meta property=\"og:description\" content=\"A Justi\u00e7a de S\u00e3o Paulo proibiu o governo estadual de realizar atividades presenciais com a convoca\u00e7\u00e3o de professores nas fases Vermelha e Laranja do Plano S\u00e3o Paulo de combate \u00e0 covid-19.\" \/>\n<meta property=\"og:url\" content=\"https:\/\/abrelivros.org.br\/site\/justica-de-sp-professores-nao-devem-voltar-as-aulas-presenciais\/\" \/>\n<meta property=\"og:site_name\" content=\"Abrelivros\" \/>\n<meta property=\"article:published_time\" content=\"2021-03-10T14:46:19+00:00\" \/>\n<meta name=\"twitter:card\" content=\"summary_large_image\" \/>\n<script type=\"application\/ld+json\" class=\"yoast-schema-graph\">{\"@context\":\"https:\/\/schema.org\",\"@graph\":[{\"@type\":\"WebSite\",\"@id\":\"https:\/\/abrelivros.org.br\/site\/#website\",\"url\":\"https:\/\/abrelivros.org.br\/site\/\",\"name\":\"Abrelivros\",\"description\":\"\",\"potentialAction\":[{\"@type\":\"SearchAction\",\"target\":\"https:\/\/abrelivros.org.br\/site\/?s={search_term_string}\",\"query-input\":\"required name=search_term_string\"}],\"inLanguage\":\"pt-BR\"},{\"@type\":\"WebPage\",\"@id\":\"https:\/\/abrelivros.org.br\/site\/justica-de-sp-professores-nao-devem-voltar-as-aulas-presenciais\/#webpage\",\"url\":\"https:\/\/abrelivros.org.br\/site\/justica-de-sp-professores-nao-devem-voltar-as-aulas-presenciais\/\",\"name\":\"Justi\\u00e7a de SP: professores n\\u00e3o devem voltar \\u00e0s aulas presenciais &raquo; Abrelivros\",\"isPartOf\":{\"@id\":\"https:\/\/abrelivros.org.br\/site\/#website\"},\"datePublished\":\"2021-03-10T14:46:19+00:00\",\"dateModified\":\"2021-03-10T14:46:19+00:00\",\"author\":{\"@id\":\"https:\/\/abrelivros.org.br\/site\/#\/schema\/person\/65db80e26409802ce15ac5feec6a15fd\"},\"breadcrumb\":{\"@id\":\"https:\/\/abrelivros.org.br\/site\/justica-de-sp-professores-nao-devem-voltar-as-aulas-presenciais\/#breadcrumb\"},\"inLanguage\":\"pt-BR\",\"potentialAction\":[{\"@type\":\"ReadAction\",\"target\":[\"https:\/\/abrelivros.org.br\/site\/justica-de-sp-professores-nao-devem-voltar-as-aulas-presenciais\/\"]}]},{\"@type\":\"BreadcrumbList\",\"@id\":\"https:\/\/abrelivros.org.br\/site\/justica-de-sp-professores-nao-devem-voltar-as-aulas-presenciais\/#breadcrumb\",\"itemListElement\":[{\"@type\":\"ListItem\",\"position\":1,\"item\":{\"@type\":\"WebPage\",\"@id\":\"https:\/\/abrelivros.org.br\/site\/\",\"url\":\"https:\/\/abrelivros.org.br\/site\/\",\"name\":\"In\\u00edcio\"}},{\"@type\":\"ListItem\",\"position\":2,\"item\":{\"@type\":\"WebPage\",\"@id\":\"https:\/\/abrelivros.org.br\/site\/category\/noticias\/\",\"url\":\"https:\/\/abrelivros.org.br\/site\/category\/noticias\/\",\"name\":\"Not\\u00edcias\"}},{\"@type\":\"ListItem\",\"position\":3,\"item\":{\"@type\":\"WebPage\",\"@id\":\"https:\/\/abrelivros.org.br\/site\/category\/noticias\/noticias-da-imprensa\/\",\"url\":\"https:\/\/abrelivros.org.br\/site\/category\/noticias\/noticias-da-imprensa\/\",\"name\":\"Not\\u00edcias da imprensa\"}},{\"@type\":\"ListItem\",\"position\":4,\"item\":{\"@type\":\"WebPage\",\"@id\":\"https:\/\/abrelivros.org.br\/site\/justica-de-sp-professores-nao-devem-voltar-as-aulas-presenciais\/\",\"url\":\"https:\/\/abrelivros.org.br\/site\/justica-de-sp-professores-nao-devem-voltar-as-aulas-presenciais\/\",\"name\":\"Justi\\u00e7a de SP: professores n\\u00e3o devem voltar \\u00e0s aulas presenciais\"}}]},{\"@type\":\"Person\",\"@id\":\"https:\/\/abrelivros.org.br\/site\/#\/schema\/person\/65db80e26409802ce15ac5feec6a15fd\",\"name\":\"Reda\\u00e7\\u00e3o Abrelivros\",\"image\":{\"@type\":\"ImageObject\",\"@id\":\"https:\/\/abrelivros.org.br\/site\/#personlogo\",\"inLanguage\":\"pt-BR\",\"url\":\"https:\/\/secure.gravatar.com\/avatar\/c4e57f9c7e3482965bd428192061218520756c39080b1d1820b679fa5e9af192?s=96&d=mm&r=g\",\"caption\":\"Reda\\u00e7\\u00e3o Abrelivros\"}}]}<\/script>\n<!-- \/ Yoast SEO plugin. -->","_links":{"self":[{"href":"https:\/\/abrelivros.org.br\/site\/wp-json\/wp\/v2\/posts\/13428","targetHints":{"allow":["GET"]}}],"collection":[{"href":"https:\/\/abrelivros.org.br\/site\/wp-json\/wp\/v2\/posts"}],"about":[{"href":"https:\/\/abrelivros.org.br\/site\/wp-json\/wp\/v2\/types\/post"}],"author":[{"embeddable":true,"href":"https:\/\/abrelivros.org.br\/site\/wp-json\/wp\/v2\/users\/4"}],"replies":[{"embeddable":true,"href":"https:\/\/abrelivros.org.br\/site\/wp-json\/wp\/v2\/comments?post=13428"}],"version-history":[{"count":1,"href":"https:\/\/abrelivros.org.br\/site\/wp-json\/wp\/v2\/posts\/13428\/revisions"}],"predecessor-version":[{"id":13429,"href":"https:\/\/abrelivros.org.br\/site\/wp-json\/wp\/v2\/posts\/13428\/revisions\/13429"}],"wp:attachment":[{"href":"https:\/\/abrelivros.org.br\/site\/wp-json\/wp\/v2\/media?parent=13428"}],"wp:term":[{"taxonomy":"category","embeddable":true,"href":"https:\/\/abrelivros.org.br\/site\/wp-json\/wp\/v2\/categories?post=13428"},{"taxonomy":"post_tag","embeddable":true,"href":"https:\/\/abrelivros.org.br\/site\/wp-json\/wp\/v2\/tags?post=13428"}],"curies":[{"name":"wp","href":"https:\/\/api.w.org\/{rel}","templated":true}]}}