{"id":13426,"date":"2021-03-10T11:40:19","date_gmt":"2021-03-10T14:40:19","guid":{"rendered":"https:\/\/abrelivros.org.br\/site\/?p=13426"},"modified":"2021-03-10T11:40:19","modified_gmt":"2021-03-10T14:40:19","slug":"neste-momento-escolas-devem-ficar-fechadas-na-maioria-dos-estados-do-brasil-diz-grupo-de-pesquisadores","status":"publish","type":"post","link":"https:\/\/abrelivros.org.br\/site\/neste-momento-escolas-devem-ficar-fechadas-na-maioria-dos-estados-do-brasil-diz-grupo-de-pesquisadores\/","title":{"rendered":"Neste momento, escolas devem ficar fechadas na maioria dos estados do Brasil, diz grupo de pesquisadores"},"content":{"rendered":"<p>O Observat\u00f3rio Covid-19 BR, grupo formado por 85 pesquisadores de institui\u00e7\u00f5es do pa\u00eds inteiro como Fiocruz e USP, publicou nesta ter\u00e7a-feira uma carta aberta defendendo o fechamento das escolas neste momento de alta de casos.<!--more--><\/p>\n<p>\u2014 Com esta nota estamos procurando chamar aten\u00e7\u00e3o que os riscos envolvidos na reabertura das escolas dependem do contexto local \u2014 afirma Lorena Barberia, pesquisadora da USP, que faz parte do Observat\u00f3rio Covid-19 \u2014 Tamb\u00e9m queremos chamar aten\u00e7\u00e3o ao conjunto de medidas que devem ser implantadas para garantir seguran\u00e7a e conseguir agir a tempo quando h\u00e1 casos nas escolas sejam de alunos, funcion\u00e1rios, ou professores.`<\/p>\n<p>O Brasil bateu o recorde de m\u00e9dia m\u00f3vel de mortes nos \u00faltimos dez dias seguidos. Na \u00faltima semana, foram mais de 1.500 \u00f3bitos de brasileiros por Covid-19 a cada dia, em m\u00e9dia.<\/p>\n<p>Segundo o protocolo do Centro de Controle de doen\u00e7as americao (CDC), o ensino presencial representa risco elevado de transmiss\u00e3o e surtos quando o n\u00famero de casos for maior que 100 casos por 100 mil habitantes, ou enquanto a taxa de positividade de casos ativos.<\/p>\n<p>A nota ainda ressalta que o Brasil n\u00e3o tem um sistema sistem\u00e1tico de testagem que possa avaliar esses n\u00fameros com exatid\u00e3o. Com isso, dizem os pesquisadores, os casos registrados s\u00e3o uma subestimativa do total por 100 mil habitantes.<\/p>\n<p>No entanto, `mesmo assim, por ambos os crist\u00e9rios, temos evid\u00eancia de que o pa\u00eds vive uma situa\u00e7\u00e3o alarmante. E por ambos os crit\u00e9rios hoje as escolas devem ficar fechadas na maioria dos estados do Brasil`, afirma a carta.<\/p>\n<p>Treze estados, mais o Distrito Federal, autorizam a abertura de escolas privadas, segundo levantamento da Federa\u00e7\u00e3o Nacional das Escolas Particulares (Fenep). Al\u00e9m disso, de acordo com o Conselho Nacional de Secret\u00e1rios de Educa\u00e7\u00e3o (Consed), oito redes estaduais t\u00eam aulas no modelo h\u00edbrido, em que parte dos estudantes est\u00e1 presencialmente em sala de aula por alguns dias da semana.<\/p>\n<p>Na carta, os pesquisadores ainda afirmam que h\u00e1 alto risco de transmiss\u00e3o nas comunidades escolares, principalmente porque as intera\u00e7\u00f5es envolvem grupos de pessoas, por tempo prolongado, em geral em ambientes fechados.<\/p>\n<p>`Al\u00e9m disso, a grande maioria dos alunos, professores e funcion\u00e1rios dependem de transporte coletivo para o trajeto de casa para as escolas. Ademais, na maioria das escolas p\u00fablicas, n\u00e3o foram disponibilizadas condi\u00e7\u00f5es estruturais e funcionais para que as medidas de prote\u00e7\u00e3o sejam plenamente seguidas`, afirmam.<\/p>\n<p>Ainda de acordo com os pesquisadores, as redes devem, neste momento, tomar tr\u00eas medidas:<\/p>\n<p>1. Cria\u00e7\u00e3o e\/ou manuten\u00e7\u00e3o de cart\u00f5es de merenda ou outras formas de aux\u00edlio para a garantia da alimenta\u00e7\u00e3o dos alunos e alunas.<\/p>\n<p>2. Monitoramento da situa\u00e7\u00e3o de vulnerabilidade social e mental de alunos e alunas e de seus familiares, por meio de uma comiss\u00e3o intersetorial e integrada a outras secretarias, formada por exemplo, por educadores, agentes comunit\u00e1rios de sa\u00fade, conselheiros tutelares, profissionais de sa\u00fade mental e assistentes sociais.<\/p>\n<p>3. Fornecimento de equipamentos e rede m\u00f3vel para que todos os alunos e alunas possam ter acesso \u00e0s aulas de forma remota.<\/p>\n","protected":false},"excerpt":{"rendered":"<p>O Observat\u00f3rio Covid-19 BR, grupo formado por 85 pesquisadores de institui\u00e7\u00f5es do pa\u00eds inteiro como Fiocruz e USP, publicou nesta ter\u00e7a-feira uma carta aberta defendendo o fechamento das escolas neste momento de alta de casos.<\/p>\n","protected":false},"author":4,"featured_media":0,"comment_status":"closed","ping_status":"closed","sticky":false,"template":"","format":"standard","meta":{"footnotes":"","_links_to":"","_links_to_target":""},"categories":[9],"tags":[],"class_list":["post-13426","post","type-post","status-publish","format-standard","hentry","category-noticias-da-imprensa"],"yoast_head":"<!-- This site is optimized with the Yoast SEO plugin v15.1 - https:\/\/yoast.com\/wordpress\/plugins\/seo\/ -->\n<title>Neste momento, escolas devem ficar fechadas na maioria dos estados do Brasil, diz grupo de pesquisadores &raquo; Abrelivros<\/title>\n<meta name=\"robots\" content=\"index, follow, max-snippet:-1, max-image-preview:large, max-video-preview:-1\" \/>\n<link rel=\"canonical\" href=\"https:\/\/abrelivros.org.br\/site\/neste-momento-escolas-devem-ficar-fechadas-na-maioria-dos-estados-do-brasil-diz-grupo-de-pesquisadores\/\" \/>\n<meta property=\"og:locale\" content=\"pt_BR\" \/>\n<meta property=\"og:type\" content=\"article\" \/>\n<meta property=\"og:title\" content=\"Neste momento, escolas devem ficar fechadas na maioria dos estados do Brasil, diz grupo de pesquisadores &raquo; Abrelivros\" \/>\n<meta property=\"og:description\" content=\"O Observat\u00f3rio Covid-19 BR, grupo formado por 85 pesquisadores de institui\u00e7\u00f5es do pa\u00eds inteiro como Fiocruz e USP, publicou nesta ter\u00e7a-feira uma carta aberta defendendo o fechamento das escolas neste momento de alta de casos.\" \/>\n<meta property=\"og:url\" content=\"https:\/\/abrelivros.org.br\/site\/neste-momento-escolas-devem-ficar-fechadas-na-maioria-dos-estados-do-brasil-diz-grupo-de-pesquisadores\/\" \/>\n<meta property=\"og:site_name\" content=\"Abrelivros\" \/>\n<meta property=\"article:published_time\" content=\"2021-03-10T14:40:19+00:00\" \/>\n<meta name=\"twitter:card\" content=\"summary_large_image\" \/>\n<script type=\"application\/ld+json\" class=\"yoast-schema-graph\">{\"@context\":\"https:\/\/schema.org\",\"@graph\":[{\"@type\":\"WebSite\",\"@id\":\"https:\/\/abrelivros.org.br\/site\/#website\",\"url\":\"https:\/\/abrelivros.org.br\/site\/\",\"name\":\"Abrelivros\",\"description\":\"\",\"potentialAction\":[{\"@type\":\"SearchAction\",\"target\":\"https:\/\/abrelivros.org.br\/site\/?s={search_term_string}\",\"query-input\":\"required name=search_term_string\"}],\"inLanguage\":\"pt-BR\"},{\"@type\":\"WebPage\",\"@id\":\"https:\/\/abrelivros.org.br\/site\/neste-momento-escolas-devem-ficar-fechadas-na-maioria-dos-estados-do-brasil-diz-grupo-de-pesquisadores\/#webpage\",\"url\":\"https:\/\/abrelivros.org.br\/site\/neste-momento-escolas-devem-ficar-fechadas-na-maioria-dos-estados-do-brasil-diz-grupo-de-pesquisadores\/\",\"name\":\"Neste momento, escolas devem ficar fechadas na maioria dos estados do Brasil, diz grupo de pesquisadores &raquo; Abrelivros\",\"isPartOf\":{\"@id\":\"https:\/\/abrelivros.org.br\/site\/#website\"},\"datePublished\":\"2021-03-10T14:40:19+00:00\",\"dateModified\":\"2021-03-10T14:40:19+00:00\",\"author\":{\"@id\":\"https:\/\/abrelivros.org.br\/site\/#\/schema\/person\/65db80e26409802ce15ac5feec6a15fd\"},\"breadcrumb\":{\"@id\":\"https:\/\/abrelivros.org.br\/site\/neste-momento-escolas-devem-ficar-fechadas-na-maioria-dos-estados-do-brasil-diz-grupo-de-pesquisadores\/#breadcrumb\"},\"inLanguage\":\"pt-BR\",\"potentialAction\":[{\"@type\":\"ReadAction\",\"target\":[\"https:\/\/abrelivros.org.br\/site\/neste-momento-escolas-devem-ficar-fechadas-na-maioria-dos-estados-do-brasil-diz-grupo-de-pesquisadores\/\"]}]},{\"@type\":\"BreadcrumbList\",\"@id\":\"https:\/\/abrelivros.org.br\/site\/neste-momento-escolas-devem-ficar-fechadas-na-maioria-dos-estados-do-brasil-diz-grupo-de-pesquisadores\/#breadcrumb\",\"itemListElement\":[{\"@type\":\"ListItem\",\"position\":1,\"item\":{\"@type\":\"WebPage\",\"@id\":\"https:\/\/abrelivros.org.br\/site\/\",\"url\":\"https:\/\/abrelivros.org.br\/site\/\",\"name\":\"In\\u00edcio\"}},{\"@type\":\"ListItem\",\"position\":2,\"item\":{\"@type\":\"WebPage\",\"@id\":\"https:\/\/abrelivros.org.br\/site\/category\/noticias\/\",\"url\":\"https:\/\/abrelivros.org.br\/site\/category\/noticias\/\",\"name\":\"Not\\u00edcias\"}},{\"@type\":\"ListItem\",\"position\":3,\"item\":{\"@type\":\"WebPage\",\"@id\":\"https:\/\/abrelivros.org.br\/site\/category\/noticias\/noticias-da-imprensa\/\",\"url\":\"https:\/\/abrelivros.org.br\/site\/category\/noticias\/noticias-da-imprensa\/\",\"name\":\"Not\\u00edcias da imprensa\"}},{\"@type\":\"ListItem\",\"position\":4,\"item\":{\"@type\":\"WebPage\",\"@id\":\"https:\/\/abrelivros.org.br\/site\/neste-momento-escolas-devem-ficar-fechadas-na-maioria-dos-estados-do-brasil-diz-grupo-de-pesquisadores\/\",\"url\":\"https:\/\/abrelivros.org.br\/site\/neste-momento-escolas-devem-ficar-fechadas-na-maioria-dos-estados-do-brasil-diz-grupo-de-pesquisadores\/\",\"name\":\"Neste momento, escolas devem ficar fechadas na maioria dos estados do Brasil, diz grupo de pesquisadores\"}}]},{\"@type\":\"Person\",\"@id\":\"https:\/\/abrelivros.org.br\/site\/#\/schema\/person\/65db80e26409802ce15ac5feec6a15fd\",\"name\":\"Reda\\u00e7\\u00e3o Abrelivros\",\"image\":{\"@type\":\"ImageObject\",\"@id\":\"https:\/\/abrelivros.org.br\/site\/#personlogo\",\"inLanguage\":\"pt-BR\",\"url\":\"https:\/\/secure.gravatar.com\/avatar\/c4e57f9c7e3482965bd428192061218520756c39080b1d1820b679fa5e9af192?s=96&d=mm&r=g\",\"caption\":\"Reda\\u00e7\\u00e3o Abrelivros\"}}]}<\/script>\n<!-- \/ Yoast SEO plugin. -->","_links":{"self":[{"href":"https:\/\/abrelivros.org.br\/site\/wp-json\/wp\/v2\/posts\/13426","targetHints":{"allow":["GET"]}}],"collection":[{"href":"https:\/\/abrelivros.org.br\/site\/wp-json\/wp\/v2\/posts"}],"about":[{"href":"https:\/\/abrelivros.org.br\/site\/wp-json\/wp\/v2\/types\/post"}],"author":[{"embeddable":true,"href":"https:\/\/abrelivros.org.br\/site\/wp-json\/wp\/v2\/users\/4"}],"replies":[{"embeddable":true,"href":"https:\/\/abrelivros.org.br\/site\/wp-json\/wp\/v2\/comments?post=13426"}],"version-history":[{"count":1,"href":"https:\/\/abrelivros.org.br\/site\/wp-json\/wp\/v2\/posts\/13426\/revisions"}],"predecessor-version":[{"id":13427,"href":"https:\/\/abrelivros.org.br\/site\/wp-json\/wp\/v2\/posts\/13426\/revisions\/13427"}],"wp:attachment":[{"href":"https:\/\/abrelivros.org.br\/site\/wp-json\/wp\/v2\/media?parent=13426"}],"wp:term":[{"taxonomy":"category","embeddable":true,"href":"https:\/\/abrelivros.org.br\/site\/wp-json\/wp\/v2\/categories?post=13426"},{"taxonomy":"post_tag","embeddable":true,"href":"https:\/\/abrelivros.org.br\/site\/wp-json\/wp\/v2\/tags?post=13426"}],"curies":[{"name":"wp","href":"https:\/\/api.w.org\/{rel}","templated":true}]}}